{"id":6273,"date":"2011-03-11T12:30:24","date_gmt":"2011-03-11T15:30:24","guid":{"rendered":"http:\/\/www.agrund.com\/blogs\/notas\/?p=6273"},"modified":"2011-03-11T12:30:24","modified_gmt":"2011-03-11T15:30:24","slug":"paco-rabanne","status":"publish","type":"post","link":"https:\/\/agrund.com\/index.php\/paco-rabanne\/","title":{"rendered":"Paco Rabanne"},"content":{"rendered":"<p>J\u00e1 fazem 5 anos desde que Paco Rabanne parou de criar suas cole\u00e7\u00f5es e deixou a marca que levava seu nome. E essa edi\u00e7\u00e3o de Paris Fashion Week marca o retorno da casa para a ind\u00fastria fashion sob comando do designer indiano Manish Arora, que ser\u00e1 o cabe\u00e7a de todas as cole\u00e7\u00f5es. Para seu ressurgimento foi apresentada na Fran\u00e7a uma reedi\u00e7\u00e3o da sua ic\u00f3nica bolsa <em>le69pacorabanne<\/em>, j\u00e1 que n\u00e3o houve nenhum desfile.<\/p>\n<p>Esse retorno est\u00e1 marcado com a colabora\u00e7\u00e3o da grife japonesa Comme des Gar\u00e7ons e do designer brit\u00e2nico Judy Blame. Recriaram uma bolsa em novas cores e materiais deixando com um aspecto quase que totalmente diferente da original. Gostaram?<\/p>\n<p style=\"text-align: center\">\n<div id=\"attachment_6274\" style=\"width: 477px\" class=\"wp-caption aligncenter\"><img aria-describedby=\"caption-attachment-6274\" decoding=\"async\" loading=\"lazy\" class=\"size-full wp-image-6274  \" src=\"https:\/\/i0.wp.com\/www.agrund.com\/arquivo\/notas\/files\/2011\/03\/p.jpg?resize=467%2C583\" alt=\"\" width=\"467\" height=\"583\" data-recalc-dims=\"1\" \/><p id=\"caption-attachment-6274\" class=\"wp-caption-text\">Original<\/p><\/div>\n<div id=\"attachment_6275\" style=\"width: 477px\" class=\"wp-caption aligncenter\"><img aria-describedby=\"caption-attachment-6275\" decoding=\"async\" loading=\"lazy\" class=\"size-full wp-image-6275 \" src=\"https:\/\/i0.wp.com\/www.agrund.com\/arquivo\/notas\/files\/2011\/03\/Comme-Des-Garcons.jpg?resize=467%2C691\" alt=\"\" width=\"467\" height=\"691\" data-recalc-dims=\"1\" \/><p id=\"caption-attachment-6275\" class=\"wp-caption-text\">Paco Rabanne e Comme Des Gar\u00e7ons<\/p><\/div>\n<div id=\"attachment_6276\" style=\"width: 477px\" class=\"wp-caption aligncenter\"><img aria-describedby=\"caption-attachment-6276\" decoding=\"async\" loading=\"lazy\" class=\"size-full wp-image-6276\" src=\"https:\/\/i0.wp.com\/www.agrund.com\/arquivo\/notas\/files\/2011\/03\/Judy-BlameJudy-Blame.jpg?resize=467%2C691\" alt=\"\" width=\"467\" height=\"691\" data-recalc-dims=\"1\" \/><p id=\"caption-attachment-6276\" class=\"wp-caption-text\">Paco Rabanne e Judy Blame<\/p><\/div>\n","protected":false},"excerpt":{"rendered":"<p>J\u00e1 fazem 5 anos desde que Paco Rabanne parou de criar suas cole\u00e7\u00f5es e deixou a marca que levava seu nome. E essa edi\u00e7\u00e3o de Paris Fashion Week marca o retorno da casa para a ind\u00fastria fashion sob comando do designer indiano Manish Arora, que ser\u00e1 o cabe\u00e7a de todas as cole\u00e7\u00f5es. Para seu ressurgimento [&hellip;]<\/p>\n","protected":false},"author":8,"featured_media":6274,"comment_status":"open","ping_status":"open","sticky":false,"template":"","format":"standard","meta":{"jetpack_post_was_ever_published":false,"_jetpack_newsletter_access":"","jetpack_publicize_message":"","jetpack_is_tweetstorm":false,"jetpack_publicize_feature_enabled":true,"jetpack_social_post_already_shared":false,"jetpack_social_options":{"image_generator_settings":{"template":"highway","enabled":false}}},"categories":[2],"tags":[],"jetpack_publicize_connections":[],"jetpack_featured_media_url":"","jetpack_sharing_enabled":true,"jetpack_shortlink":"https:\/\/wp.me\/p3Hz0n-1Db","jetpack_likes_enabled":true,"_links":{"self":[{"href":"https:\/\/agrund.com\/index.php\/wp-json\/wp\/v2\/posts\/6273"}],"collection":[{"href":"https:\/\/agrund.com\/index.php\/wp-json\/wp\/v2\/posts"}],"about":[{"href":"https:\/\/agrund.com\/index.php\/wp-json\/wp\/v2\/types\/post"}],"author":[{"embeddable":true,"href":"https:\/\/agrund.com\/index.php\/wp-json\/wp\/v2\/users\/8"}],"replies":[{"embeddable":true,"href":"https:\/\/agrund.com\/index.php\/wp-json\/wp\/v2\/comments?post=6273"}],"version-history":[{"count":0,"href":"https:\/\/agrund.com\/index.php\/wp-json\/wp\/v2\/posts\/6273\/revisions"}],"wp:featuredmedia":[{"embeddable":true,"href":"https:\/\/agrund.com\/index.php\/wp-json\/"}],"wp:attachment":[{"href":"https:\/\/agrund.com\/index.php\/wp-json\/wp\/v2\/media?parent=6273"}],"wp:term":[{"taxonomy":"category","embeddable":true,"href":"https:\/\/agrund.com\/index.php\/wp-json\/wp\/v2\/categories?post=6273"},{"taxonomy":"post_tag","embeddable":true,"href":"https:\/\/agrund.com\/index.php\/wp-json\/wp\/v2\/tags?post=6273"}],"curies":[{"name":"wp","href":"https:\/\/api.w.org\/{rel}","templated":true}]}}