{"id":62722,"date":"2013-02-25T12:00:20","date_gmt":"2013-02-25T13:00:20","guid":{"rendered":"http:\/\/www.agrund.com\/?p=62722"},"modified":"2013-02-25T12:00:20","modified_gmt":"2013-02-25T13:00:20","slug":"adam-levine-lancara-linha-de-roupas","status":"publish","type":"post","link":"https:\/\/agrund.com\/index.php\/adam-levine-lancara-linha-de-roupas\/","title":{"rendered":"Adam Levine lan\u00e7ara linha de roupas"},"content":{"rendered":"<p>Depois de anunciar sua linha de fragr\u00e2ncias, agora Adam Levine, vocalista do Maroon 5, ir\u00e1 lan\u00e7ar sua primeira cole\u00e7\u00e3o de roupas. A cole\u00e7\u00e3o ser\u00e1 uma parceria do cantor com as lojas americanas Kmart e se chamar\u00e1 222 by Adam Levine. Em declara\u00e7\u00e3o, o cantor resumiu sua linha dizendo que as pe\u00e7as refletem seu pr\u00f3prio estilo, ou seja, um casual que n\u00e3o aparente muito esfor\u00e7o. Vamos aguardar!<\/p>\n<div id=\"attachment_62726\" style=\"width: 485px\" class=\"wp-caption aligncenter\"><a href=\"https:\/\/i0.wp.com\/www.agrund.com\/wp-content\/uploads\/2013\/02\/adam-levine-lancara-linha-de-roupas.jpg\"><img aria-describedby=\"caption-attachment-62726\" decoding=\"async\" loading=\"lazy\" class=\" wp-image-62726 \" alt=\"Adam Levine lan\u00e7ara linha de roupas\" src=\"https:\/\/i0.wp.com\/www.agrund.com\/wp-content\/uploads\/2013\/02\/adam-levine-lancara-linha-de-roupas.jpg?resize=475%2C330\" width=\"475\" height=\"330\" data-recalc-dims=\"1\" \/><\/a><p id=\"caption-attachment-62726\" class=\"wp-caption-text\">Adam Levine lan\u00e7ara linha de roupas<\/p><\/div>\n<p>Imagem: Reprodu\u00e7\u00e3o.<\/p>\n","protected":false},"excerpt":{"rendered":"<p>Depois de anunciar sua linha de fragr\u00e2ncias, agora Adam Levine, vocalista do Maroon 5, ir\u00e1 lan\u00e7ar sua primeira cole\u00e7\u00e3o de roupas. A cole\u00e7\u00e3o ser\u00e1 uma parceria do cantor com as lojas americanas Kmart e se chamar\u00e1 222 by Adam Levine. Em declara\u00e7\u00e3o, o cantor resumiu sua linha dizendo que as pe\u00e7as refletem seu pr\u00f3prio estilo, [&hellip;]<\/p>\n","protected":false},"author":8,"featured_media":62727,"comment_status":"open","ping_status":"open","sticky":false,"template":"","format":"standard","meta":{"jetpack_post_was_ever_published":false,"_jetpack_newsletter_access":"","jetpack_publicize_message":"","jetpack_is_tweetstorm":false,"jetpack_publicize_feature_enabled":true,"jetpack_social_post_already_shared":false,"jetpack_social_options":{"image_generator_settings":{"template":"highway","enabled":false}}},"categories":[6],"tags":[],"jetpack_publicize_connections":[],"jetpack_featured_media_url":"","jetpack_sharing_enabled":true,"jetpack_shortlink":"https:\/\/wp.me\/p3Hz0n-gjE","jetpack_likes_enabled":true,"_links":{"self":[{"href":"https:\/\/agrund.com\/index.php\/wp-json\/wp\/v2\/posts\/62722"}],"collection":[{"href":"https:\/\/agrund.com\/index.php\/wp-json\/wp\/v2\/posts"}],"about":[{"href":"https:\/\/agrund.com\/index.php\/wp-json\/wp\/v2\/types\/post"}],"author":[{"embeddable":true,"href":"https:\/\/agrund.com\/index.php\/wp-json\/wp\/v2\/users\/8"}],"replies":[{"embeddable":true,"href":"https:\/\/agrund.com\/index.php\/wp-json\/wp\/v2\/comments?post=62722"}],"version-history":[{"count":0,"href":"https:\/\/agrund.com\/index.php\/wp-json\/wp\/v2\/posts\/62722\/revisions"}],"wp:featuredmedia":[{"embeddable":true,"href":"https:\/\/agrund.com\/index.php\/wp-json\/"}],"wp:attachment":[{"href":"https:\/\/agrund.com\/index.php\/wp-json\/wp\/v2\/media?parent=62722"}],"wp:term":[{"taxonomy":"category","embeddable":true,"href":"https:\/\/agrund.com\/index.php\/wp-json\/wp\/v2\/categories?post=62722"},{"taxonomy":"post_tag","embeddable":true,"href":"https:\/\/agrund.com\/index.php\/wp-json\/wp\/v2\/tags?post=62722"}],"curies":[{"name":"wp","href":"https:\/\/api.w.org\/{rel}","templated":true}]}}