{"id":62675,"date":"2013-02-25T10:00:21","date_gmt":"2013-02-25T11:00:21","guid":{"rendered":"http:\/\/www.agrund.com\/?p=62675"},"modified":"2013-02-25T10:00:21","modified_gmt":"2013-02-25T11:00:21","slug":"foxton-fotografa-campanha-com-o-top-rhuan-favoretto","status":"publish","type":"post","link":"https:\/\/agrund.com\/index.php\/foxton-fotografa-campanha-com-o-top-rhuan-favoretto\/","title":{"rendered":"Foxton fotografa campanha com o top Rhuan Favoretto"},"content":{"rendered":"<p>O modelo brasileiro Rhuan Favoretto, que desfilou com exclusividade pela Givenchy na \u00faltima Semana de Moda de Paris, \u00e9 a estrela da campanha de Inverno 2013 da Foxton. O tema da cole\u00e7\u00e3o &#8220;Rio Pelo Mundo&#8221;, que traz o carioca como inspira\u00e7\u00e3o, teve styling de Bebel Moraes e fotos de Daniel Mattar. Veja:<\/p>\n<p><a href=\"https:\/\/i0.wp.com\/www.agrund.com\/wp-content\/uploads\/2013\/02\/foxton-fotografa-campanha-com-o-top-rhuan-favoretto-1.jpg\"><img decoding=\"async\" loading=\"lazy\" class=\"aligncenter size-full wp-image-62676\" alt=\"foxton-fotografa-campanha-com-o-top-rhuan-favoretto (1)\" src=\"https:\/\/i0.wp.com\/www.agrund.com\/wp-content\/uploads\/2013\/02\/foxton-fotografa-campanha-com-o-top-rhuan-favoretto-1.jpg?resize=500%2C423\" width=\"500\" height=\"423\" data-recalc-dims=\"1\" \/><\/a> <a href=\"https:\/\/i0.wp.com\/www.agrund.com\/wp-content\/uploads\/2013\/02\/foxton-fotografa-campanha-com-o-top-rhuan-favoretto-2.jpg\"><img decoding=\"async\" loading=\"lazy\" class=\"aligncenter size-full wp-image-62677\" alt=\"foxton-fotografa-campanha-com-o-top-rhuan-favoretto (2)\" src=\"https:\/\/i0.wp.com\/www.agrund.com\/wp-content\/uploads\/2013\/02\/foxton-fotografa-campanha-com-o-top-rhuan-favoretto-2.jpg?resize=500%2C333\" width=\"500\" height=\"333\" data-recalc-dims=\"1\" \/><\/a> <a href=\"https:\/\/i0.wp.com\/www.agrund.com\/wp-content\/uploads\/2013\/02\/foxton-fotografa-campanha-com-o-top-rhuan-favoretto-3.jpg\"><img decoding=\"async\" loading=\"lazy\" class=\"aligncenter size-full wp-image-62678\" alt=\"foxton-fotografa-campanha-com-o-top-rhuan-favoretto (3)\" src=\"https:\/\/i0.wp.com\/www.agrund.com\/wp-content\/uploads\/2013\/02\/foxton-fotografa-campanha-com-o-top-rhuan-favoretto-3.jpg?resize=500%2C333\" width=\"500\" height=\"333\" data-recalc-dims=\"1\" \/><\/a> <a href=\"https:\/\/i0.wp.com\/www.agrund.com\/wp-content\/uploads\/2013\/02\/foxton-fotografa-campanha-com-o-top-rhuan-favoretto-4.jpg\"><img decoding=\"async\" loading=\"lazy\" class=\"aligncenter size-full wp-image-62679\" alt=\"foxton-fotografa-campanha-com-o-top-rhuan-favoretto (4)\" src=\"https:\/\/i0.wp.com\/www.agrund.com\/wp-content\/uploads\/2013\/02\/foxton-fotografa-campanha-com-o-top-rhuan-favoretto-4.jpg?resize=500%2C333\" width=\"500\" height=\"333\" data-recalc-dims=\"1\" \/><\/a><\/p>\n<div id=\"attachment_62680\" style=\"width: 510px\" class=\"wp-caption aligncenter\"><a href=\"https:\/\/i0.wp.com\/www.agrund.com\/wp-content\/uploads\/2013\/02\/foxton-fotografa-campanha-com-o-top-rhuan-favoretto-5.jpg\"><img aria-describedby=\"caption-attachment-62680\" decoding=\"async\" loading=\"lazy\" class=\"size-full wp-image-62680\" alt=\"Foxton fotografa campanha com o top Rhuan Favoretto\" src=\"https:\/\/i0.wp.com\/www.agrund.com\/wp-content\/uploads\/2013\/02\/foxton-fotografa-campanha-com-o-top-rhuan-favoretto-5.jpg?resize=500%2C333\" width=\"500\" height=\"333\" data-recalc-dims=\"1\" \/><\/a><p id=\"caption-attachment-62680\" class=\"wp-caption-text\">Foxton fotografa campanha com o top Rhuan Favoretto<\/p><\/div>\n<p>Imagens: Gabriel Moraes.<\/p>\n","protected":false},"excerpt":{"rendered":"<p>O modelo brasileiro Rhuan Favoretto, que desfilou com exclusividade pela Givenchy na \u00faltima Semana de Moda de Paris, \u00e9 a estrela da campanha de Inverno 2013 da Foxton. O tema da cole\u00e7\u00e3o &#8220;Rio Pelo Mundo&#8221;, que traz o carioca como inspira\u00e7\u00e3o, teve styling de Bebel Moraes e fotos de Daniel Mattar. Veja: Imagens: Gabriel Moraes.<\/p>\n","protected":false},"author":8,"featured_media":62682,"comment_status":"open","ping_status":"open","sticky":false,"template":"","format":"standard","meta":{"jetpack_post_was_ever_published":false,"_jetpack_newsletter_access":"","jetpack_publicize_message":"","jetpack_is_tweetstorm":false,"jetpack_publicize_feature_enabled":true,"jetpack_social_post_already_shared":false,"jetpack_social_options":{"image_generator_settings":{"template":"highway","enabled":false}}},"categories":[6],"tags":[],"jetpack_publicize_connections":[],"jetpack_featured_media_url":"","jetpack_sharing_enabled":true,"jetpack_shortlink":"https:\/\/wp.me\/p3Hz0n-giT","jetpack_likes_enabled":true,"_links":{"self":[{"href":"https:\/\/agrund.com\/index.php\/wp-json\/wp\/v2\/posts\/62675"}],"collection":[{"href":"https:\/\/agrund.com\/index.php\/wp-json\/wp\/v2\/posts"}],"about":[{"href":"https:\/\/agrund.com\/index.php\/wp-json\/wp\/v2\/types\/post"}],"author":[{"embeddable":true,"href":"https:\/\/agrund.com\/index.php\/wp-json\/wp\/v2\/users\/8"}],"replies":[{"embeddable":true,"href":"https:\/\/agrund.com\/index.php\/wp-json\/wp\/v2\/comments?post=62675"}],"version-history":[{"count":0,"href":"https:\/\/agrund.com\/index.php\/wp-json\/wp\/v2\/posts\/62675\/revisions"}],"wp:featuredmedia":[{"embeddable":true,"href":"https:\/\/agrund.com\/index.php\/wp-json\/"}],"wp:attachment":[{"href":"https:\/\/agrund.com\/index.php\/wp-json\/wp\/v2\/media?parent=62675"}],"wp:term":[{"taxonomy":"category","embeddable":true,"href":"https:\/\/agrund.com\/index.php\/wp-json\/wp\/v2\/categories?post=62675"},{"taxonomy":"post_tag","embeddable":true,"href":"https:\/\/agrund.com\/index.php\/wp-json\/wp\/v2\/tags?post=62675"}],"curies":[{"name":"wp","href":"https:\/\/api.w.org\/{rel}","templated":true}]}}