{"id":6222,"date":"2011-05-12T16:13:39","date_gmt":"2011-05-12T16:13:39","guid":{"rendered":"http:\/\/www.agrund.com\/blogs\/desfiles\/?p=6222"},"modified":"2011-05-12T16:13:39","modified_gmt":"2011-05-12T16:13:39","slug":"mtp-claudia-arbex-2","status":"publish","type":"post","link":"https:\/\/agrund.com\/index.php\/mtp-claudia-arbex-2\/","title":{"rendered":"MTP :: CLAUDIA ARBEX"},"content":{"rendered":"<div>\n<div>Por <a href=\"www.fwlovers.com\">Alice Lopes <\/a><\/div>\n<\/div>\n<div>Fotos <a href=\"www.gusluz.com.br\">Gustavo Luz<\/a><\/div>\n<div><span style=\"font-size: small\">\u00c9  dif\u00edcil esquecer as modelos pintadas de preto do ano passado&#8230; Mas este  ano, Claudia Arbex tamb\u00e9m inovou: apostou em looks num tom bem  clarinho, fundindo com a pele e ressaltando as bijus, que muitas vezes  se transformavam em pe\u00e7as do guarda-roupa feminino e ganhavam correntes,  balanceando com o peso das \u201cmini\u201d pedrarias. As pe\u00e7as como sempre,  revelam um trabalho minucioso e com certeza muito aut\u00eantico.<\/span><\/div>\n<div><span style=\"font-size: small\"><img decoding=\"async\" loading=\"lazy\" class=\"aligncenter size-full wp-image-9711\" src=\"https:\/\/i0.wp.com\/www.agrund.com\/arquivo\/notas\/files\/2011\/05\/ClaudiaArbex_GusLuz-1.jpg?resize=393%2C263\" alt=\"\" width=\"393\" height=\"263\" data-recalc-dims=\"1\" \/><\/span><\/div>\n<div><span style=\"font-size: small\"><img decoding=\"async\" loading=\"lazy\" class=\"aligncenter size-full wp-image-9712\" src=\"https:\/\/i0.wp.com\/www.agrund.com\/arquivo\/notas\/files\/2011\/05\/ClaudiaArbex_GusLuz-2.jpg?resize=411%2C614\" alt=\"\" width=\"411\" height=\"614\" data-recalc-dims=\"1\" \/><\/span><\/div>\n<div><span style=\"font-size: small\"><img decoding=\"async\" loading=\"lazy\" class=\"aligncenter size-full wp-image-9713\" src=\"https:\/\/i0.wp.com\/www.agrund.com\/arquivo\/notas\/files\/2011\/05\/ClaudiaArbex_GusLuz-3.jpg?resize=411%2C614\" alt=\"\" width=\"411\" height=\"614\" data-recalc-dims=\"1\" \/><\/span><\/div>\n<div><span style=\"font-size: small\"><br \/>\n<\/span><\/div>\n","protected":false},"excerpt":{"rendered":"<p>Por Alice Lopes Fotos Gustavo Luz \u00c9 dif\u00edcil esquecer as modelos pintadas de preto do ano passado&#8230; Mas este ano, Claudia Arbex tamb\u00e9m inovou: apostou em looks num tom bem clarinho, fundindo com a pele e ressaltando as bijus, que muitas vezes se transformavam em pe\u00e7as do guarda-roupa feminino e ganhavam correntes, balanceando com o [&hellip;]<\/p>\n","protected":false},"author":8,"featured_media":9711,"comment_status":"open","ping_status":"open","sticky":false,"template":"","format":"standard","meta":{"jetpack_post_was_ever_published":false,"_jetpack_newsletter_access":"","jetpack_publicize_message":"","jetpack_is_tweetstorm":false,"jetpack_publicize_feature_enabled":true,"jetpack_social_post_already_shared":false,"jetpack_social_options":{"image_generator_settings":{"template":"highway","enabled":false}}},"categories":[9],"tags":[115,77],"jetpack_publicize_connections":[],"jetpack_featured_media_url":"","jetpack_sharing_enabled":true,"jetpack_shortlink":"https:\/\/wp.me\/p3Hz0n-1Cm","jetpack_likes_enabled":true,"_links":{"self":[{"href":"https:\/\/agrund.com\/index.php\/wp-json\/wp\/v2\/posts\/6222"}],"collection":[{"href":"https:\/\/agrund.com\/index.php\/wp-json\/wp\/v2\/posts"}],"about":[{"href":"https:\/\/agrund.com\/index.php\/wp-json\/wp\/v2\/types\/post"}],"author":[{"embeddable":true,"href":"https:\/\/agrund.com\/index.php\/wp-json\/wp\/v2\/users\/8"}],"replies":[{"embeddable":true,"href":"https:\/\/agrund.com\/index.php\/wp-json\/wp\/v2\/comments?post=6222"}],"version-history":[{"count":0,"href":"https:\/\/agrund.com\/index.php\/wp-json\/wp\/v2\/posts\/6222\/revisions"}],"wp:featuredmedia":[{"embeddable":true,"href":"https:\/\/agrund.com\/index.php\/wp-json\/"}],"wp:attachment":[{"href":"https:\/\/agrund.com\/index.php\/wp-json\/wp\/v2\/media?parent=6222"}],"wp:term":[{"taxonomy":"category","embeddable":true,"href":"https:\/\/agrund.com\/index.php\/wp-json\/wp\/v2\/categories?post=6222"},{"taxonomy":"post_tag","embeddable":true,"href":"https:\/\/agrund.com\/index.php\/wp-json\/wp\/v2\/tags?post=6222"}],"curies":[{"name":"wp","href":"https:\/\/api.w.org\/{rel}","templated":true}]}}