{"id":6218,"date":"2011-05-12T16:11:39","date_gmt":"2011-05-12T16:11:39","guid":{"rendered":"http:\/\/www.agrund.com\/blogs\/desfiles\/?p=6218"},"modified":"2011-05-12T16:11:39","modified_gmt":"2011-05-12T16:11:39","slug":"mtp-dta-2","status":"publish","type":"post","link":"https:\/\/agrund.com\/index.php\/mtp-dta-2\/","title":{"rendered":"MTP :: DTA"},"content":{"rendered":"<div>\n<div>\n<div><span style=\"font-size: small\">Por <a href=\"www.fwlovers.com \">Alice Lopes <\/a><\/span><\/div>\n<div><span style=\"font-size: small\">Fotos <a href=\"www.gusluz.com.br\">Gustavo Luz<\/a><\/span><\/div>\n<div><span style=\"font-size: small\"><br \/>\n<\/span><\/div>\n<\/div>\n<p><span style=\"font-family: Times New Roman;font-size: small\">O desfile da DTA abriu a  noite com chave de ouro. A atriz Thayla Ayala entra com um vestido mais  estruturado e na sequ\u00eancia, looks jeans contracenavam com cores fortes e  vibrantes. Al\u00e9m de muitos acess\u00f3rios, \u00e9 claro. Outro ponto forte foram  as cal\u00e7as Chino, que s\u00e3o as cal\u00e7as com um shape ora skinny, ora reto, por\u00e9m dobradas. Super hit na temporada de ver\u00e3o!<\/span><\/p>\n<p><span style=\"font-family: Times New Roman;font-size: small\">Vale ressaltar ainda a modelagem ampla: saias, vestidos e macac\u00f5es de tecidos leves. Tudo para enfrentar as altas temperaturas do ver\u00e3o. O jeans rasgado tamb\u00e9m marcou presen\u00e7a na maioria dos looks.<br \/>\n<\/span><\/p>\n<\/div>\n<div>\n<p style=\"text-align: center\"><img decoding=\"async\" loading=\"lazy\" class=\"aligncenter size-full wp-image-9700\" src=\"https:\/\/i0.wp.com\/www.agrund.com\/arquivo\/notas\/files\/2011\/05\/DTA_GusLuz-1.jpg?resize=431%2C645\" alt=\"\" width=\"431\" height=\"645\" data-recalc-dims=\"1\" \/><\/p>\n<p style=\"text-align: center\"><img decoding=\"async\" loading=\"lazy\" class=\"aligncenter size-full wp-image-9701\" src=\"https:\/\/i0.wp.com\/www.agrund.com\/arquivo\/notas\/files\/2011\/05\/DTA_GusLuz-2.jpg?resize=431%2C645\" alt=\"\" width=\"431\" height=\"645\" data-recalc-dims=\"1\" \/><\/p>\n<p style=\"text-align: center\"><img decoding=\"async\" loading=\"lazy\" class=\"aligncenter size-full wp-image-9702\" src=\"https:\/\/i0.wp.com\/www.agrund.com\/arquivo\/notas\/files\/2011\/05\/DTA_GusLuz-3.jpg?resize=411%2C614\" alt=\"\" width=\"411\" height=\"614\" data-recalc-dims=\"1\" \/><\/p>\n<p style=\"text-align: center\"><img decoding=\"async\" loading=\"lazy\" class=\"aligncenter size-full wp-image-9703\" src=\"https:\/\/i0.wp.com\/www.agrund.com\/arquivo\/notas\/files\/2011\/05\/DTA_GusLuz-5.jpg?resize=411%2C614\" alt=\"\" width=\"411\" height=\"614\" data-recalc-dims=\"1\" \/><\/p>\n<p style=\"text-align: center\"><img decoding=\"async\" loading=\"lazy\" class=\"aligncenter size-full wp-image-9705\" src=\"https:\/\/i0.wp.com\/www.agrund.com\/arquivo\/notas\/files\/2011\/05\/DTA_GusLuz-8.jpg?resize=411%2C614\" alt=\"\" width=\"411\" height=\"614\" data-recalc-dims=\"1\" \/><\/p>\n<\/div>\n","protected":false},"excerpt":{"rendered":"<p>Por Alice Lopes Fotos Gustavo Luz O desfile da DTA abriu a noite com chave de ouro. A atriz Thayla Ayala entra com um vestido mais estruturado e na sequ\u00eancia, looks jeans contracenavam com cores fortes e vibrantes. Al\u00e9m de muitos acess\u00f3rios, \u00e9 claro. Outro ponto forte foram as cal\u00e7as Chino, que s\u00e3o as cal\u00e7as [&hellip;]<\/p>\n","protected":false},"author":8,"featured_media":9700,"comment_status":"open","ping_status":"open","sticky":false,"template":"","format":"standard","meta":{"jetpack_post_was_ever_published":false,"_jetpack_newsletter_access":"","jetpack_publicize_message":"","jetpack_is_tweetstorm":false,"jetpack_publicize_feature_enabled":true,"jetpack_social_post_already_shared":false,"jetpack_social_options":{"image_generator_settings":{"template":"highway","enabled":false}}},"categories":[9],"tags":[114,77],"jetpack_publicize_connections":[],"jetpack_featured_media_url":"","jetpack_sharing_enabled":true,"jetpack_shortlink":"https:\/\/wp.me\/p3Hz0n-1Ci","jetpack_likes_enabled":true,"_links":{"self":[{"href":"https:\/\/agrund.com\/index.php\/wp-json\/wp\/v2\/posts\/6218"}],"collection":[{"href":"https:\/\/agrund.com\/index.php\/wp-json\/wp\/v2\/posts"}],"about":[{"href":"https:\/\/agrund.com\/index.php\/wp-json\/wp\/v2\/types\/post"}],"author":[{"embeddable":true,"href":"https:\/\/agrund.com\/index.php\/wp-json\/wp\/v2\/users\/8"}],"replies":[{"embeddable":true,"href":"https:\/\/agrund.com\/index.php\/wp-json\/wp\/v2\/comments?post=6218"}],"version-history":[{"count":0,"href":"https:\/\/agrund.com\/index.php\/wp-json\/wp\/v2\/posts\/6218\/revisions"}],"wp:featuredmedia":[{"embeddable":true,"href":"https:\/\/agrund.com\/index.php\/wp-json\/"}],"wp:attachment":[{"href":"https:\/\/agrund.com\/index.php\/wp-json\/wp\/v2\/media?parent=6218"}],"wp:term":[{"taxonomy":"category","embeddable":true,"href":"https:\/\/agrund.com\/index.php\/wp-json\/wp\/v2\/categories?post=6218"},{"taxonomy":"post_tag","embeddable":true,"href":"https:\/\/agrund.com\/index.php\/wp-json\/wp\/v2\/tags?post=6218"}],"curies":[{"name":"wp","href":"https:\/\/api.w.org\/{rel}","templated":true}]}}