{"id":6210,"date":"2011-03-10T10:00:54","date_gmt":"2011-03-10T13:00:54","guid":{"rendered":"http:\/\/www.agrund.com\/blogs\/notas\/?p=6210"},"modified":"2011-03-10T10:00:54","modified_gmt":"2011-03-10T13:00:54","slug":"jaquetas-direto-de-paris","status":"publish","type":"post","link":"https:\/\/agrund.com\/index.php\/jaquetas-direto-de-paris\/","title":{"rendered":"Jaquetas direto de Paris"},"content":{"rendered":"<p>Como j\u00e1 vimos e<a href=\"http:\/\/www.agrund.com\/as-jaquetas-roubam-a-cena\/\"> falamos aqui <\/a>, as jaquetas al\u00e9m de invadir  as passarelas est\u00e3o aparecendo e muito nas ruas e principalmente nas  vitrines. A vers\u00e3o esportiva \u00e9 a mais vista por aqui. Em v\u00e1rios  materiais &#8211; do couro ao nylon, do tric\u00f4 a sarja, da bomber a perfecto&#8230;  Enfim, varia\u00e7\u00e3o \u00e9 o que n\u00e3o falta. Escolha a que melhor lhe cai bem e  monte seu look para arrasar. Inspire-se!<\/p>\n<p style=\"text-align: center\"><img decoding=\"async\" loading=\"lazy\" class=\"aligncenter size-full wp-image-6211\" src=\"https:\/\/i0.wp.com\/www.agrund.com\/arquivo\/notas\/files\/2011\/03\/08-MAR-2011-Paris-137.jpg?resize=480%2C640\" alt=\"\" width=\"480\" height=\"640\" data-recalc-dims=\"1\" \/><img decoding=\"async\" loading=\"lazy\" class=\"aligncenter size-large wp-image-6212\" src=\"https:\/\/i0.wp.com\/www.agrund.com\/arquivo\/notas\/files\/2011\/03\/Fotos-PAR-MAR-2011-1806-576x1024.jpg?resize=461%2C819\" alt=\"\" width=\"461\" height=\"819\" data-recalc-dims=\"1\" \/><\/p>\n<p style=\"text-align: center\"><img decoding=\"async\" loading=\"lazy\" class=\"aligncenter size-large wp-image-6214\" src=\"https:\/\/i0.wp.com\/www.agrund.com\/arquivo\/notas\/files\/2011\/03\/Fotos-PAR-MAR-2011-1808-1024x576.jpg?resize=430%2C242\" alt=\"\" width=\"430\" height=\"242\" data-recalc-dims=\"1\" \/><\/p>\n<p style=\"text-align: center\"><img decoding=\"async\" loading=\"lazy\" class=\"aligncenter size-large wp-image-6215\" src=\"https:\/\/i0.wp.com\/www.agrund.com\/arquivo\/notas\/files\/2011\/03\/Fotos-PAR-MAR-2011-1935-576x1024.jpg?resize=461%2C819\" alt=\"\" width=\"461\" height=\"819\" data-recalc-dims=\"1\" \/><\/p>\n","protected":false},"excerpt":{"rendered":"<p>Como j\u00e1 vimos e falamos aqui , as jaquetas al\u00e9m de invadir as passarelas est\u00e3o aparecendo e muito nas ruas e principalmente nas vitrines. A vers\u00e3o esportiva \u00e9 a mais vista por aqui. Em v\u00e1rios materiais &#8211; do couro ao nylon, do tric\u00f4 a sarja, da bomber a perfecto&#8230; Enfim, varia\u00e7\u00e3o \u00e9 o que n\u00e3o [&hellip;]<\/p>\n","protected":false},"author":8,"featured_media":6211,"comment_status":"open","ping_status":"open","sticky":false,"template":"","format":"standard","meta":{"jetpack_post_was_ever_published":false,"_jetpack_newsletter_access":"","jetpack_publicize_message":"","jetpack_is_tweetstorm":false,"jetpack_publicize_feature_enabled":true,"jetpack_social_post_already_shared":false,"jetpack_social_options":{"image_generator_settings":{"template":"highway","enabled":false}}},"categories":[2],"tags":[],"jetpack_publicize_connections":[],"jetpack_featured_media_url":"","jetpack_sharing_enabled":true,"jetpack_shortlink":"https:\/\/wp.me\/p3Hz0n-1Ca","jetpack_likes_enabled":true,"_links":{"self":[{"href":"https:\/\/agrund.com\/index.php\/wp-json\/wp\/v2\/posts\/6210"}],"collection":[{"href":"https:\/\/agrund.com\/index.php\/wp-json\/wp\/v2\/posts"}],"about":[{"href":"https:\/\/agrund.com\/index.php\/wp-json\/wp\/v2\/types\/post"}],"author":[{"embeddable":true,"href":"https:\/\/agrund.com\/index.php\/wp-json\/wp\/v2\/users\/8"}],"replies":[{"embeddable":true,"href":"https:\/\/agrund.com\/index.php\/wp-json\/wp\/v2\/comments?post=6210"}],"version-history":[{"count":0,"href":"https:\/\/agrund.com\/index.php\/wp-json\/wp\/v2\/posts\/6210\/revisions"}],"wp:featuredmedia":[{"embeddable":true,"href":"https:\/\/agrund.com\/index.php\/wp-json\/"}],"wp:attachment":[{"href":"https:\/\/agrund.com\/index.php\/wp-json\/wp\/v2\/media?parent=6210"}],"wp:term":[{"taxonomy":"category","embeddable":true,"href":"https:\/\/agrund.com\/index.php\/wp-json\/wp\/v2\/categories?post=6210"},{"taxonomy":"post_tag","embeddable":true,"href":"https:\/\/agrund.com\/index.php\/wp-json\/wp\/v2\/tags?post=6210"}],"curies":[{"name":"wp","href":"https:\/\/api.w.org\/{rel}","templated":true}]}}