{"id":61907,"date":"2013-02-18T21:30:29","date_gmt":"2013-02-19T00:30:29","guid":{"rendered":"http:\/\/www.agrund.com\/?p=61907"},"modified":"2013-02-18T21:30:29","modified_gmt":"2013-02-19T00:30:29","slug":"gant-divulga-seu-lookbook-verao-2013","status":"publish","type":"post","link":"https:\/\/agrund.com\/index.php\/gant-divulga-seu-lookbook-verao-2013\/","title":{"rendered":"GANT divulga seu lookbook Ver\u00e3o 2013"},"content":{"rendered":"<p>A GANT acaba de divulgar imagens de seu lookbook Primavera\/Ver\u00e3o 2013. Inspirada nas ilhas de Gal\u00e1pagos, que foi bastante estudada por Charles Darwin, a cole\u00e7\u00e3o traz pe\u00e7as para um homem explorador moderno, nunca deixando de ser us\u00e1veis. Cal\u00e7as cargo, cal\u00e7as coloridas, shorts e at\u00e9 tric\u00f4s est\u00e3o na cole\u00e7\u00e3o, tudo claro nas cores do ver\u00e3o como tons de azul, amarelo brilhante, laranja, turquesa, vermelho e verde. Confira:<\/p>\n<div id=\"attachment_61908\" style=\"width: 510px\" class=\"wp-caption aligncenter\"><a href=\"https:\/\/i0.wp.com\/www.agrund.com\/wp-content\/uploads\/2013\/02\/gant-divulga-seu-lookbook-verao-2013-1.jpg\"><img aria-describedby=\"caption-attachment-61908\" decoding=\"async\" loading=\"lazy\" class=\"size-full wp-image-61908\" alt=\"GANT divulga seu lookbook Ver\u00e3o 2013\" src=\"https:\/\/i0.wp.com\/www.agrund.com\/wp-content\/uploads\/2013\/02\/gant-divulga-seu-lookbook-verao-2013-1.jpg?resize=500%2C815\" width=\"500\" height=\"815\" data-recalc-dims=\"1\" \/><\/a><p id=\"caption-attachment-61908\" class=\"wp-caption-text\">GANT divulga seu lookbook Ver\u00e3o 2013<\/p><\/div>\n<div id=\"attachment_61909\" style=\"width: 510px\" class=\"wp-caption aligncenter\"><a href=\"https:\/\/i0.wp.com\/www.agrund.com\/wp-content\/uploads\/2013\/02\/gant-divulga-seu-lookbook-verao-2013-2.jpg\"><img aria-describedby=\"caption-attachment-61909\" decoding=\"async\" loading=\"lazy\" class=\"size-full wp-image-61909\" alt=\"GANT divulga seu lookbook Ver\u00e3o 2013\" src=\"https:\/\/i0.wp.com\/www.agrund.com\/wp-content\/uploads\/2013\/02\/gant-divulga-seu-lookbook-verao-2013-2.jpg?resize=500%2C815\" width=\"500\" height=\"815\" data-recalc-dims=\"1\" \/><\/a><p id=\"caption-attachment-61909\" class=\"wp-caption-text\">GANT divulga seu lookbook Ver\u00e3o 2013<\/p><\/div>\n<div id=\"attachment_61910\" style=\"width: 510px\" class=\"wp-caption aligncenter\"><a href=\"https:\/\/i0.wp.com\/www.agrund.com\/wp-content\/uploads\/2013\/02\/gant-divulga-seu-lookbook-verao-2013-3.jpg\"><img aria-describedby=\"caption-attachment-61910\" decoding=\"async\" loading=\"lazy\" class=\"size-full wp-image-61910\" alt=\"GANT divulga seu lookbook Ver\u00e3o 2013\" src=\"https:\/\/i0.wp.com\/www.agrund.com\/wp-content\/uploads\/2013\/02\/gant-divulga-seu-lookbook-verao-2013-3.jpg?resize=500%2C815\" width=\"500\" height=\"815\" data-recalc-dims=\"1\" \/><\/a><p id=\"caption-attachment-61910\" class=\"wp-caption-text\">GANT divulga seu lookbook Ver\u00e3o 2013<\/p><\/div>\n<div id=\"attachment_61911\" style=\"width: 510px\" class=\"wp-caption aligncenter\"><a href=\"https:\/\/i0.wp.com\/www.agrund.com\/wp-content\/uploads\/2013\/02\/gant-divulga-seu-lookbook-verao-2013-4.jpg\"><img aria-describedby=\"caption-attachment-61911\" decoding=\"async\" loading=\"lazy\" class=\"size-full wp-image-61911\" alt=\"GANT divulga seu lookbook Ver\u00e3o 2013\" src=\"https:\/\/i0.wp.com\/www.agrund.com\/wp-content\/uploads\/2013\/02\/gant-divulga-seu-lookbook-verao-2013-4.jpg?resize=500%2C815\" width=\"500\" height=\"815\" data-recalc-dims=\"1\" \/><\/a><p id=\"caption-attachment-61911\" class=\"wp-caption-text\">GANT divulga seu lookbook Ver\u00e3o 2013<\/p><\/div>\n<div id=\"attachment_61912\" style=\"width: 510px\" class=\"wp-caption aligncenter\"><a href=\"https:\/\/i0.wp.com\/www.agrund.com\/wp-content\/uploads\/2013\/02\/gant-divulga-seu-lookbook-verao-2013-5.jpg\"><img aria-describedby=\"caption-attachment-61912\" decoding=\"async\" loading=\"lazy\" class=\"size-full wp-image-61912\" alt=\"GANT divulga seu lookbook Ver\u00e3o 2013\" src=\"https:\/\/i0.wp.com\/www.agrund.com\/wp-content\/uploads\/2013\/02\/gant-divulga-seu-lookbook-verao-2013-5.jpg?resize=500%2C815\" width=\"500\" height=\"815\" data-recalc-dims=\"1\" \/><\/a><p id=\"caption-attachment-61912\" class=\"wp-caption-text\">GANT divulga seu lookbook Ver\u00e3o 2013<\/p><\/div>\n<div id=\"attachment_61913\" style=\"width: 510px\" class=\"wp-caption aligncenter\"><a href=\"https:\/\/i0.wp.com\/www.agrund.com\/wp-content\/uploads\/2013\/02\/gant-divulga-seu-lookbook-verao-2013-6.jpg\"><img aria-describedby=\"caption-attachment-61913\" decoding=\"async\" loading=\"lazy\" class=\"size-full wp-image-61913\" alt=\"GANT divulga seu lookbook Ver\u00e3o 2013\" src=\"https:\/\/i0.wp.com\/www.agrund.com\/wp-content\/uploads\/2013\/02\/gant-divulga-seu-lookbook-verao-2013-6.jpg?resize=500%2C815\" width=\"500\" height=\"815\" data-recalc-dims=\"1\" \/><\/a><p id=\"caption-attachment-61913\" class=\"wp-caption-text\">GANT divulga seu lookbook Ver\u00e3o 2013<\/p><\/div>\n<div id=\"attachment_61914\" style=\"width: 510px\" class=\"wp-caption aligncenter\"><a href=\"https:\/\/i0.wp.com\/www.agrund.com\/wp-content\/uploads\/2013\/02\/gant-divulga-seu-lookbook-verao-2013-7.jpg\"><img aria-describedby=\"caption-attachment-61914\" decoding=\"async\" loading=\"lazy\" class=\"size-full wp-image-61914\" alt=\"GANT divulga seu lookbook Ver\u00e3o 2013\" src=\"https:\/\/i0.wp.com\/www.agrund.com\/wp-content\/uploads\/2013\/02\/gant-divulga-seu-lookbook-verao-2013-7.jpg?resize=500%2C815\" width=\"500\" height=\"815\" data-recalc-dims=\"1\" \/><\/a><p id=\"caption-attachment-61914\" class=\"wp-caption-text\">GANT divulga seu lookbook Ver\u00e3o 2013<\/p><\/div>\n<div id=\"attachment_61915\" style=\"width: 510px\" class=\"wp-caption aligncenter\"><a href=\"https:\/\/i0.wp.com\/www.agrund.com\/wp-content\/uploads\/2013\/02\/gant-divulga-seu-lookbook-verao-2013-8.jpg\"><img aria-describedby=\"caption-attachment-61915\" decoding=\"async\" loading=\"lazy\" class=\"size-full wp-image-61915\" alt=\"GANT divulga seu lookbook Ver\u00e3o 2013\" src=\"https:\/\/i0.wp.com\/www.agrund.com\/wp-content\/uploads\/2013\/02\/gant-divulga-seu-lookbook-verao-2013-8.jpg?resize=500%2C815\" width=\"500\" height=\"815\" data-recalc-dims=\"1\" \/><\/a><p id=\"caption-attachment-61915\" class=\"wp-caption-text\">GANT divulga seu lookbook Ver\u00e3o 2013<\/p><\/div>\n<div id=\"attachment_61916\" style=\"width: 510px\" class=\"wp-caption aligncenter\"><a href=\"https:\/\/i0.wp.com\/www.agrund.com\/wp-content\/uploads\/2013\/02\/gant-divulga-seu-lookbook-verao-2013-9.jpg\"><img aria-describedby=\"caption-attachment-61916\" decoding=\"async\" loading=\"lazy\" class=\"size-full wp-image-61916\" alt=\"GANT divulga seu lookbook Ver\u00e3o 2013\" src=\"https:\/\/i0.wp.com\/www.agrund.com\/wp-content\/uploads\/2013\/02\/gant-divulga-seu-lookbook-verao-2013-9.jpg?resize=500%2C815\" width=\"500\" height=\"815\" data-recalc-dims=\"1\" \/><\/a><p id=\"caption-attachment-61916\" class=\"wp-caption-text\">GANT divulga seu lookbook Ver\u00e3o 2013<\/p><\/div>\n<p>Imagens: Reprodu\u00e7\u00e3o.<\/p>\n","protected":false},"excerpt":{"rendered":"<p>A GANT acaba de divulgar imagens de seu lookbook Primavera\/Ver\u00e3o 2013. Inspirada nas ilhas de Gal\u00e1pagos, que foi bastante estudada por Charles Darwin, a cole\u00e7\u00e3o traz pe\u00e7as para um homem explorador moderno, nunca deixando de ser us\u00e1veis. Cal\u00e7as cargo, cal\u00e7as coloridas, shorts e at\u00e9 tric\u00f4s est\u00e3o na cole\u00e7\u00e3o, tudo claro nas cores do ver\u00e3o como [&hellip;]<\/p>\n","protected":false},"author":8,"featured_media":61917,"comment_status":"open","ping_status":"open","sticky":false,"template":"","format":"standard","meta":{"jetpack_post_was_ever_published":false,"_jetpack_newsletter_access":"","jetpack_publicize_message":"","jetpack_is_tweetstorm":false,"jetpack_publicize_feature_enabled":true,"jetpack_social_post_already_shared":false,"jetpack_social_options":{"image_generator_settings":{"template":"highway","enabled":false}}},"categories":[6],"tags":[],"jetpack_publicize_connections":[],"jetpack_featured_media_url":"","jetpack_sharing_enabled":true,"jetpack_shortlink":"https:\/\/wp.me\/p3Hz0n-g6v","jetpack_likes_enabled":true,"_links":{"self":[{"href":"https:\/\/agrund.com\/index.php\/wp-json\/wp\/v2\/posts\/61907"}],"collection":[{"href":"https:\/\/agrund.com\/index.php\/wp-json\/wp\/v2\/posts"}],"about":[{"href":"https:\/\/agrund.com\/index.php\/wp-json\/wp\/v2\/types\/post"}],"author":[{"embeddable":true,"href":"https:\/\/agrund.com\/index.php\/wp-json\/wp\/v2\/users\/8"}],"replies":[{"embeddable":true,"href":"https:\/\/agrund.com\/index.php\/wp-json\/wp\/v2\/comments?post=61907"}],"version-history":[{"count":0,"href":"https:\/\/agrund.com\/index.php\/wp-json\/wp\/v2\/posts\/61907\/revisions"}],"wp:featuredmedia":[{"embeddable":true,"href":"https:\/\/agrund.com\/index.php\/wp-json\/"}],"wp:attachment":[{"href":"https:\/\/agrund.com\/index.php\/wp-json\/wp\/v2\/media?parent=61907"}],"wp:term":[{"taxonomy":"category","embeddable":true,"href":"https:\/\/agrund.com\/index.php\/wp-json\/wp\/v2\/categories?post=61907"},{"taxonomy":"post_tag","embeddable":true,"href":"https:\/\/agrund.com\/index.php\/wp-json\/wp\/v2\/tags?post=61907"}],"curies":[{"name":"wp","href":"https:\/\/api.w.org\/{rel}","templated":true}]}}