{"id":61799,"date":"2013-02-18T18:00:04","date_gmt":"2013-02-18T21:00:04","guid":{"rendered":"http:\/\/www.agrund.com\/?p=61799"},"modified":"2013-02-18T18:00:04","modified_gmt":"2013-02-18T21:00:04","slug":"matthew-mcconaughey-lancara-linha-de-roupas","status":"publish","type":"post","link":"https:\/\/agrund.com\/index.php\/matthew-mcconaughey-lancara-linha-de-roupas\/","title":{"rendered":"Matthew McConaughey lan\u00e7ar\u00e1 linha de roupas"},"content":{"rendered":"<p>Matthew McConaughey anunciou que lan\u00e7ar\u00e1 sua primeira linha de roupas chamada JKL, nome que veio da associa\u00e7\u00e3o de caridade do astro, a Just Keep Livin Foundation. A linha, que ter\u00e1 pe\u00e7as sportswear e beachwear, foi criada para ser utilit\u00e1ria e fashion ao mesmo tempo. Dentre as pe\u00e7as est\u00e3o ,por exemplo, cal\u00e7as imperme\u00e1veis e produtos com prote\u00e7\u00e3o aos raios UV.<br \/>\nA linha chegar\u00e1 \u00e0s lojas Dillard&#8217;s no m\u00eas de mar\u00e7o. Vamos aguardar!<\/p>\n<div id=\"attachment_61800\" style=\"width: 522px\" class=\"wp-caption aligncenter\"><a href=\"https:\/\/i0.wp.com\/www.agrund.com\/wp-content\/uploads\/2013\/02\/matthew-mcconaughey-lancara-linha-de-roupas.jpg\"><img aria-describedby=\"caption-attachment-61800\" decoding=\"async\" loading=\"lazy\" class=\" wp-image-61800\" alt=\"matthew-mcconaughey-lancara-linha-de-roupas\" src=\"https:\/\/i0.wp.com\/www.agrund.com\/wp-content\/uploads\/2013\/02\/matthew-mcconaughey-lancara-linha-de-roupas.jpg?resize=512%2C288\" width=\"512\" height=\"288\" data-recalc-dims=\"1\" \/><\/a><p id=\"caption-attachment-61800\" class=\"wp-caption-text\">Matthew McConaughey lan\u00e7ar\u00e1 linha de roupas<\/p><\/div>\n<p>Imagem: Reprodu\u00e7\u00e3o.<\/p>\n","protected":false},"excerpt":{"rendered":"<p>Matthew McConaughey anunciou que lan\u00e7ar\u00e1 sua primeira linha de roupas chamada JKL, nome que veio da associa\u00e7\u00e3o de caridade do astro, a Just Keep Livin Foundation. A linha, que ter\u00e1 pe\u00e7as sportswear e beachwear, foi criada para ser utilit\u00e1ria e fashion ao mesmo tempo. Dentre as pe\u00e7as est\u00e3o ,por exemplo, cal\u00e7as imperme\u00e1veis e produtos com [&hellip;]<\/p>\n","protected":false},"author":8,"featured_media":61801,"comment_status":"open","ping_status":"open","sticky":false,"template":"","format":"standard","meta":{"jetpack_post_was_ever_published":false,"_jetpack_newsletter_access":"","jetpack_publicize_message":"","jetpack_is_tweetstorm":false,"jetpack_publicize_feature_enabled":true,"jetpack_social_post_already_shared":false,"jetpack_social_options":{"image_generator_settings":{"template":"highway","enabled":false}}},"categories":[6],"tags":[],"jetpack_publicize_connections":[],"jetpack_featured_media_url":"","jetpack_sharing_enabled":true,"jetpack_shortlink":"https:\/\/wp.me\/p3Hz0n-g4L","jetpack_likes_enabled":true,"_links":{"self":[{"href":"https:\/\/agrund.com\/index.php\/wp-json\/wp\/v2\/posts\/61799"}],"collection":[{"href":"https:\/\/agrund.com\/index.php\/wp-json\/wp\/v2\/posts"}],"about":[{"href":"https:\/\/agrund.com\/index.php\/wp-json\/wp\/v2\/types\/post"}],"author":[{"embeddable":true,"href":"https:\/\/agrund.com\/index.php\/wp-json\/wp\/v2\/users\/8"}],"replies":[{"embeddable":true,"href":"https:\/\/agrund.com\/index.php\/wp-json\/wp\/v2\/comments?post=61799"}],"version-history":[{"count":0,"href":"https:\/\/agrund.com\/index.php\/wp-json\/wp\/v2\/posts\/61799\/revisions"}],"wp:featuredmedia":[{"embeddable":true,"href":"https:\/\/agrund.com\/index.php\/wp-json\/"}],"wp:attachment":[{"href":"https:\/\/agrund.com\/index.php\/wp-json\/wp\/v2\/media?parent=61799"}],"wp:term":[{"taxonomy":"category","embeddable":true,"href":"https:\/\/agrund.com\/index.php\/wp-json\/wp\/v2\/categories?post=61799"},{"taxonomy":"post_tag","embeddable":true,"href":"https:\/\/agrund.com\/index.php\/wp-json\/wp\/v2\/tags?post=61799"}],"curies":[{"name":"wp","href":"https:\/\/api.w.org\/{rel}","templated":true}]}}