{"id":61702,"date":"2013-02-18T10:00:29","date_gmt":"2013-02-18T13:00:29","guid":{"rendered":"http:\/\/www.agrund.com\/?p=61702"},"modified":"2013-02-18T10:00:29","modified_gmt":"2013-02-18T13:00:29","slug":"louis-vuitton-5-anos-em-osaka","status":"publish","type":"post","link":"https:\/\/agrund.com\/index.php\/louis-vuitton-5-anos-em-osaka\/","title":{"rendered":"Louis Vuitton \u2013 5 anos em Osaka"},"content":{"rendered":"<p>Enquanto o Carnaval bombava aqui no Brasil, a marca francesa Louis Vuitton comemorava o quinto ano da loja masculina em Osaka, no Jap\u00e3o. E claro que uma festa fashion n\u00e3o poderia faltar. O diretor criativo para a linha masculina, Kim Jones, levou sua cole\u00e7\u00e3o Primavera \/ Ver\u00e3o 2013 para ser apresentada. E o tema n\u00e1utico \u00e9 o forte, como j\u00e1 comentamos aqui! Depois, uma grande festa cheia de surpresas culminando com a apresenta\u00e7\u00e3o da banda pop punk japonesa Shonen Knife. Confira aqui algumas imagens do evento e do desfile.<\/p>\n<p>&nbsp;<\/p>\n<div id=\"attachment_61706\" style=\"width: 460px\" class=\"wp-caption aligncenter\"><a href=\"https:\/\/i0.wp.com\/www.agrund.com\/wp-content\/uploads\/2013\/02\/louis-vuitton-5-anos-em-osaka-1.jpg\"><img aria-describedby=\"caption-attachment-61706\" decoding=\"async\" loading=\"lazy\" class=\"size-full wp-image-61706\" alt=\"Louis Vuitton \u2013 5 anos em Osaka\" src=\"https:\/\/i0.wp.com\/www.agrund.com\/wp-content\/uploads\/2013\/02\/louis-vuitton-5-anos-em-osaka-1.jpg?resize=450%2C394\" width=\"450\" height=\"394\" data-recalc-dims=\"1\" \/><\/a><p id=\"caption-attachment-61706\" class=\"wp-caption-text\">Louis Vuitton \u2013 5 anos em Osaka<\/p><\/div>\n<div id=\"attachment_61707\" style=\"width: 460px\" class=\"wp-caption aligncenter\"><a href=\"https:\/\/i0.wp.com\/www.agrund.com\/wp-content\/uploads\/2013\/02\/louis-vuitton-5-anos-em-osaka-2.jpg\"><img aria-describedby=\"caption-attachment-61707\" decoding=\"async\" loading=\"lazy\" class=\"size-full wp-image-61707\" alt=\"Louis Vuitton \u2013 5 anos em Osaka\" src=\"https:\/\/i0.wp.com\/www.agrund.com\/wp-content\/uploads\/2013\/02\/louis-vuitton-5-anos-em-osaka-2.jpg?resize=450%2C414\" width=\"450\" height=\"414\" data-recalc-dims=\"1\" \/><\/a><p id=\"caption-attachment-61707\" class=\"wp-caption-text\">Louis Vuitton \u2013 5 anos em Osaka<\/p><\/div>\n<div id=\"attachment_61708\" style=\"width: 460px\" class=\"wp-caption aligncenter\"><a href=\"https:\/\/i0.wp.com\/www.agrund.com\/wp-content\/uploads\/2013\/02\/louis-vuitton-5-anos-em-osaka-3.jpg\"><img aria-describedby=\"caption-attachment-61708\" decoding=\"async\" loading=\"lazy\" class=\"size-full wp-image-61708\" alt=\"Louis Vuitton \u2013 5 anos em Osaka\" src=\"https:\/\/i0.wp.com\/www.agrund.com\/wp-content\/uploads\/2013\/02\/louis-vuitton-5-anos-em-osaka-3.jpg?resize=450%2C300\" width=\"450\" height=\"300\" data-recalc-dims=\"1\" \/><\/a><p id=\"caption-attachment-61708\" class=\"wp-caption-text\">Louis Vuitton \u2013 5 anos em Osaka<\/p><\/div>\n<div id=\"attachment_61709\" style=\"width: 460px\" class=\"wp-caption aligncenter\"><a href=\"https:\/\/i0.wp.com\/www.agrund.com\/wp-content\/uploads\/2013\/02\/louis-vuitton-5-anos-em-osaka-4.jpg\"><img aria-describedby=\"caption-attachment-61709\" decoding=\"async\" loading=\"lazy\" class=\"size-full wp-image-61709\" alt=\"Louis Vuitton \u2013 5 anos em Osaka\" src=\"https:\/\/i0.wp.com\/www.agrund.com\/wp-content\/uploads\/2013\/02\/louis-vuitton-5-anos-em-osaka-4.jpg?resize=450%2C450\" width=\"450\" height=\"450\" data-recalc-dims=\"1\" \/><\/a><p id=\"caption-attachment-61709\" class=\"wp-caption-text\">Louis Vuitton \u2013 5 anos em Osaka<\/p><\/div>\n<div id=\"attachment_61710\" style=\"width: 460px\" class=\"wp-caption aligncenter\"><a href=\"https:\/\/i0.wp.com\/www.agrund.com\/wp-content\/uploads\/2013\/02\/louis-vuitton-5-anos-em-osaka-5.jpg\"><img aria-describedby=\"caption-attachment-61710\" decoding=\"async\" loading=\"lazy\" class=\"size-full wp-image-61710\" alt=\"Louis Vuitton \u2013 5 anos em Osaka\" src=\"https:\/\/i0.wp.com\/www.agrund.com\/wp-content\/uploads\/2013\/02\/louis-vuitton-5-anos-em-osaka-5.jpg?resize=450%2C300\" width=\"450\" height=\"300\" data-recalc-dims=\"1\" \/><\/a><p id=\"caption-attachment-61710\" class=\"wp-caption-text\">Louis Vuitton \u2013 5 anos em Osaka<\/p><\/div>\n<div id=\"attachment_61711\" style=\"width: 460px\" class=\"wp-caption aligncenter\"><a href=\"https:\/\/i0.wp.com\/www.agrund.com\/wp-content\/uploads\/2013\/02\/louis-vuitton-5-anos-em-osaka-6.jpg\"><img aria-describedby=\"caption-attachment-61711\" decoding=\"async\" loading=\"lazy\" class=\"size-full wp-image-61711\" alt=\"Louis Vuitton \u2013 5 anos em Osaka\" src=\"https:\/\/i0.wp.com\/www.agrund.com\/wp-content\/uploads\/2013\/02\/louis-vuitton-5-anos-em-osaka-6.jpg?resize=450%2C300\" width=\"450\" height=\"300\" data-recalc-dims=\"1\" \/><\/a><p id=\"caption-attachment-61711\" class=\"wp-caption-text\">Louis Vuitton \u2013 5 anos em Osaka<\/p><\/div>\n<p>Imagens: BRUTUS Magazine<\/p>\n","protected":false},"excerpt":{"rendered":"<p>Enquanto o Carnaval bombava aqui no Brasil, a marca francesa Louis Vuitton comemorava o quinto ano da loja masculina em Osaka, no Jap\u00e3o. E claro que uma festa fashion n\u00e3o poderia faltar. O diretor criativo para a linha masculina, Kim Jones, levou sua cole\u00e7\u00e3o Primavera \/ Ver\u00e3o 2013 para ser apresentada. E o tema n\u00e1utico [&hellip;]<\/p>\n","protected":false},"author":8,"featured_media":61712,"comment_status":"open","ping_status":"open","sticky":false,"template":"","format":"standard","meta":{"jetpack_post_was_ever_published":false,"_jetpack_newsletter_access":"","jetpack_publicize_message":"","jetpack_is_tweetstorm":false,"jetpack_publicize_feature_enabled":true,"jetpack_social_post_already_shared":false,"jetpack_social_options":{"image_generator_settings":{"template":"highway","enabled":false}}},"categories":[6],"tags":[],"jetpack_publicize_connections":[],"jetpack_featured_media_url":"","jetpack_sharing_enabled":true,"jetpack_shortlink":"https:\/\/wp.me\/p3Hz0n-g3c","jetpack_likes_enabled":true,"_links":{"self":[{"href":"https:\/\/agrund.com\/index.php\/wp-json\/wp\/v2\/posts\/61702"}],"collection":[{"href":"https:\/\/agrund.com\/index.php\/wp-json\/wp\/v2\/posts"}],"about":[{"href":"https:\/\/agrund.com\/index.php\/wp-json\/wp\/v2\/types\/post"}],"author":[{"embeddable":true,"href":"https:\/\/agrund.com\/index.php\/wp-json\/wp\/v2\/users\/8"}],"replies":[{"embeddable":true,"href":"https:\/\/agrund.com\/index.php\/wp-json\/wp\/v2\/comments?post=61702"}],"version-history":[{"count":0,"href":"https:\/\/agrund.com\/index.php\/wp-json\/wp\/v2\/posts\/61702\/revisions"}],"wp:featuredmedia":[{"embeddable":true,"href":"https:\/\/agrund.com\/index.php\/wp-json\/"}],"wp:attachment":[{"href":"https:\/\/agrund.com\/index.php\/wp-json\/wp\/v2\/media?parent=61702"}],"wp:term":[{"taxonomy":"category","embeddable":true,"href":"https:\/\/agrund.com\/index.php\/wp-json\/wp\/v2\/categories?post=61702"},{"taxonomy":"post_tag","embeddable":true,"href":"https:\/\/agrund.com\/index.php\/wp-json\/wp\/v2\/tags?post=61702"}],"curies":[{"name":"wp","href":"https:\/\/api.w.org\/{rel}","templated":true}]}}