{"id":6134,"date":"2011-03-08T17:05:49","date_gmt":"2011-03-08T20:05:49","guid":{"rendered":"http:\/\/www.agrund.com\/blogs\/notas\/?p=6134"},"modified":"2011-03-08T17:05:49","modified_gmt":"2011-03-08T20:05:49","slug":"pfw-chanel","status":"publish","type":"post","link":"https:\/\/agrund.com\/index.php\/pfw-chanel\/","title":{"rendered":"PFW :: CHANEL"},"content":{"rendered":"<p>Para o inverno 2011 da<strong> Chanel<\/strong>, Karl Lagerfeld mostrou a sua vontade de fazer uma moda ainda mais jovem, que possa ser usada de dia, na rua.\u00a0 Cal\u00e7as Jean skinny se misturavam com ic\u00f4nico tweed da marca. Silhuetas masculinas \u2013 a La Coco \u2013 surgiam da fuma\u00e7a da passarela, nos remetendo \u00e0 vulc\u00f5es ou algum outro desastre ecol\u00f3gico da cabe\u00e7a de Kaiser Karl. Uma novidade que vamos come\u00e7ar a ver nas ruas logo mais \u00e9 a cal\u00e7a mais ampla, com a barra amarrada no tornozelo \u2013 algo que s\u00f3 Chanel pode transformar em feminilidade e luxo. As cores apareceram bem invernais e n\u00e3o fugiram do preto e cinza, mas que n\u00e3o mudou em nada a delicadeza das pe\u00e7as. Ser\u00e1 que veremos mais Chanel nas ruas essa esta\u00e7\u00e3o? Talvez chamando um taxi em Paris&#8230;<\/p>\n<p><img decoding=\"async\" loading=\"lazy\" class=\"aligncenter size-full wp-image-6139\" src=\"https:\/\/i0.wp.com\/www.agrund.com\/arquivo\/notas\/files\/2011\/03\/00010m1.jpg?resize=320%2C480\" alt=\"\" width=\"320\" height=\"480\" data-recalc-dims=\"1\" \/><img decoding=\"async\" loading=\"lazy\" class=\"aligncenter size-full wp-image-6140\" src=\"https:\/\/i0.wp.com\/www.agrund.com\/arquivo\/notas\/files\/2011\/03\/00140m2.jpg?resize=320%2C480\" alt=\"\" width=\"320\" height=\"480\" data-recalc-dims=\"1\" \/><img decoding=\"async\" loading=\"lazy\" class=\"aligncenter size-full wp-image-6141\" src=\"https:\/\/i0.wp.com\/www.agrund.com\/arquivo\/notas\/files\/2011\/03\/00510m.jpg?resize=320%2C480\" alt=\"\" width=\"320\" height=\"480\" data-recalc-dims=\"1\" \/><img decoding=\"async\" loading=\"lazy\" class=\"aligncenter size-full wp-image-6142\" src=\"https:\/\/i0.wp.com\/www.agrund.com\/arquivo\/notas\/files\/2011\/03\/00690m.jpg?resize=320%2C480\" alt=\"\" width=\"320\" height=\"480\" data-recalc-dims=\"1\" \/><img decoding=\"async\" loading=\"lazy\" class=\"aligncenter size-full wp-image-6143\" src=\"https:\/\/i0.wp.com\/www.agrund.com\/arquivo\/notas\/files\/2011\/03\/00760m.jpg?resize=320%2C480\" alt=\"\" width=\"320\" height=\"480\" data-recalc-dims=\"1\" \/><\/p>\n","protected":false},"excerpt":{"rendered":"<p>Para o inverno 2011 da Chanel, Karl Lagerfeld mostrou a sua vontade de fazer uma moda ainda mais jovem, que possa ser usada de dia, na rua.\u00a0 Cal\u00e7as Jean skinny se misturavam com ic\u00f4nico tweed da marca. Silhuetas masculinas \u2013 a La Coco \u2013 surgiam da fuma\u00e7a da passarela, nos remetendo \u00e0 vulc\u00f5es ou algum [&hellip;]<\/p>\n","protected":false},"author":8,"featured_media":6139,"comment_status":"open","ping_status":"open","sticky":false,"template":"","format":"standard","meta":{"jetpack_post_was_ever_published":false,"_jetpack_newsletter_access":"","jetpack_publicize_message":"","jetpack_is_tweetstorm":false,"jetpack_publicize_feature_enabled":true,"jetpack_social_post_already_shared":false,"jetpack_social_options":{"image_generator_settings":{"template":"highway","enabled":false}}},"categories":[2],"tags":[],"jetpack_publicize_connections":[],"jetpack_featured_media_url":"","jetpack_sharing_enabled":true,"jetpack_shortlink":"https:\/\/wp.me\/p3Hz0n-1AW","jetpack_likes_enabled":true,"_links":{"self":[{"href":"https:\/\/agrund.com\/index.php\/wp-json\/wp\/v2\/posts\/6134"}],"collection":[{"href":"https:\/\/agrund.com\/index.php\/wp-json\/wp\/v2\/posts"}],"about":[{"href":"https:\/\/agrund.com\/index.php\/wp-json\/wp\/v2\/types\/post"}],"author":[{"embeddable":true,"href":"https:\/\/agrund.com\/index.php\/wp-json\/wp\/v2\/users\/8"}],"replies":[{"embeddable":true,"href":"https:\/\/agrund.com\/index.php\/wp-json\/wp\/v2\/comments?post=6134"}],"version-history":[{"count":0,"href":"https:\/\/agrund.com\/index.php\/wp-json\/wp\/v2\/posts\/6134\/revisions"}],"wp:featuredmedia":[{"embeddable":true,"href":"https:\/\/agrund.com\/index.php\/wp-json\/"}],"wp:attachment":[{"href":"https:\/\/agrund.com\/index.php\/wp-json\/wp\/v2\/media?parent=6134"}],"wp:term":[{"taxonomy":"category","embeddable":true,"href":"https:\/\/agrund.com\/index.php\/wp-json\/wp\/v2\/categories?post=6134"},{"taxonomy":"post_tag","embeddable":true,"href":"https:\/\/agrund.com\/index.php\/wp-json\/wp\/v2\/tags?post=6134"}],"curies":[{"name":"wp","href":"https:\/\/api.w.org\/{rel}","templated":true}]}}