{"id":60732,"date":"2013-02-04T22:30:09","date_gmt":"2013-02-05T00:30:09","guid":{"rendered":"http:\/\/www.agrund.com\/?p=60732"},"modified":"2013-02-04T22:30:09","modified_gmt":"2013-02-05T00:30:09","slug":"martha-medeiros-lanca-sua-primeira-colecao-masculina","status":"publish","type":"post","link":"https:\/\/agrund.com\/index.php\/martha-medeiros-lanca-sua-primeira-colecao-masculina\/","title":{"rendered":"Martha Medeiros lan\u00e7a sua primeira cole\u00e7\u00e3o masculina"},"content":{"rendered":"<p>No \u00faltimo s\u00e1bado (02) a estilista Martha Medeiros apresentou sua primeira cole\u00e7\u00e3o masculina em Punta del Leste. Martha trouxe uma cole\u00e7\u00e3o com 12 modelos de camisas de renda, que sempre foi a mat\u00e9ria-prima de sua marca com shapes variados. No desfile, a estilista escolheu Ricardo Mansur e Carlos Casagrande para representar o homem idealizado da marca. A cole\u00e7\u00e3o j\u00e1 est\u00e1 \u00e0 venda nas lojas de S\u00e3o Paulo. Veja:<\/p>\n<div id=\"attachment_60734\" style=\"width: 506px\" class=\"wp-caption aligncenter\"><a href=\"https:\/\/i0.wp.com\/www.agrund.com\/wp-content\/uploads\/2013\/02\/rico-mansur.jpg\"><img aria-describedby=\"caption-attachment-60734\" decoding=\"async\" loading=\"lazy\" class=\" wp-image-60734 \" alt=\"Moda Masculina :: Martha Medeiros lan\u00e7a sua primeira cole\u00e7\u00e3o masculina  \" src=\"https:\/\/i0.wp.com\/www.agrund.com\/wp-content\/uploads\/2013\/02\/rico-mansur.jpg?resize=496%2C746\" width=\"496\" height=\"746\" data-recalc-dims=\"1\" \/><\/a><p id=\"caption-attachment-60734\" class=\"wp-caption-text\">Moda Masculina :: Martha Medeiros lan\u00e7a sua primeira cole\u00e7\u00e3o masculina<\/p><\/div>\n<div id=\"attachment_60733\" style=\"width: 506px\" class=\"wp-caption aligncenter\"><a href=\"https:\/\/i0.wp.com\/www.agrund.com\/wp-content\/uploads\/2013\/02\/carlos-casagrande.jpg\"><img aria-describedby=\"caption-attachment-60733\" decoding=\"async\" loading=\"lazy\" class=\" wp-image-60733 \" alt=\"Moda Masculina :: Martha Medeiros lan\u00e7a sua primeira cole\u00e7\u00e3o masculina  \" src=\"https:\/\/i0.wp.com\/www.agrund.com\/wp-content\/uploads\/2013\/02\/carlos-casagrande.jpg?resize=496%2C763\" width=\"496\" height=\"763\" data-recalc-dims=\"1\" \/><\/a><p id=\"caption-attachment-60733\" class=\"wp-caption-text\">Moda Masculina :: Martha Medeiros lan\u00e7a sua primeira cole\u00e7\u00e3o masculina<\/p><\/div>\n<p>Imagens: Reprodu\u00e7\u00e3o.<\/p>\n<p>&nbsp;<\/p>\n","protected":false},"excerpt":{"rendered":"<p>No \u00faltimo s\u00e1bado (02) a estilista Martha Medeiros apresentou sua primeira cole\u00e7\u00e3o masculina em Punta del Leste. Martha trouxe uma cole\u00e7\u00e3o com 12 modelos de camisas de renda, que sempre foi a mat\u00e9ria-prima de sua marca com shapes variados. No desfile, a estilista escolheu Ricardo Mansur e Carlos Casagrande para representar o homem idealizado da [&hellip;]<\/p>\n","protected":false},"author":8,"featured_media":60735,"comment_status":"open","ping_status":"open","sticky":false,"template":"","format":"standard","meta":{"jetpack_post_was_ever_published":false,"_jetpack_newsletter_access":"","jetpack_publicize_message":"","jetpack_is_tweetstorm":false,"jetpack_publicize_feature_enabled":true,"jetpack_social_post_already_shared":false,"jetpack_social_options":{"image_generator_settings":{"template":"highway","enabled":false}}},"categories":[6],"tags":[],"jetpack_publicize_connections":[],"jetpack_featured_media_url":"","jetpack_sharing_enabled":true,"jetpack_shortlink":"https:\/\/wp.me\/p3Hz0n-fNy","jetpack_likes_enabled":true,"_links":{"self":[{"href":"https:\/\/agrund.com\/index.php\/wp-json\/wp\/v2\/posts\/60732"}],"collection":[{"href":"https:\/\/agrund.com\/index.php\/wp-json\/wp\/v2\/posts"}],"about":[{"href":"https:\/\/agrund.com\/index.php\/wp-json\/wp\/v2\/types\/post"}],"author":[{"embeddable":true,"href":"https:\/\/agrund.com\/index.php\/wp-json\/wp\/v2\/users\/8"}],"replies":[{"embeddable":true,"href":"https:\/\/agrund.com\/index.php\/wp-json\/wp\/v2\/comments?post=60732"}],"version-history":[{"count":0,"href":"https:\/\/agrund.com\/index.php\/wp-json\/wp\/v2\/posts\/60732\/revisions"}],"wp:featuredmedia":[{"embeddable":true,"href":"https:\/\/agrund.com\/index.php\/wp-json\/"}],"wp:attachment":[{"href":"https:\/\/agrund.com\/index.php\/wp-json\/wp\/v2\/media?parent=60732"}],"wp:term":[{"taxonomy":"category","embeddable":true,"href":"https:\/\/agrund.com\/index.php\/wp-json\/wp\/v2\/categories?post=60732"},{"taxonomy":"post_tag","embeddable":true,"href":"https:\/\/agrund.com\/index.php\/wp-json\/wp\/v2\/tags?post=60732"}],"curies":[{"name":"wp","href":"https:\/\/api.w.org\/{rel}","templated":true}]}}