{"id":60719,"date":"2013-02-04T21:00:44","date_gmt":"2013-02-04T23:00:44","guid":{"rendered":"http:\/\/www.agrund.com\/?p=60719"},"modified":"2013-02-04T21:00:44","modified_gmt":"2013-02-04T23:00:44","slug":"roger-federer-e-capa-da-gq-brasil","status":"publish","type":"post","link":"https:\/\/agrund.com\/index.php\/roger-federer-e-capa-da-gq-brasil\/","title":{"rendered":"Roger Federer \u00e9 capa da GQ Brasil"},"content":{"rendered":"<p>Atual n\u00famero 2 do mundo, por\u00e9m o maior recordista dentre os tenistas, Roger Federer \u00e9 capa da GQ Brasil edi\u00e7\u00e3o fevereiro 2013. Que Federer \u00e9 \u00edcone de estilo todos n\u00f3s sabemos, agora ele contou \u00e0 revista que antigamente n\u00e3o se sentia confort\u00e1vel usando ternos, o que o levou a us\u00e1-los em ocasi\u00f5es do dia a dia at\u00e9 se acostumar. O atleta ainda contou que se interessa pelas tend\u00eancias dentro e fora das quadras, mas que na hora de fazer a mala procura pelo b\u00e1sico: pe\u00e7as que combinem com tudo e n\u00e3o precise levar muita coisa. Veja alguns cliques do atleta:<\/p>\n<div id=\"attachment_60721\" style=\"width: 506px\" class=\"wp-caption aligncenter\"><a href=\"https:\/\/i0.wp.com\/www.agrund.com\/wp-content\/uploads\/2013\/02\/federer-capa.jpg\"><img aria-describedby=\"caption-attachment-60721\" decoding=\"async\" loading=\"lazy\" class=\" wp-image-60721 \" alt=\"Moda Masculina :: Roger Federer \u00e9 capa da GQ Brasil \" src=\"https:\/\/i0.wp.com\/www.agrund.com\/wp-content\/uploads\/2013\/02\/federer-capa.jpg?resize=496%2C638\" width=\"496\" height=\"638\" data-recalc-dims=\"1\" \/><\/a><p id=\"caption-attachment-60721\" class=\"wp-caption-text\">Moda Masculina :: Roger Federer \u00e9 capa da GQ Brasil<\/p><\/div>\n<div id=\"attachment_60723\" style=\"width: 506px\" class=\"wp-caption aligncenter\"><a href=\"https:\/\/i0.wp.com\/www.agrund.com\/wp-content\/uploads\/2013\/02\/federer-estilo.jpg\"><img aria-describedby=\"caption-attachment-60723\" decoding=\"async\" loading=\"lazy\" class=\" wp-image-60723 \" alt=\"Moda Masculina :: Roger Federer \u00e9 capa da GQ Brasil \" src=\"https:\/\/i0.wp.com\/www.agrund.com\/wp-content\/uploads\/2013\/02\/federer-estilo.jpg?resize=496%2C630\" width=\"496\" height=\"630\" data-recalc-dims=\"1\" \/><\/a><p id=\"caption-attachment-60723\" class=\"wp-caption-text\">Moda Masculina :: Roger Federer \u00e9 capa da GQ Brasil<\/p><\/div>\n<div id=\"attachment_60720\" style=\"width: 506px\" class=\"wp-caption aligncenter\"><a href=\"https:\/\/i0.wp.com\/www.agrund.com\/wp-content\/uploads\/2013\/02\/federer-1.jpg\"><img aria-describedby=\"caption-attachment-60720\" decoding=\"async\" loading=\"lazy\" class=\" wp-image-60720 \" alt=\"Moda Masculina :: Roger Federer \u00e9 capa da GQ Brasil \" src=\"https:\/\/i0.wp.com\/www.agrund.com\/wp-content\/uploads\/2013\/02\/federer-1.jpg?resize=496%2C744\" width=\"496\" height=\"744\" data-recalc-dims=\"1\" \/><\/a><p id=\"caption-attachment-60720\" class=\"wp-caption-text\">Moda Masculina :: Roger Federer \u00e9 capa da GQ Brasil<\/p><\/div>\n<div id=\"attachment_60722\" style=\"width: 506px\" class=\"wp-caption aligncenter\"><a href=\"https:\/\/i0.wp.com\/www.agrund.com\/wp-content\/uploads\/2013\/02\/federer-chorao.jpg\"><img aria-describedby=\"caption-attachment-60722\" decoding=\"async\" loading=\"lazy\" class=\" wp-image-60722 \" alt=\"Moda Masculina :: Roger Federer \u00e9 capa da GQ Brasil \" src=\"https:\/\/i0.wp.com\/www.agrund.com\/wp-content\/uploads\/2013\/02\/federer-chorao.jpg?resize=496%2C766\" width=\"496\" height=\"766\" data-recalc-dims=\"1\" \/><\/a><p id=\"caption-attachment-60722\" class=\"wp-caption-text\">Moda Masculina :: Roger Federer \u00e9 capa da GQ Brasil<\/p><\/div>\n<p>Imagens: Reprodu\u00e7\u00e3o.<\/p>\n<p>&nbsp;<\/p>\n<p>&nbsp;<\/p>\n<p>&nbsp;<\/p>\n<p>&nbsp;<\/p>\n<p>&nbsp;<\/p>\n","protected":false},"excerpt":{"rendered":"<p>Atual n\u00famero 2 do mundo, por\u00e9m o maior recordista dentre os tenistas, Roger Federer \u00e9 capa da GQ Brasil edi\u00e7\u00e3o fevereiro 2013. Que Federer \u00e9 \u00edcone de estilo todos n\u00f3s sabemos, agora ele contou \u00e0 revista que antigamente n\u00e3o se sentia confort\u00e1vel usando ternos, o que o levou a us\u00e1-los em ocasi\u00f5es do dia a [&hellip;]<\/p>\n","protected":false},"author":8,"featured_media":60724,"comment_status":"open","ping_status":"open","sticky":false,"template":"","format":"standard","meta":{"jetpack_post_was_ever_published":false,"_jetpack_newsletter_access":"","jetpack_publicize_message":"","jetpack_is_tweetstorm":false,"jetpack_publicize_feature_enabled":true,"jetpack_social_post_already_shared":false,"jetpack_social_options":{"image_generator_settings":{"template":"highway","enabled":false}}},"categories":[6],"tags":[],"jetpack_publicize_connections":[],"jetpack_featured_media_url":"","jetpack_sharing_enabled":true,"jetpack_shortlink":"https:\/\/wp.me\/p3Hz0n-fNl","jetpack_likes_enabled":true,"_links":{"self":[{"href":"https:\/\/agrund.com\/index.php\/wp-json\/wp\/v2\/posts\/60719"}],"collection":[{"href":"https:\/\/agrund.com\/index.php\/wp-json\/wp\/v2\/posts"}],"about":[{"href":"https:\/\/agrund.com\/index.php\/wp-json\/wp\/v2\/types\/post"}],"author":[{"embeddable":true,"href":"https:\/\/agrund.com\/index.php\/wp-json\/wp\/v2\/users\/8"}],"replies":[{"embeddable":true,"href":"https:\/\/agrund.com\/index.php\/wp-json\/wp\/v2\/comments?post=60719"}],"version-history":[{"count":0,"href":"https:\/\/agrund.com\/index.php\/wp-json\/wp\/v2\/posts\/60719\/revisions"}],"wp:featuredmedia":[{"embeddable":true,"href":"https:\/\/agrund.com\/index.php\/wp-json\/"}],"wp:attachment":[{"href":"https:\/\/agrund.com\/index.php\/wp-json\/wp\/v2\/media?parent=60719"}],"wp:term":[{"taxonomy":"category","embeddable":true,"href":"https:\/\/agrund.com\/index.php\/wp-json\/wp\/v2\/categories?post=60719"},{"taxonomy":"post_tag","embeddable":true,"href":"https:\/\/agrund.com\/index.php\/wp-json\/wp\/v2\/tags?post=60719"}],"curies":[{"name":"wp","href":"https:\/\/api.w.org\/{rel}","templated":true}]}}