{"id":60699,"date":"2013-02-04T19:00:15","date_gmt":"2013-02-04T21:00:15","guid":{"rendered":"http:\/\/www.agrund.com\/?p=60699"},"modified":"2013-02-04T19:00:15","modified_gmt":"2013-02-04T21:00:15","slug":"a-democracia-das-calcas","status":"publish","type":"post","link":"https:\/\/agrund.com\/index.php\/a-democracia-das-calcas\/","title":{"rendered":"A democracia das cal\u00e7as"},"content":{"rendered":"<p>As cal\u00e7as por muito tempo v\u00eam sendo o foco na produ\u00e7\u00e3o de moda masculina. E nas \u00faltimas semanas de desfiles que aconteceram em Londres, Mil\u00e3o e Paris, elas foram bem trabalhadas, exploradas e claro, comentadas. A democracia parece ser a palavra chave ou seria: fale com seu p\u00fablico-alvo que voc\u00ea ter\u00e1 sucesso nos neg\u00f3cios. Teorias \u00e0 parte, o que vale ressaltar \u00e9 que do homem mais cl\u00e1ssico ao mais moderno, do mais jovem ao elegante sexagen\u00e1rio, todos encontrar\u00e3o cal\u00e7as para o seu estilo. O que tem em comum entre algumas \u00e9 o comprimento que aparece curto mesmo, mas as mais tradicionais tamb\u00e9m est\u00e3o presentes. Diferentes materiais, texturas, estampas e refer\u00eancias de d\u00e9cadas de 40, 60 e 80, todas aparecem com releitura que tem a cara dos dias de hoje. A tudo isso, adicione uma boa alfaiataria. O resultado voc\u00ea pode conferir aqui. Beijos e at\u00e9 semana que vem!<\/p>\n<div id=\"attachment_60700\" style=\"width: 459px\" class=\"wp-caption aligncenter\"><a href=\"https:\/\/i0.wp.com\/www.agrund.com\/wp-content\/uploads\/2013\/02\/1-Topman-Design-Cal\u00e7a-Londres.jpg\"><img aria-describedby=\"caption-attachment-60700\" decoding=\"async\" loading=\"lazy\" class=\"size-full wp-image-60700\" alt=\"Moda Masculina :: A democracia das cal\u00e7as \" src=\"https:\/\/i0.wp.com\/www.agrund.com\/wp-content\/uploads\/2013\/02\/1-Topman-Design-Cal\u00e7a-Londres.jpg?resize=449%2C675\" width=\"449\" height=\"675\" data-recalc-dims=\"1\" \/><\/a><p id=\"caption-attachment-60700\" class=\"wp-caption-text\">Topman<\/p><\/div>\n<div id=\"attachment_60701\" style=\"width: 459px\" class=\"wp-caption aligncenter\"><a href=\"https:\/\/i0.wp.com\/www.agrund.com\/wp-content\/uploads\/2013\/02\/2-Alexander-McQueen-Cal\u00e7a-Londres.jpg\"><img aria-describedby=\"caption-attachment-60701\" decoding=\"async\" loading=\"lazy\" class=\"size-full wp-image-60701\" alt=\"Moda Masculina :: A democracia das cal\u00e7as \" src=\"https:\/\/i0.wp.com\/www.agrund.com\/wp-content\/uploads\/2013\/02\/2-Alexander-McQueen-Cal\u00e7a-Londres.jpg?resize=449%2C675\" width=\"449\" height=\"675\" data-recalc-dims=\"1\" \/><\/a><p id=\"caption-attachment-60701\" class=\"wp-caption-text\">Alexander McQueen<\/p><\/div>\n<div id=\"attachment_60702\" style=\"width: 460px\" class=\"wp-caption aligncenter\"><a href=\"https:\/\/i0.wp.com\/www.agrund.com\/wp-content\/uploads\/2013\/02\/3-Prada-Cal\u00e7a-Milao.jpg\"><img aria-describedby=\"caption-attachment-60702\" decoding=\"async\" loading=\"lazy\" class=\"size-full wp-image-60702\" alt=\"Moda Masculina :: A democracia das cal\u00e7as \" src=\"https:\/\/i0.wp.com\/www.agrund.com\/wp-content\/uploads\/2013\/02\/3-Prada-Cal\u00e7a-Milao.jpg?resize=450%2C675\" width=\"450\" height=\"675\" data-recalc-dims=\"1\" \/><\/a><p id=\"caption-attachment-60702\" class=\"wp-caption-text\">Prada<\/p><\/div>\n<div id=\"attachment_60703\" style=\"width: 460px\" class=\"wp-caption aligncenter\"><a href=\"https:\/\/i0.wp.com\/www.agrund.com\/wp-content\/uploads\/2013\/02\/4-Giorgio-Armani-Cal\u00e7a-Milao.jpg\"><img aria-describedby=\"caption-attachment-60703\" decoding=\"async\" loading=\"lazy\" class=\"size-full wp-image-60703\" alt=\"Moda Masculina :: A democracia das cal\u00e7as \" src=\"https:\/\/i0.wp.com\/www.agrund.com\/wp-content\/uploads\/2013\/02\/4-Giorgio-Armani-Cal\u00e7a-Milao.jpg?resize=450%2C675\" width=\"450\" height=\"675\" data-recalc-dims=\"1\" \/><\/a><p id=\"caption-attachment-60703\" class=\"wp-caption-text\">Giorgio Armani<\/p><\/div>\n<div id=\"attachment_60704\" style=\"width: 460px\" class=\"wp-caption aligncenter\"><a href=\"https:\/\/i0.wp.com\/www.agrund.com\/wp-content\/uploads\/2013\/02\/5-Comme-des-Garcon-Cal\u00e7a-Paris.jpg\"><img aria-describedby=\"caption-attachment-60704\" decoding=\"async\" loading=\"lazy\" class=\"size-full wp-image-60704\" alt=\"Moda Masculina :: A democracia das cal\u00e7as \" src=\"https:\/\/i0.wp.com\/www.agrund.com\/wp-content\/uploads\/2013\/02\/5-Comme-des-Garcon-Cal\u00e7a-Paris.jpg?resize=450%2C675\" width=\"450\" height=\"675\" data-recalc-dims=\"1\" \/><\/a><p id=\"caption-attachment-60704\" class=\"wp-caption-text\">Comme des Gar\u00e7ons<\/p><\/div>\n<div id=\"attachment_60705\" style=\"width: 460px\" class=\"wp-caption aligncenter\"><a href=\"https:\/\/i0.wp.com\/www.agrund.com\/wp-content\/uploads\/2013\/02\/6-Balenciaga-Cal\u00e7a-Paris.jpg\"><img aria-describedby=\"caption-attachment-60705\" decoding=\"async\" loading=\"lazy\" class=\"size-full wp-image-60705\" alt=\"Moda Masculina :: A democracia das cal\u00e7as \" src=\"https:\/\/i0.wp.com\/www.agrund.com\/wp-content\/uploads\/2013\/02\/6-Balenciaga-Cal\u00e7a-Paris.jpg?resize=450%2C675\" width=\"450\" height=\"675\" data-recalc-dims=\"1\" \/><\/a><p id=\"caption-attachment-60705\" class=\"wp-caption-text\">Balenciaga<\/p><\/div>\n<p>Imagens: Reprodu\u00e7\u00e3o.<\/p>\n<p>&nbsp;<\/p>\n<p>&nbsp;<\/p>\n<p>&nbsp;<\/p>\n<p>&nbsp;<\/p>\n<p>&nbsp;<\/p>\n<p>&nbsp;<\/p>\n<p>&nbsp;<\/p>\n","protected":false},"excerpt":{"rendered":"<p>As cal\u00e7as por muito tempo v\u00eam sendo o foco na produ\u00e7\u00e3o de moda masculina. E nas \u00faltimas semanas de desfiles que aconteceram em Londres, Mil\u00e3o e Paris, elas foram bem trabalhadas, exploradas e claro, comentadas. A democracia parece ser a palavra chave ou seria: fale com seu p\u00fablico-alvo que voc\u00ea ter\u00e1 sucesso nos neg\u00f3cios. Teorias [&hellip;]<\/p>\n","protected":false},"author":8,"featured_media":60706,"comment_status":"open","ping_status":"open","sticky":false,"template":"","format":"standard","meta":{"jetpack_post_was_ever_published":false,"_jetpack_newsletter_access":"","jetpack_publicize_message":"","jetpack_is_tweetstorm":false,"jetpack_publicize_feature_enabled":true,"jetpack_social_post_already_shared":false,"jetpack_social_options":{"image_generator_settings":{"template":"highway","enabled":false}}},"categories":[6],"tags":[],"jetpack_publicize_connections":[],"jetpack_featured_media_url":"","jetpack_sharing_enabled":true,"jetpack_shortlink":"https:\/\/wp.me\/p3Hz0n-fN1","jetpack_likes_enabled":true,"_links":{"self":[{"href":"https:\/\/agrund.com\/index.php\/wp-json\/wp\/v2\/posts\/60699"}],"collection":[{"href":"https:\/\/agrund.com\/index.php\/wp-json\/wp\/v2\/posts"}],"about":[{"href":"https:\/\/agrund.com\/index.php\/wp-json\/wp\/v2\/types\/post"}],"author":[{"embeddable":true,"href":"https:\/\/agrund.com\/index.php\/wp-json\/wp\/v2\/users\/8"}],"replies":[{"embeddable":true,"href":"https:\/\/agrund.com\/index.php\/wp-json\/wp\/v2\/comments?post=60699"}],"version-history":[{"count":0,"href":"https:\/\/agrund.com\/index.php\/wp-json\/wp\/v2\/posts\/60699\/revisions"}],"wp:featuredmedia":[{"embeddable":true,"href":"https:\/\/agrund.com\/index.php\/wp-json\/"}],"wp:attachment":[{"href":"https:\/\/agrund.com\/index.php\/wp-json\/wp\/v2\/media?parent=60699"}],"wp:term":[{"taxonomy":"category","embeddable":true,"href":"https:\/\/agrund.com\/index.php\/wp-json\/wp\/v2\/categories?post=60699"},{"taxonomy":"post_tag","embeddable":true,"href":"https:\/\/agrund.com\/index.php\/wp-json\/wp\/v2\/tags?post=60699"}],"curies":[{"name":"wp","href":"https:\/\/api.w.org\/{rel}","templated":true}]}}