{"id":60647,"date":"2013-02-04T15:00:46","date_gmt":"2013-02-04T17:00:46","guid":{"rendered":"http:\/\/www.agrund.com\/?p=60647"},"modified":"2013-02-04T15:00:46","modified_gmt":"2013-02-04T17:00:46","slug":"a-suica-tag-heuer-lanca-novo-relogio-de-edicao-comemorativa","status":"publish","type":"post","link":"https:\/\/agrund.com\/index.php\/a-suica-tag-heuer-lanca-novo-relogio-de-edicao-comemorativa\/","title":{"rendered":"A su\u00ed\u00e7a Tag Heuer lan\u00e7a novo rel\u00f3gio de edi\u00e7\u00e3o comemorativa"},"content":{"rendered":"<p>A fabricante de rel\u00f3gios su\u00ed\u00e7a Tag Heuer est\u00e1 lan\u00e7ando um novo modelo em comemora\u00e7\u00e3o ao meio s\u00e9culo de sua linha Carrera. O Carrera Carbon 1887 Concept Chronograph, mant\u00e9m tra\u00e7os do primeiro modelos desenhado por Jack Heuer em 1963, mas agora ganha uma caixa feita em fibra de carbono e estrutura do Mikrogirder Carrera, que \u00e9 o modelo premiado como rel\u00f3gio do ano em 2012, al\u00e9m de ser super leve e resistente. O novo Carrera ainda n\u00e3o tem pre\u00e7o divulgado. Confira:<\/p>\n<div id=\"attachment_60648\" style=\"width: 460px\" class=\"wp-caption aligncenter\"><a href=\"https:\/\/i0.wp.com\/www.agrund.com\/wp-content\/uploads\/2013\/02\/a-suica-tag-heuer-lanca-novo-relogio-de-edicao-comemorativa-1.jpg\"><img aria-describedby=\"caption-attachment-60648\" decoding=\"async\" loading=\"lazy\" class=\"size-full wp-image-60648\" alt=\"A su\u00ed\u00e7a Tag Heuer lan\u00e7a novo rel\u00f3gio de edi\u00e7\u00e3o comemorativa\" src=\"https:\/\/i0.wp.com\/www.agrund.com\/wp-content\/uploads\/2013\/02\/a-suica-tag-heuer-lanca-novo-relogio-de-edicao-comemorativa-1.jpg?resize=450%2C504\" width=\"450\" height=\"504\" data-recalc-dims=\"1\" \/><\/a><p id=\"caption-attachment-60648\" class=\"wp-caption-text\">A su\u00ed\u00e7a Tag Heuer lan\u00e7a novo rel\u00f3gio de edi\u00e7\u00e3o comemorativa<\/p><\/div>\n<div id=\"attachment_60649\" style=\"width: 460px\" class=\"wp-caption aligncenter\"><a href=\"https:\/\/i0.wp.com\/www.agrund.com\/wp-content\/uploads\/2013\/02\/a-suica-tag-heuer-lanca-novo-relogio-de-edicao-comemorativa-2.jpg\"><img aria-describedby=\"caption-attachment-60649\" decoding=\"async\" loading=\"lazy\" class=\"size-full wp-image-60649\" alt=\"A su\u00ed\u00e7a Tag Heuer lan\u00e7a novo rel\u00f3gio de edi\u00e7\u00e3o comemorativa\" src=\"https:\/\/i0.wp.com\/www.agrund.com\/wp-content\/uploads\/2013\/02\/a-suica-tag-heuer-lanca-novo-relogio-de-edicao-comemorativa-2.jpg?resize=450%2C388\" width=\"450\" height=\"388\" data-recalc-dims=\"1\" \/><\/a><p id=\"caption-attachment-60649\" class=\"wp-caption-text\">A su\u00ed\u00e7a Tag Heuer lan\u00e7a novo rel\u00f3gio de edi\u00e7\u00e3o comemorativa<\/p><\/div>\n<p>Imagens: Reprodu\u00e7\u00e3o.<\/p>\n","protected":false},"excerpt":{"rendered":"<p>A fabricante de rel\u00f3gios su\u00ed\u00e7a Tag Heuer est\u00e1 lan\u00e7ando um novo modelo em comemora\u00e7\u00e3o ao meio s\u00e9culo de sua linha Carrera. O Carrera Carbon 1887 Concept Chronograph, mant\u00e9m tra\u00e7os do primeiro modelos desenhado por Jack Heuer em 1963, mas agora ganha uma caixa feita em fibra de carbono e estrutura do Mikrogirder Carrera, que \u00e9 [&hellip;]<\/p>\n","protected":false},"author":8,"featured_media":60650,"comment_status":"open","ping_status":"open","sticky":false,"template":"","format":"standard","meta":{"jetpack_post_was_ever_published":false,"_jetpack_newsletter_access":"","jetpack_publicize_message":"","jetpack_is_tweetstorm":false,"jetpack_publicize_feature_enabled":true,"jetpack_social_post_already_shared":false,"jetpack_social_options":{"image_generator_settings":{"template":"highway","enabled":false}}},"categories":[6],"tags":[],"jetpack_publicize_connections":[],"jetpack_featured_media_url":"","jetpack_sharing_enabled":true,"jetpack_shortlink":"https:\/\/wp.me\/p3Hz0n-fMb","jetpack_likes_enabled":true,"_links":{"self":[{"href":"https:\/\/agrund.com\/index.php\/wp-json\/wp\/v2\/posts\/60647"}],"collection":[{"href":"https:\/\/agrund.com\/index.php\/wp-json\/wp\/v2\/posts"}],"about":[{"href":"https:\/\/agrund.com\/index.php\/wp-json\/wp\/v2\/types\/post"}],"author":[{"embeddable":true,"href":"https:\/\/agrund.com\/index.php\/wp-json\/wp\/v2\/users\/8"}],"replies":[{"embeddable":true,"href":"https:\/\/agrund.com\/index.php\/wp-json\/wp\/v2\/comments?post=60647"}],"version-history":[{"count":0,"href":"https:\/\/agrund.com\/index.php\/wp-json\/wp\/v2\/posts\/60647\/revisions"}],"wp:featuredmedia":[{"embeddable":true,"href":"https:\/\/agrund.com\/index.php\/wp-json\/"}],"wp:attachment":[{"href":"https:\/\/agrund.com\/index.php\/wp-json\/wp\/v2\/media?parent=60647"}],"wp:term":[{"taxonomy":"category","embeddable":true,"href":"https:\/\/agrund.com\/index.php\/wp-json\/wp\/v2\/categories?post=60647"},{"taxonomy":"post_tag","embeddable":true,"href":"https:\/\/agrund.com\/index.php\/wp-json\/wp\/v2\/tags?post=60647"}],"curies":[{"name":"wp","href":"https:\/\/api.w.org\/{rel}","templated":true}]}}