{"id":60621,"date":"2013-02-04T11:00:26","date_gmt":"2013-02-04T13:00:26","guid":{"rendered":"http:\/\/www.agrund.com\/?p=60621"},"modified":"2013-02-04T11:00:26","modified_gmt":"2013-02-04T13:00:26","slug":"raf-simons-e-fred-perry-em-sua-oitava-parceria","status":"publish","type":"post","link":"https:\/\/agrund.com\/index.php\/raf-simons-e-fred-perry-em-sua-oitava-parceria\/","title":{"rendered":"Raf Simons e Fred Perry em sua oitava parceria"},"content":{"rendered":"<p>Quando as coisas v\u00e3o bem nos neg\u00f3cios, tudo flui. E assim Raf Simons e Fred Perry fazem sua oitava parceria. As pe\u00e7as que estar\u00e3o nas lojas \u00e0 partir desse m\u00eas incluem os cl\u00e1ssicos revisitados pelo estilista que foram sucesso desde a primeira cole\u00e7\u00e3o, camisas leves, cachec\u00f3is, cal\u00e7as e uma jaqueta. As estampas ganham novos ares e prometem evaporar das lojas, assim como aconteceu com as cole\u00e7\u00f5es anteriores.<\/p>\n<div id=\"attachment_60622\" style=\"width: 478px\" class=\"wp-caption aligncenter\"><a href=\"https:\/\/i0.wp.com\/www.agrund.com\/wp-content\/uploads\/2013\/02\/raf-simons-e-fred-perry-em-sua-oitava-parceria.jpg\"><img aria-describedby=\"caption-attachment-60622\" decoding=\"async\" loading=\"lazy\" class=\"size-full wp-image-60622\" alt=\"Raf Simons e Fred Perry em sua oitava parceria\" src=\"https:\/\/i0.wp.com\/www.agrund.com\/wp-content\/uploads\/2013\/02\/raf-simons-e-fred-perry-em-sua-oitava-parceria.jpg?resize=468%2C311\" width=\"468\" height=\"311\" data-recalc-dims=\"1\" \/><\/a><p id=\"caption-attachment-60622\" class=\"wp-caption-text\">Raf Simons e Fred Perry em sua oitava parceria<\/p><\/div>\n<p>Imagem: Divulga\u00e7\u00e3o.<\/p>\n","protected":false},"excerpt":{"rendered":"<p>Quando as coisas v\u00e3o bem nos neg\u00f3cios, tudo flui. E assim Raf Simons e Fred Perry fazem sua oitava parceria. As pe\u00e7as que estar\u00e3o nas lojas \u00e0 partir desse m\u00eas incluem os cl\u00e1ssicos revisitados pelo estilista que foram sucesso desde a primeira cole\u00e7\u00e3o, camisas leves, cachec\u00f3is, cal\u00e7as e uma jaqueta. As estampas ganham novos ares [&hellip;]<\/p>\n","protected":false},"author":8,"featured_media":60623,"comment_status":"open","ping_status":"open","sticky":false,"template":"","format":"standard","meta":{"jetpack_post_was_ever_published":false,"_jetpack_newsletter_access":"","jetpack_publicize_message":"","jetpack_is_tweetstorm":false,"jetpack_publicize_feature_enabled":true,"jetpack_social_post_already_shared":false,"jetpack_social_options":{"image_generator_settings":{"template":"highway","enabled":false}}},"categories":[6],"tags":[],"jetpack_publicize_connections":[],"jetpack_featured_media_url":"","jetpack_sharing_enabled":true,"jetpack_shortlink":"https:\/\/wp.me\/p3Hz0n-fLL","jetpack_likes_enabled":true,"_links":{"self":[{"href":"https:\/\/agrund.com\/index.php\/wp-json\/wp\/v2\/posts\/60621"}],"collection":[{"href":"https:\/\/agrund.com\/index.php\/wp-json\/wp\/v2\/posts"}],"about":[{"href":"https:\/\/agrund.com\/index.php\/wp-json\/wp\/v2\/types\/post"}],"author":[{"embeddable":true,"href":"https:\/\/agrund.com\/index.php\/wp-json\/wp\/v2\/users\/8"}],"replies":[{"embeddable":true,"href":"https:\/\/agrund.com\/index.php\/wp-json\/wp\/v2\/comments?post=60621"}],"version-history":[{"count":0,"href":"https:\/\/agrund.com\/index.php\/wp-json\/wp\/v2\/posts\/60621\/revisions"}],"wp:featuredmedia":[{"embeddable":true,"href":"https:\/\/agrund.com\/index.php\/wp-json\/"}],"wp:attachment":[{"href":"https:\/\/agrund.com\/index.php\/wp-json\/wp\/v2\/media?parent=60621"}],"wp:term":[{"taxonomy":"category","embeddable":true,"href":"https:\/\/agrund.com\/index.php\/wp-json\/wp\/v2\/categories?post=60621"},{"taxonomy":"post_tag","embeddable":true,"href":"https:\/\/agrund.com\/index.php\/wp-json\/wp\/v2\/tags?post=60621"}],"curies":[{"name":"wp","href":"https:\/\/api.w.org\/{rel}","templated":true}]}}