{"id":60613,"date":"2013-02-04T10:00:57","date_gmt":"2013-02-04T12:00:57","guid":{"rendered":"http:\/\/www.agrund.com\/?p=60613"},"modified":"2013-02-04T10:00:57","modified_gmt":"2013-02-04T12:00:57","slug":"harvey-keitel-e-benicio-del-toro-estrelam-campanha-da-prada","status":"publish","type":"post","link":"https:\/\/agrund.com\/index.php\/harvey-keitel-e-benicio-del-toro-estrelam-campanha-da-prada\/","title":{"rendered":"Harvey Keitel e Benicio Del Toro estrelam campanha da Prada"},"content":{"rendered":"<p>A Prada divulgou as primeiras imagens e um v\u00eddeo de sua cole\u00e7\u00e3o masculina ver\u00e3o 2013. Os atores Harvey Keitel, Benicio Del Toro e Dane Dehaan s\u00e3o as estrelas da campanha que tem como foco simplicidade e eleg\u00e2ncia. Aperte o play e assista ao making of que foi realizado em Londres:<\/p>\n<p><span class=\"embed-youtube\" style=\"text-align:center; display: block;\"><iframe loading=\"lazy\" class=\"youtube-player\" width=\"640\" height=\"360\" src=\"https:\/\/www.youtube.com\/embed\/_ssblzo_clY?version=3&#038;rel=1&#038;showsearch=0&#038;showinfo=1&#038;iv_load_policy=1&#038;fs=1&#038;hl=pt-BR&#038;autohide=2&#038;wmode=transparent\" allowfullscreen=\"true\" style=\"border:0;\" sandbox=\"allow-scripts allow-same-origin allow-popups allow-presentation\"><\/iframe><\/span><\/p>\n<p>&nbsp;<\/p>\n<div id=\"attachment_60616\" style=\"width: 506px\" class=\"wp-caption aligncenter\"><a href=\"https:\/\/i0.wp.com\/www.agrund.com\/wp-content\/uploads\/2013\/02\/prada1.jpg\"><img aria-describedby=\"caption-attachment-60616\" decoding=\"async\" loading=\"lazy\" class=\" wp-image-60616 \" alt=\"Harvey Keitel e Benicio Del Toro estrelam campanha da Prada\" src=\"https:\/\/i0.wp.com\/www.agrund.com\/wp-content\/uploads\/2013\/02\/prada1.jpg?resize=496%2C259\" width=\"496\" height=\"259\" data-recalc-dims=\"1\" \/><\/a><p id=\"caption-attachment-60616\" class=\"wp-caption-text\">Harvey Keitel e Benicio Del Toro estrelam campanha da Prada<\/p><\/div>\n<p>Imagem e V\u00eddeo: Reprodu\u00e7\u00e3o.<\/p>\n","protected":false},"excerpt":{"rendered":"<p>A Prada divulgou as primeiras imagens e um v\u00eddeo de sua cole\u00e7\u00e3o masculina ver\u00e3o 2013. Os atores Harvey Keitel, Benicio Del Toro e Dane Dehaan s\u00e3o as estrelas da campanha que tem como foco simplicidade e eleg\u00e2ncia. Aperte o play e assista ao making of que foi realizado em Londres: &nbsp; Imagem e V\u00eddeo: Reprodu\u00e7\u00e3o.<\/p>\n","protected":false},"author":8,"featured_media":60617,"comment_status":"open","ping_status":"open","sticky":false,"template":"","format":"standard","meta":{"jetpack_post_was_ever_published":false,"_jetpack_newsletter_access":"","jetpack_publicize_message":"","jetpack_is_tweetstorm":false,"jetpack_publicize_feature_enabled":true,"jetpack_social_post_already_shared":false,"jetpack_social_options":{"image_generator_settings":{"template":"highway","enabled":false}}},"categories":[6],"tags":[],"jetpack_publicize_connections":[],"jetpack_featured_media_url":"","jetpack_sharing_enabled":true,"jetpack_shortlink":"https:\/\/wp.me\/p3Hz0n-fLD","jetpack_likes_enabled":true,"_links":{"self":[{"href":"https:\/\/agrund.com\/index.php\/wp-json\/wp\/v2\/posts\/60613"}],"collection":[{"href":"https:\/\/agrund.com\/index.php\/wp-json\/wp\/v2\/posts"}],"about":[{"href":"https:\/\/agrund.com\/index.php\/wp-json\/wp\/v2\/types\/post"}],"author":[{"embeddable":true,"href":"https:\/\/agrund.com\/index.php\/wp-json\/wp\/v2\/users\/8"}],"replies":[{"embeddable":true,"href":"https:\/\/agrund.com\/index.php\/wp-json\/wp\/v2\/comments?post=60613"}],"version-history":[{"count":0,"href":"https:\/\/agrund.com\/index.php\/wp-json\/wp\/v2\/posts\/60613\/revisions"}],"wp:featuredmedia":[{"embeddable":true,"href":"https:\/\/agrund.com\/index.php\/wp-json\/"}],"wp:attachment":[{"href":"https:\/\/agrund.com\/index.php\/wp-json\/wp\/v2\/media?parent=60613"}],"wp:term":[{"taxonomy":"category","embeddable":true,"href":"https:\/\/agrund.com\/index.php\/wp-json\/wp\/v2\/categories?post=60613"},{"taxonomy":"post_tag","embeddable":true,"href":"https:\/\/agrund.com\/index.php\/wp-json\/wp\/v2\/tags?post=60613"}],"curies":[{"name":"wp","href":"https:\/\/api.w.org\/{rel}","templated":true}]}}