{"id":59978,"date":"2013-01-28T19:00:09","date_gmt":"2013-01-28T21:00:09","guid":{"rendered":"http:\/\/www.agrund.com\/?p=59978"},"modified":"2013-01-28T19:00:09","modified_gmt":"2013-01-28T21:00:09","slug":"puma-lanca-parceria-com-alexander-mcqueen-e-hussein-chalayan","status":"publish","type":"post","link":"https:\/\/agrund.com\/index.php\/puma-lanca-parceria-com-alexander-mcqueen-e-hussein-chalayan\/","title":{"rendered":"Puma lan\u00e7a parceria com Alexander McQueen e Hussein Chalayan"},"content":{"rendered":"<p>A linha Premium Puma Black Label ganhou modelos assinados por Alexander McQueen e Hussein Chalayan. Os t\u00eanis s\u00e3o reinterpreta\u00e7\u00f5es do conceito Sport Fashion e misturam conforto e estilo. Os dois modelos j\u00e1 est\u00e3o nas prateleiras das lojas no Brasil, em S\u00e3o Paulo e no Rio de Janeiro.<\/p>\n<div style=\"width: 560px\" class=\"wp-caption aligncenter\"><img decoding=\"async\" loading=\"lazy\" class=\"size-full wp-image-slide331 \" title=\"Puma lan\u00e7a parceria com Alexander McQueen e Hussein Chalayan\" alt=\"Puma lan\u00e7a parceria com Alexander McQueen e Hussein Chalayan\" src=\"https:\/\/i0.wp.com\/www.agrund.com\/wp-content\/uploads\/2013\/01\/puma-lanca-parceria-com-alexander-mcqueen-e-hussein-chalayan-1.jpg?resize=550%2C412\" width=\"550\" height=\"412\" data-recalc-dims=\"1\" \/><p class=\"wp-caption-text\">Puma lan\u00e7a parceria com Alexander McQueen e Hussein Chalayan<\/p><\/div>\n<div style=\"width: 560px\" class=\"wp-caption aligncenter\"><img decoding=\"async\" loading=\"lazy\" class=\"size-full wp-image-slide331 \" title=\"Puma lan\u00e7a parceria com Alexander McQueen e Hussein Chalayan\" alt=\"Puma lan\u00e7a parceria com Alexander McQueen e Hussein Chalayan\" src=\"https:\/\/i0.wp.com\/www.agrund.com\/wp-content\/uploads\/2013\/01\/puma-lanca-parceria-com-alexander-mcqueen-e-hussein-chalayan-2.jpg?resize=550%2C412\" width=\"550\" height=\"412\" data-recalc-dims=\"1\" \/><p class=\"wp-caption-text\">Puma lan\u00e7a parceria com Alexander McQueen e Hussein Chalayan<\/p><\/div>\n<p>Imagens: Reprodu\u00e7\u00e3o.<\/p>\n","protected":false},"excerpt":{"rendered":"<p>A linha Premium Puma Black Label ganhou modelos assinados por Alexander McQueen e Hussein Chalayan. Os t\u00eanis s\u00e3o reinterpreta\u00e7\u00f5es do conceito Sport Fashion e misturam conforto e estilo. Os dois modelos j\u00e1 est\u00e3o nas prateleiras das lojas no Brasil, em S\u00e3o Paulo e no Rio de Janeiro. Imagens: Reprodu\u00e7\u00e3o.<\/p>\n","protected":false},"author":8,"featured_media":60035,"comment_status":"open","ping_status":"open","sticky":false,"template":"","format":"standard","meta":{"jetpack_post_was_ever_published":false,"_jetpack_newsletter_access":"","jetpack_publicize_message":"","jetpack_is_tweetstorm":false,"jetpack_publicize_feature_enabled":true,"jetpack_social_post_already_shared":false,"jetpack_social_options":{"image_generator_settings":{"template":"highway","enabled":false}}},"categories":[6],"tags":[],"jetpack_publicize_connections":[],"jetpack_featured_media_url":"","jetpack_sharing_enabled":true,"jetpack_shortlink":"https:\/\/wp.me\/p3Hz0n-fBo","jetpack_likes_enabled":true,"_links":{"self":[{"href":"https:\/\/agrund.com\/index.php\/wp-json\/wp\/v2\/posts\/59978"}],"collection":[{"href":"https:\/\/agrund.com\/index.php\/wp-json\/wp\/v2\/posts"}],"about":[{"href":"https:\/\/agrund.com\/index.php\/wp-json\/wp\/v2\/types\/post"}],"author":[{"embeddable":true,"href":"https:\/\/agrund.com\/index.php\/wp-json\/wp\/v2\/users\/8"}],"replies":[{"embeddable":true,"href":"https:\/\/agrund.com\/index.php\/wp-json\/wp\/v2\/comments?post=59978"}],"version-history":[{"count":0,"href":"https:\/\/agrund.com\/index.php\/wp-json\/wp\/v2\/posts\/59978\/revisions"}],"wp:featuredmedia":[{"embeddable":true,"href":"https:\/\/agrund.com\/index.php\/wp-json\/"}],"wp:attachment":[{"href":"https:\/\/agrund.com\/index.php\/wp-json\/wp\/v2\/media?parent=59978"}],"wp:term":[{"taxonomy":"category","embeddable":true,"href":"https:\/\/agrund.com\/index.php\/wp-json\/wp\/v2\/categories?post=59978"},{"taxonomy":"post_tag","embeddable":true,"href":"https:\/\/agrund.com\/index.php\/wp-json\/wp\/v2\/tags?post=59978"}],"curies":[{"name":"wp","href":"https:\/\/api.w.org\/{rel}","templated":true}]}}