{"id":59926,"date":"2013-01-28T12:00:13","date_gmt":"2013-01-28T14:00:13","guid":{"rendered":"http:\/\/www.agrund.com\/?p=59926"},"modified":"2013-01-28T12:00:13","modified_gmt":"2013-01-28T14:00:13","slug":"guitarrista-do-led-zeppelin-estrela-campanha-de-john-varvatos","status":"publish","type":"post","link":"https:\/\/agrund.com\/index.php\/guitarrista-do-led-zeppelin-estrela-campanha-de-john-varvatos\/","title":{"rendered":"Guitarrista do Led Zeppelin estrela campanha de John Varvatos"},"content":{"rendered":"<p>Jimmy Page, guitarrista do Led Zeppelin, e Gary Clark Jr. s\u00e3o as estrelas da campanha ver\u00e3o 2013 de John Varvatos. \u201cJimmy Page \u00e9 um \u00edcone da m\u00fasica e da moda desde a d\u00e9cada de 1970, enquanto Gary Clark Jr. \u00e9 um incr\u00edvel guitarrista, compositor e amigo. Ter os dois juntos \u00e9 um sonho realizado\u201d declarou o designer ao site WWD.<\/p>\n<p>A campanha, fotografada por Danny Clinch no Rivoli Ballroom em Londres, come\u00e7ar\u00e1 a ser veiculada em mar\u00e7o nas principais revistas de moda al\u00e9m de aparecer em \u00f4nibus, outdoors e t\u00e1xis em Nova York, S\u00e3o Francisco, Los Angeles e Las Vegas.<\/p>\n<div style=\"width: 360px\" class=\"wp-caption aligncenter\"><img decoding=\"async\" loading=\"lazy\" class=\"size-full wp-image-slide331 \" title=\"LEGENDA\" alt=\"LEGENDA\" src=\"https:\/\/i0.wp.com\/www.agrund.com\/wp-content\/uploads\/2013\/01\/guitarrista-do-led-zeppelin-estrela-campanha-de-john-varvatos2.jpg?resize=350%2C509\" width=\"350\" height=\"509\" data-recalc-dims=\"1\" \/><p class=\"wp-caption-text\">Guitarrista do Led Zeppelin estrela campanha de John Varvatos<\/p><\/div>\n<p style=\"text-align: center\">\n<p>Imagem: Reprodu\u00e7\u00e3o.<\/p>\n","protected":false},"excerpt":{"rendered":"<p>Jimmy Page, guitarrista do Led Zeppelin, e Gary Clark Jr. s\u00e3o as estrelas da campanha ver\u00e3o 2013 de John Varvatos. \u201cJimmy Page \u00e9 um \u00edcone da m\u00fasica e da moda desde a d\u00e9cada de 1970, enquanto Gary Clark Jr. \u00e9 um incr\u00edvel guitarrista, compositor e amigo. Ter os dois juntos \u00e9 um sonho realizado\u201d declarou [&hellip;]<\/p>\n","protected":false},"author":8,"featured_media":59928,"comment_status":"open","ping_status":"open","sticky":false,"template":"","format":"standard","meta":{"jetpack_post_was_ever_published":false,"_jetpack_newsletter_access":"","jetpack_publicize_message":"","jetpack_is_tweetstorm":false,"jetpack_publicize_feature_enabled":true,"jetpack_social_post_already_shared":false,"jetpack_social_options":{"image_generator_settings":{"template":"highway","enabled":false}}},"categories":[6],"tags":[],"jetpack_publicize_connections":[],"jetpack_featured_media_url":"","jetpack_sharing_enabled":true,"jetpack_shortlink":"https:\/\/wp.me\/p3Hz0n-fAy","jetpack_likes_enabled":true,"_links":{"self":[{"href":"https:\/\/agrund.com\/index.php\/wp-json\/wp\/v2\/posts\/59926"}],"collection":[{"href":"https:\/\/agrund.com\/index.php\/wp-json\/wp\/v2\/posts"}],"about":[{"href":"https:\/\/agrund.com\/index.php\/wp-json\/wp\/v2\/types\/post"}],"author":[{"embeddable":true,"href":"https:\/\/agrund.com\/index.php\/wp-json\/wp\/v2\/users\/8"}],"replies":[{"embeddable":true,"href":"https:\/\/agrund.com\/index.php\/wp-json\/wp\/v2\/comments?post=59926"}],"version-history":[{"count":0,"href":"https:\/\/agrund.com\/index.php\/wp-json\/wp\/v2\/posts\/59926\/revisions"}],"wp:featuredmedia":[{"embeddable":true,"href":"https:\/\/agrund.com\/index.php\/wp-json\/"}],"wp:attachment":[{"href":"https:\/\/agrund.com\/index.php\/wp-json\/wp\/v2\/media?parent=59926"}],"wp:term":[{"taxonomy":"category","embeddable":true,"href":"https:\/\/agrund.com\/index.php\/wp-json\/wp\/v2\/categories?post=59926"},{"taxonomy":"post_tag","embeddable":true,"href":"https:\/\/agrund.com\/index.php\/wp-json\/wp\/v2\/tags?post=59926"}],"curies":[{"name":"wp","href":"https:\/\/api.w.org\/{rel}","templated":true}]}}