{"id":59310,"date":"2013-01-21T16:30:20","date_gmt":"2013-01-21T18:30:20","guid":{"rendered":"http:\/\/www.agrund.com\/?p=59310"},"modified":"2013-01-21T16:30:20","modified_gmt":"2013-01-21T18:30:20","slug":"hugo-boss-lanca-barbeador-em-parceria-com-a-braun","status":"publish","type":"post","link":"https:\/\/agrund.com\/index.php\/hugo-boss-lanca-barbeador-em-parceria-com-a-braun\/","title":{"rendered":"Hugo Boss lan\u00e7a barbeador em parceria com a Braun"},"content":{"rendered":"<p>A Hugo Boss acaba de fechar parceria exclusiva com a marca de barbeadores Braun. O resultado \u00e9 uma edi\u00e7\u00e3o limitada de produtos que uniu o design elegante que estamos acostumados a ver nas pe\u00e7as da Hugo Boss com as modernas t\u00e9cnicas da Braun. Veja:<\/p>\n<div id=\"attachment_59312\" style=\"width: 410px\" class=\"wp-caption aligncenter\"><a class=\"lightbox\" title=\"Hugo Boss lan\u00e7a barbeador em parceria com a Braun\" href=\"https:\/\/i0.wp.com\/www.agrund.com\/wp-content\/uploads\/2013\/01\/hugo-boss-lanca-barbeador-em-parceria-com-a-braun-2.jpg\"><img aria-describedby=\"caption-attachment-59312\" decoding=\"async\" loading=\"lazy\" class=\"size-full wp-image-59312\" title=\"Hugo Boss lan\u00e7a barbeador em parceria com a Braun\" src=\"https:\/\/i0.wp.com\/www.agrund.com\/wp-content\/uploads\/2013\/01\/hugo-boss-lanca-barbeador-em-parceria-com-a-braun-2.jpg?resize=400%2C290\" alt=\"Hugo Boss lan\u00e7a barbeador em parceria com a Braun\" width=\"400\" height=\"290\" data-recalc-dims=\"1\" \/><\/a><p id=\"caption-attachment-59312\" class=\"wp-caption-text\">Hugo Boss lan\u00e7a barbeador em parceria com a Braun<\/p><\/div>\n<div id=\"attachment_59311\" style=\"width: 410px\" class=\"wp-caption aligncenter\"><a class=\"lightbox\" title=\"Hugo Boss lan\u00e7a barbeador em parceria com a Braun\" href=\"https:\/\/i0.wp.com\/www.agrund.com\/wp-content\/uploads\/2013\/01\/hugo-boss-lanca-barbeador-em-parceria-com-a-braun-1.jpg\"><img aria-describedby=\"caption-attachment-59311\" decoding=\"async\" loading=\"lazy\" class=\"size-full wp-image-59311\" title=\"Hugo Boss lan\u00e7a barbeador em parceria com a Braun\" src=\"https:\/\/i0.wp.com\/www.agrund.com\/wp-content\/uploads\/2013\/01\/hugo-boss-lanca-barbeador-em-parceria-com-a-braun-1.jpg?resize=400%2C332\" alt=\"Hugo Boss lan\u00e7a barbeador em parceria com a Braun\" width=\"400\" height=\"332\" data-recalc-dims=\"1\" \/><\/a><p id=\"caption-attachment-59311\" class=\"wp-caption-text\">Hugo Boss lan\u00e7a barbeador em parceria com a Braun<\/p><\/div>\n<p>Imagens: Reprodu\u00e7\u00e3o.<\/p>\n","protected":false},"excerpt":{"rendered":"<p>A Hugo Boss acaba de fechar parceria exclusiva com a marca de barbeadores Braun. O resultado \u00e9 uma edi\u00e7\u00e3o limitada de produtos que uniu o design elegante que estamos acostumados a ver nas pe\u00e7as da Hugo Boss com as modernas t\u00e9cnicas da Braun. Veja: Imagens: Reprodu\u00e7\u00e3o.<\/p>\n","protected":false},"author":8,"featured_media":59313,"comment_status":"open","ping_status":"open","sticky":false,"template":"","format":"standard","meta":{"jetpack_post_was_ever_published":false,"_jetpack_newsletter_access":"","jetpack_publicize_message":"","jetpack_is_tweetstorm":false,"jetpack_publicize_feature_enabled":true,"jetpack_social_post_already_shared":false,"jetpack_social_options":{"image_generator_settings":{"template":"highway","enabled":false}}},"categories":[6],"tags":[],"jetpack_publicize_connections":[],"jetpack_featured_media_url":"","jetpack_sharing_enabled":true,"jetpack_shortlink":"https:\/\/wp.me\/p3Hz0n-fqC","jetpack_likes_enabled":true,"_links":{"self":[{"href":"https:\/\/agrund.com\/index.php\/wp-json\/wp\/v2\/posts\/59310"}],"collection":[{"href":"https:\/\/agrund.com\/index.php\/wp-json\/wp\/v2\/posts"}],"about":[{"href":"https:\/\/agrund.com\/index.php\/wp-json\/wp\/v2\/types\/post"}],"author":[{"embeddable":true,"href":"https:\/\/agrund.com\/index.php\/wp-json\/wp\/v2\/users\/8"}],"replies":[{"embeddable":true,"href":"https:\/\/agrund.com\/index.php\/wp-json\/wp\/v2\/comments?post=59310"}],"version-history":[{"count":0,"href":"https:\/\/agrund.com\/index.php\/wp-json\/wp\/v2\/posts\/59310\/revisions"}],"wp:featuredmedia":[{"embeddable":true,"href":"https:\/\/agrund.com\/index.php\/wp-json\/"}],"wp:attachment":[{"href":"https:\/\/agrund.com\/index.php\/wp-json\/wp\/v2\/media?parent=59310"}],"wp:term":[{"taxonomy":"category","embeddable":true,"href":"https:\/\/agrund.com\/index.php\/wp-json\/wp\/v2\/categories?post=59310"},{"taxonomy":"post_tag","embeddable":true,"href":"https:\/\/agrund.com\/index.php\/wp-json\/wp\/v2\/tags?post=59310"}],"curies":[{"name":"wp","href":"https:\/\/api.w.org\/{rel}","templated":true}]}}