{"id":59275,"date":"2013-01-21T18:30:43","date_gmt":"2013-01-21T20:30:43","guid":{"rendered":"http:\/\/www.agrund.com\/?p=59275"},"modified":"2013-01-21T18:30:43","modified_gmt":"2013-01-21T20:30:43","slug":"uniti-moda-praiana-em-passarelas-urbanas","status":"publish","type":"post","link":"https:\/\/agrund.com\/index.php\/uniti-moda-praiana-em-passarelas-urbanas\/","title":{"rendered":"Un\u00edti :: Moda praiana em passarelas urbanas"},"content":{"rendered":"<p>A cole\u00e7\u00e3o Ver\u00e3o 2013 da Un\u00edti Rio leva o estilo praiano para as passarelas urbanas. A ideia \u00e9 vestir o t\u00edpico carioca, frequentador de praia, no seu dia-dia. As pe\u00e7as, em diferentes cores e padr\u00f5es, trazem estampas e frases t\u00edpicas do estilo carioca. Uma \u00f3tima pedida para as altas temperaturas da esta\u00e7\u00e3o!<\/p>\n<div id=\"attachment_59277\" style=\"width: 460px\" class=\"wp-caption aligncenter\"><a class=\"lightbox\" title=\"Un\u00edti :: Moda praiana em passarelas urbanas\" href=\"https:\/\/i0.wp.com\/www.agrund.com\/wp-content\/uploads\/2013\/01\/uniti-moda-praiana-em-passarelas-urbanas-1.jpg\"><img aria-describedby=\"caption-attachment-59277\" decoding=\"async\" loading=\"lazy\" class=\"size-full wp-image-59277\" title=\"Un\u00edti :: Moda praiana em passarelas urbanas\" src=\"https:\/\/i0.wp.com\/www.agrund.com\/wp-content\/uploads\/2013\/01\/uniti-moda-praiana-em-passarelas-urbanas-1.jpg?resize=450%2C675\" alt=\"Un\u00edti :: Moda praiana em passarelas urbanas\" width=\"450\" height=\"675\" data-recalc-dims=\"1\" \/><\/a><p id=\"caption-attachment-59277\" class=\"wp-caption-text\">Un\u00edti :: Moda praiana em passarelas urbanas<\/p><\/div>\n<div id=\"attachment_59278\" style=\"width: 460px\" class=\"wp-caption aligncenter\"><a class=\"lightbox\" title=\"Un\u00edti :: Moda praiana em passarelas urbanas\" href=\"https:\/\/i0.wp.com\/www.agrund.com\/wp-content\/uploads\/2013\/01\/uniti-moda-praiana-em-passarelas-urbanas-2.jpg\"><img aria-describedby=\"caption-attachment-59278\" decoding=\"async\" loading=\"lazy\" class=\"size-full wp-image-59278\" title=\"Un\u00edti :: Moda praiana em passarelas urbanas\" src=\"https:\/\/i0.wp.com\/www.agrund.com\/wp-content\/uploads\/2013\/01\/uniti-moda-praiana-em-passarelas-urbanas-2.jpg?resize=450%2C675\" alt=\"Un\u00edti :: Moda praiana em passarelas urbanas\" width=\"450\" height=\"675\" data-recalc-dims=\"1\" \/><\/a><p id=\"caption-attachment-59278\" class=\"wp-caption-text\">Un\u00edti :: Moda praiana em passarelas urbanas<\/p><\/div>\n<div id=\"attachment_59279\" style=\"width: 460px\" class=\"wp-caption aligncenter\"><a class=\"lightbox\" title=\"Un\u00edti :: Moda praiana em passarelas urbanas\" href=\"https:\/\/i0.wp.com\/www.agrund.com\/wp-content\/uploads\/2013\/01\/uniti-moda-praiana-em-passarelas-urbanas-3.jpg\"><img aria-describedby=\"caption-attachment-59279\" decoding=\"async\" loading=\"lazy\" class=\"size-full wp-image-59279\" title=\"Un\u00edti :: Moda praiana em passarelas urbanas\" src=\"https:\/\/i0.wp.com\/www.agrund.com\/wp-content\/uploads\/2013\/01\/uniti-moda-praiana-em-passarelas-urbanas-3.jpg?resize=450%2C675\" alt=\"Un\u00edti :: Moda praiana em passarelas urbanas\" width=\"450\" height=\"675\" data-recalc-dims=\"1\" \/><\/a><p id=\"caption-attachment-59279\" class=\"wp-caption-text\">Un\u00edti :: Moda praiana em passarelas urbanas<\/p><\/div>\n<div id=\"attachment_59280\" style=\"width: 460px\" class=\"wp-caption aligncenter\"><a class=\"lightbox\" title=\"Un\u00edti :: Moda praiana em passarelas urbanas\" href=\"https:\/\/i0.wp.com\/www.agrund.com\/wp-content\/uploads\/2013\/01\/uniti-moda-praiana-em-passarelas-urbanas-4.jpg\"><img aria-describedby=\"caption-attachment-59280\" decoding=\"async\" loading=\"lazy\" class=\"size-full wp-image-59280\" title=\"Un\u00edti :: Moda praiana em passarelas urbanas\" src=\"https:\/\/i0.wp.com\/www.agrund.com\/wp-content\/uploads\/2013\/01\/uniti-moda-praiana-em-passarelas-urbanas-4.jpg?resize=450%2C293\" alt=\"Un\u00edti :: Moda praiana em passarelas urbanas\" width=\"450\" height=\"293\" data-recalc-dims=\"1\" \/><\/a><p id=\"caption-attachment-59280\" class=\"wp-caption-text\">Un\u00edti :: Moda praiana em passarelas urbanas<\/p><\/div>\n<div id=\"attachment_59281\" style=\"width: 460px\" class=\"wp-caption aligncenter\"><a class=\"lightbox\" title=\"Un\u00edti :: Moda praiana em passarelas urbanas\" href=\"https:\/\/i0.wp.com\/www.agrund.com\/wp-content\/uploads\/2013\/01\/uniti-moda-praiana-em-passarelas-urbanas-5.jpg\"><img aria-describedby=\"caption-attachment-59281\" decoding=\"async\" loading=\"lazy\" class=\"size-full wp-image-59281\" title=\"Un\u00edti :: Moda praiana em passarelas urbanas\" src=\"https:\/\/i0.wp.com\/www.agrund.com\/wp-content\/uploads\/2013\/01\/uniti-moda-praiana-em-passarelas-urbanas-5.jpg?resize=450%2C300\" alt=\"Un\u00edti :: Moda praiana em passarelas urbanas\" width=\"450\" height=\"300\" data-recalc-dims=\"1\" \/><\/a><p id=\"caption-attachment-59281\" class=\"wp-caption-text\">Un\u00edti :: Moda praiana em passarelas urbanas<\/p><\/div>\n<div id=\"attachment_59282\" style=\"width: 460px\" class=\"wp-caption aligncenter\"><a class=\"lightbox\" title=\"Un\u00edti :: Moda praiana em passarelas urbanas\" href=\"https:\/\/i0.wp.com\/www.agrund.com\/wp-content\/uploads\/2013\/01\/uniti-moda-praiana-em-passarelas-urbanas-6.jpg\"><img aria-describedby=\"caption-attachment-59282\" decoding=\"async\" loading=\"lazy\" class=\"size-full wp-image-59282\" title=\"Un\u00edti :: Moda praiana em passarelas urbanas\" src=\"https:\/\/i0.wp.com\/www.agrund.com\/wp-content\/uploads\/2013\/01\/uniti-moda-praiana-em-passarelas-urbanas-6.jpg?resize=450%2C675\" alt=\"Un\u00edti :: Moda praiana em passarelas urbanas\" width=\"450\" height=\"675\" data-recalc-dims=\"1\" \/><\/a><p id=\"caption-attachment-59282\" class=\"wp-caption-text\">Un\u00edti :: Moda praiana em passarelas urbanas<\/p><\/div>\n<p>Imagens: Divulga\u00e7\u00e3o.<\/p>\n","protected":false},"excerpt":{"rendered":"<p>A cole\u00e7\u00e3o Ver\u00e3o 2013 da Un\u00edti Rio leva o estilo praiano para as passarelas urbanas. A ideia \u00e9 vestir o t\u00edpico carioca, frequentador de praia, no seu dia-dia. As pe\u00e7as, em diferentes cores e padr\u00f5es, trazem estampas e frases t\u00edpicas do estilo carioca. Uma \u00f3tima pedida para as altas temperaturas da esta\u00e7\u00e3o! Imagens: Divulga\u00e7\u00e3o.<\/p>\n","protected":false},"author":8,"featured_media":59276,"comment_status":"open","ping_status":"open","sticky":false,"template":"","format":"standard","meta":{"jetpack_post_was_ever_published":false,"_jetpack_newsletter_access":"","jetpack_publicize_message":"","jetpack_is_tweetstorm":false,"jetpack_publicize_feature_enabled":true,"jetpack_social_post_already_shared":false,"jetpack_social_options":{"image_generator_settings":{"template":"highway","enabled":false}}},"categories":[6],"tags":[],"jetpack_publicize_connections":[],"jetpack_featured_media_url":"","jetpack_sharing_enabled":true,"jetpack_shortlink":"https:\/\/wp.me\/p3Hz0n-fq3","jetpack_likes_enabled":true,"_links":{"self":[{"href":"https:\/\/agrund.com\/index.php\/wp-json\/wp\/v2\/posts\/59275"}],"collection":[{"href":"https:\/\/agrund.com\/index.php\/wp-json\/wp\/v2\/posts"}],"about":[{"href":"https:\/\/agrund.com\/index.php\/wp-json\/wp\/v2\/types\/post"}],"author":[{"embeddable":true,"href":"https:\/\/agrund.com\/index.php\/wp-json\/wp\/v2\/users\/8"}],"replies":[{"embeddable":true,"href":"https:\/\/agrund.com\/index.php\/wp-json\/wp\/v2\/comments?post=59275"}],"version-history":[{"count":0,"href":"https:\/\/agrund.com\/index.php\/wp-json\/wp\/v2\/posts\/59275\/revisions"}],"wp:featuredmedia":[{"embeddable":true,"href":"https:\/\/agrund.com\/index.php\/wp-json\/"}],"wp:attachment":[{"href":"https:\/\/agrund.com\/index.php\/wp-json\/wp\/v2\/media?parent=59275"}],"wp:term":[{"taxonomy":"category","embeddable":true,"href":"https:\/\/agrund.com\/index.php\/wp-json\/wp\/v2\/categories?post=59275"},{"taxonomy":"post_tag","embeddable":true,"href":"https:\/\/agrund.com\/index.php\/wp-json\/wp\/v2\/tags?post=59275"}],"curies":[{"name":"wp","href":"https:\/\/api.w.org\/{rel}","templated":true}]}}