{"id":59263,"date":"2013-01-21T23:00:14","date_gmt":"2013-01-22T01:00:14","guid":{"rendered":"http:\/\/www.agrund.com\/?p=59263"},"modified":"2013-01-21T23:00:14","modified_gmt":"2013-01-22T01:00:14","slug":"delsey-paris-traz-para-o-brasil-a-linha-garment-district","status":"publish","type":"post","link":"https:\/\/agrund.com\/index.php\/delsey-paris-traz-para-o-brasil-a-linha-garment-district\/","title":{"rendered":"DELSEY PARIS traz para o Brasil a linha Garment District"},"content":{"rendered":"<p>A DELSEY PARIS apresenta a Garment District, uma linha de porta terno apropriada ao uso profissional, para os executivos que procuram por um produto de alta qualidade e pr\u00e1tica funcionalidade.<\/p>\n<p>Com design contempor\u00e2neo, a linha oferece eleg\u00e2ncia e estilo ao homem moderno e ainda proporciona organiza\u00e7\u00e3o. A linha Garment District chega ao Brasil com 5 anos de garantia internacional. Acess\u00f3rio indispens\u00e1vel no guarda roupa executivo.<\/p>\n<div id=\"attachment_59265\" style=\"width: 460px\" class=\"wp-caption aligncenter\"><a class=\"lightbox\" title=\"DELSEY PARIS traz para o Brasil a linha Garment District\" href=\"https:\/\/i0.wp.com\/www.agrund.com\/wp-content\/uploads\/2013\/01\/delsey-paris-traz-para-o-brasil-a-linha-garment-district-2.jpg\"><img aria-describedby=\"caption-attachment-59265\" decoding=\"async\" loading=\"lazy\" class=\"size-full wp-image-59265\" title=\"DELSEY PARIS traz para o Brasil a linha Garment District\" src=\"https:\/\/i0.wp.com\/www.agrund.com\/wp-content\/uploads\/2013\/01\/delsey-paris-traz-para-o-brasil-a-linha-garment-district-2.jpg?resize=450%2C450\" alt=\"DELSEY PARIS traz para o Brasil a linha Garment District\" width=\"450\" height=\"450\" data-recalc-dims=\"1\" \/><\/a><p id=\"caption-attachment-59265\" class=\"wp-caption-text\">DELSEY PARIS traz para o Brasil a linha Garment District<\/p><\/div>\n<div id=\"attachment_59264\" style=\"width: 460px\" class=\"wp-caption aligncenter\"><a class=\"lightbox\" title=\"DELSEY PARIS traz para o Brasil a linha Garment District\" href=\"https:\/\/i0.wp.com\/www.agrund.com\/wp-content\/uploads\/2013\/01\/delsey-paris-traz-para-o-brasil-a-linha-garment-district-1.jpg\"><img aria-describedby=\"caption-attachment-59264\" decoding=\"async\" loading=\"lazy\" class=\"size-full wp-image-59264\" title=\"DELSEY PARIS traz para o Brasil a linha Garment District\" src=\"https:\/\/i0.wp.com\/www.agrund.com\/wp-content\/uploads\/2013\/01\/delsey-paris-traz-para-o-brasil-a-linha-garment-district-1.jpg?resize=450%2C450\" alt=\"DELSEY PARIS traz para o Brasil a linha Garment District\" width=\"450\" height=\"450\" data-recalc-dims=\"1\" \/><\/a><p id=\"caption-attachment-59264\" class=\"wp-caption-text\">DELSEY PARIS traz para o Brasil a linha Garment District<\/p><\/div>\n<p>Imagens: Divulga\u00e7\u00e3o.<\/p>\n","protected":false},"excerpt":{"rendered":"<p>A DELSEY PARIS apresenta a Garment District, uma linha de porta terno apropriada ao uso profissional, para os executivos que procuram por um produto de alta qualidade e pr\u00e1tica funcionalidade. Com design contempor\u00e2neo, a linha oferece eleg\u00e2ncia e estilo ao homem moderno e ainda proporciona organiza\u00e7\u00e3o. A linha Garment District chega ao Brasil com 5 [&hellip;]<\/p>\n","protected":false},"author":8,"featured_media":59266,"comment_status":"open","ping_status":"open","sticky":false,"template":"","format":"standard","meta":{"jetpack_post_was_ever_published":false,"_jetpack_newsletter_access":"","jetpack_publicize_message":"","jetpack_is_tweetstorm":false,"jetpack_publicize_feature_enabled":true,"jetpack_social_post_already_shared":false,"jetpack_social_options":{"image_generator_settings":{"template":"highway","enabled":false}}},"categories":[6],"tags":[],"jetpack_publicize_connections":[],"jetpack_featured_media_url":"","jetpack_sharing_enabled":true,"jetpack_shortlink":"https:\/\/wp.me\/p3Hz0n-fpR","jetpack_likes_enabled":true,"_links":{"self":[{"href":"https:\/\/agrund.com\/index.php\/wp-json\/wp\/v2\/posts\/59263"}],"collection":[{"href":"https:\/\/agrund.com\/index.php\/wp-json\/wp\/v2\/posts"}],"about":[{"href":"https:\/\/agrund.com\/index.php\/wp-json\/wp\/v2\/types\/post"}],"author":[{"embeddable":true,"href":"https:\/\/agrund.com\/index.php\/wp-json\/wp\/v2\/users\/8"}],"replies":[{"embeddable":true,"href":"https:\/\/agrund.com\/index.php\/wp-json\/wp\/v2\/comments?post=59263"}],"version-history":[{"count":0,"href":"https:\/\/agrund.com\/index.php\/wp-json\/wp\/v2\/posts\/59263\/revisions"}],"wp:featuredmedia":[{"embeddable":true,"href":"https:\/\/agrund.com\/index.php\/wp-json\/"}],"wp:attachment":[{"href":"https:\/\/agrund.com\/index.php\/wp-json\/wp\/v2\/media?parent=59263"}],"wp:term":[{"taxonomy":"category","embeddable":true,"href":"https:\/\/agrund.com\/index.php\/wp-json\/wp\/v2\/categories?post=59263"},{"taxonomy":"post_tag","embeddable":true,"href":"https:\/\/agrund.com\/index.php\/wp-json\/wp\/v2\/tags?post=59263"}],"curies":[{"name":"wp","href":"https:\/\/api.w.org\/{rel}","templated":true}]}}