{"id":59179,"date":"2013-01-21T16:00:42","date_gmt":"2013-01-21T18:00:42","guid":{"rendered":"http:\/\/www.agrund.com\/?p=59179"},"modified":"2013-01-21T16:00:42","modified_gmt":"2013-01-21T18:00:42","slug":"yohji-yamamoto-celebra-10-anos-da-y-3-em-parceria-com-a-adidas","status":"publish","type":"post","link":"https:\/\/agrund.com\/index.php\/yohji-yamamoto-celebra-10-anos-da-y-3-em-parceria-com-a-adidas\/","title":{"rendered":"Yohji Yamamoto celebra 10 anos da Y-3 em parceria com a Adidas"},"content":{"rendered":"<p>No \u00faltimo dia 19, Yohji Yamamoto e a Adidas celebraram dez anos da marca Y-3 e para marcar a data anunciaram o lan\u00e7amento da primeira fragr\u00e2ncia masculina da grife, a Black Label. Segundo o estilista, a fragr\u00e2ncia \u00e9 composta por itens como cardamomo, madeira virginiana de cedro, pimenta preta, um toque de Tagete e patchouli, que d\u00e3o um car\u00e1cter \u00fanico \u00e0 ela. O perfume chega \u00e0s lojas Y-3 de todo o mundo no m\u00eas de fevereiro.<\/p>\n<div id=\"attachment_59181\" style=\"width: 460px\" class=\"wp-caption aligncenter\"><a class=\"lightbox\" title=\"Yohji Yamamoto celebra 10 anos da Y-3 em parceria com a Adidas\" href=\"https:\/\/i0.wp.com\/www.agrund.com\/wp-content\/uploads\/2013\/01\/yohji-yamamoto-celebra-10-anos-da-y-3-em-parceria-com-a-adidas.jpg\"><img aria-describedby=\"caption-attachment-59181\" decoding=\"async\" loading=\"lazy\" class=\"size-full wp-image-59181\" title=\"Yohji Yamamoto celebra 10 anos da Y-3 em parceria com a Adidas\" src=\"https:\/\/i0.wp.com\/www.agrund.com\/wp-content\/uploads\/2013\/01\/yohji-yamamoto-celebra-10-anos-da-y-3-em-parceria-com-a-adidas.jpg?resize=450%2C261\" alt=\"Yohji Yamamoto celebra 10 anos da Y-3 em parceria com a Adidas\" width=\"450\" height=\"261\" data-recalc-dims=\"1\" \/><\/a><p id=\"caption-attachment-59181\" class=\"wp-caption-text\">Yohji Yamamoto celebra 10 anos da Y-3 em parceria com a Adidas<\/p><\/div>\n<p>Imagem: Reprodu\u00e7\u00e3o.<\/p>\n","protected":false},"excerpt":{"rendered":"<p>No \u00faltimo dia 19, Yohji Yamamoto e a Adidas celebraram dez anos da marca Y-3 e para marcar a data anunciaram o lan\u00e7amento da primeira fragr\u00e2ncia masculina da grife, a Black Label. Segundo o estilista, a fragr\u00e2ncia \u00e9 composta por itens como cardamomo, madeira virginiana de cedro, pimenta preta, um toque de Tagete e patchouli, [&hellip;]<\/p>\n","protected":false},"author":8,"featured_media":59180,"comment_status":"open","ping_status":"open","sticky":false,"template":"","format":"standard","meta":{"jetpack_post_was_ever_published":false,"_jetpack_newsletter_access":"","jetpack_publicize_message":"","jetpack_is_tweetstorm":false,"jetpack_publicize_feature_enabled":true,"jetpack_social_post_already_shared":false,"jetpack_social_options":{"image_generator_settings":{"template":"highway","enabled":false}}},"categories":[6],"tags":[],"jetpack_publicize_connections":[],"jetpack_featured_media_url":"","jetpack_sharing_enabled":true,"jetpack_shortlink":"https:\/\/wp.me\/p3Hz0n-fov","jetpack_likes_enabled":true,"_links":{"self":[{"href":"https:\/\/agrund.com\/index.php\/wp-json\/wp\/v2\/posts\/59179"}],"collection":[{"href":"https:\/\/agrund.com\/index.php\/wp-json\/wp\/v2\/posts"}],"about":[{"href":"https:\/\/agrund.com\/index.php\/wp-json\/wp\/v2\/types\/post"}],"author":[{"embeddable":true,"href":"https:\/\/agrund.com\/index.php\/wp-json\/wp\/v2\/users\/8"}],"replies":[{"embeddable":true,"href":"https:\/\/agrund.com\/index.php\/wp-json\/wp\/v2\/comments?post=59179"}],"version-history":[{"count":0,"href":"https:\/\/agrund.com\/index.php\/wp-json\/wp\/v2\/posts\/59179\/revisions"}],"wp:featuredmedia":[{"embeddable":true,"href":"https:\/\/agrund.com\/index.php\/wp-json\/"}],"wp:attachment":[{"href":"https:\/\/agrund.com\/index.php\/wp-json\/wp\/v2\/media?parent=59179"}],"wp:term":[{"taxonomy":"category","embeddable":true,"href":"https:\/\/agrund.com\/index.php\/wp-json\/wp\/v2\/categories?post=59179"},{"taxonomy":"post_tag","embeddable":true,"href":"https:\/\/agrund.com\/index.php\/wp-json\/wp\/v2\/tags?post=59179"}],"curies":[{"name":"wp","href":"https:\/\/api.w.org\/{rel}","templated":true}]}}