{"id":59164,"date":"2013-01-21T14:00:52","date_gmt":"2013-01-21T16:00:52","guid":{"rendered":"http:\/\/www.agrund.com\/?p=59164"},"modified":"2013-01-21T14:00:52","modified_gmt":"2013-01-21T16:00:52","slug":"alfred-kovac-estrela-editorial-para-elle-man","status":"publish","type":"post","link":"https:\/\/agrund.com\/index.php\/alfred-kovac-estrela-editorial-para-elle-man\/","title":{"rendered":"Alfred Kovac estrela editorial para Elle Man"},"content":{"rendered":"<p>O modelo Alfred Kovac estrela capa e editorial da Elle Man edi\u00e7\u00e3o Janeiro 2013. Nos cliques, o jovem modelo veste pe\u00e7as cl\u00e1ssicas e atemporais do guarda-roupa masculino misturadas a itens mais modernos e ousados. O resultado s\u00e3o looks incr\u00edveis! Confira:<\/p>\n<div id=\"attachment_59169\" style=\"width: 410px\" class=\"wp-caption aligncenter\"><a class=\"lightbox\" title=\"Alfred Kovac estrela editorial para Elle Man\" href=\"https:\/\/i0.wp.com\/www.agrund.com\/wp-content\/uploads\/2013\/01\/alfred-kovac-estrela-editorial-para-elle-man-5.jpg\"><img aria-describedby=\"caption-attachment-59169\" decoding=\"async\" loading=\"lazy\" class=\"size-full wp-image-59169\" title=\"Alfred Kovac estrela editorial para Elle Man\" src=\"https:\/\/i0.wp.com\/www.agrund.com\/wp-content\/uploads\/2013\/01\/alfred-kovac-estrela-editorial-para-elle-man-5.jpg?resize=400%2C518\" alt=\"Alfred Kovac estrela editorial para Elle Man\" width=\"400\" height=\"518\" data-recalc-dims=\"1\" \/><\/a><p id=\"caption-attachment-59169\" class=\"wp-caption-text\">Alfred Kovac estrela editorial para Elle Man<\/p><\/div>\n<div id=\"attachment_59168\" style=\"width: 410px\" class=\"wp-caption aligncenter\"><a class=\"lightbox\" title=\"Alfred Kovac estrela editorial para Elle Man\" href=\"https:\/\/i0.wp.com\/www.agrund.com\/wp-content\/uploads\/2013\/01\/alfred-kovac-estrela-editorial-para-elle-man-4.jpg\"><img aria-describedby=\"caption-attachment-59168\" decoding=\"async\" loading=\"lazy\" class=\"size-full wp-image-59168\" title=\"Alfred Kovac estrela editorial para Elle Man\" src=\"https:\/\/i0.wp.com\/www.agrund.com\/wp-content\/uploads\/2013\/01\/alfred-kovac-estrela-editorial-para-elle-man-4.jpg?resize=400%2C524\" alt=\"Alfred Kovac estrela editorial para Elle Man\" width=\"400\" height=\"524\" data-recalc-dims=\"1\" \/><\/a><p id=\"caption-attachment-59168\" class=\"wp-caption-text\">Alfred Kovac estrela editorial para Elle Man<\/p><\/div>\n<div id=\"attachment_59167\" style=\"width: 410px\" class=\"wp-caption aligncenter\"><a class=\"lightbox\" title=\"Alfred Kovac estrela editorial para Elle Man\" href=\"https:\/\/i0.wp.com\/www.agrund.com\/wp-content\/uploads\/2013\/01\/alfred-kovac-estrela-editorial-para-elle-man-3.jpg\"><img aria-describedby=\"caption-attachment-59167\" decoding=\"async\" loading=\"lazy\" class=\"size-full wp-image-59167\" title=\"Alfred Kovac estrela editorial para Elle Man\" src=\"https:\/\/i0.wp.com\/www.agrund.com\/wp-content\/uploads\/2013\/01\/alfred-kovac-estrela-editorial-para-elle-man-3.jpg?resize=400%2C527\" alt=\"Alfred Kovac estrela editorial para Elle Man\" width=\"400\" height=\"527\" data-recalc-dims=\"1\" \/><\/a><p id=\"caption-attachment-59167\" class=\"wp-caption-text\">Alfred Kovac estrela editorial para Elle Man<\/p><\/div>\n<div id=\"attachment_59166\" style=\"width: 410px\" class=\"wp-caption aligncenter\"><a class=\"lightbox\" title=\"Alfred Kovac estrela editorial para Elle Man\" href=\"https:\/\/i0.wp.com\/www.agrund.com\/wp-content\/uploads\/2013\/01\/alfred-kovac-estrela-editorial-para-elle-man-2.jpg\"><img aria-describedby=\"caption-attachment-59166\" decoding=\"async\" loading=\"lazy\" class=\"size-full wp-image-59166\" title=\"Alfred Kovac estrela editorial para Elle Man\" src=\"https:\/\/i0.wp.com\/www.agrund.com\/wp-content\/uploads\/2013\/01\/alfred-kovac-estrela-editorial-para-elle-man-2.jpg?resize=400%2C522\" alt=\"Alfred Kovac estrela editorial para Elle Man\" width=\"400\" height=\"522\" data-recalc-dims=\"1\" \/><\/a><p id=\"caption-attachment-59166\" class=\"wp-caption-text\">Alfred Kovac estrela editorial para Elle Man<\/p><\/div>\n<div id=\"attachment_59165\" style=\"width: 410px\" class=\"wp-caption aligncenter\"><a class=\"lightbox\" title=\"Alfred Kovac estrela editorial para Elle Man\" href=\"https:\/\/i0.wp.com\/www.agrund.com\/wp-content\/uploads\/2013\/01\/alfred-kovac-estrela-editorial-para-elle-man-1.jpg\"><img aria-describedby=\"caption-attachment-59165\" decoding=\"async\" loading=\"lazy\" class=\"size-full wp-image-59165\" title=\"Alfred Kovac estrela editorial para Elle Man\" src=\"https:\/\/i0.wp.com\/www.agrund.com\/wp-content\/uploads\/2013\/01\/alfred-kovac-estrela-editorial-para-elle-man-1.jpg?resize=400%2C518\" alt=\"Alfred Kovac estrela editorial para Elle Man\" width=\"400\" height=\"518\" data-recalc-dims=\"1\" \/><\/a><p id=\"caption-attachment-59165\" class=\"wp-caption-text\">Alfred Kovac estrela editorial para Elle Man<\/p><\/div>\n<p>Imagens: Reprodu\u00e7\u00e3o.<\/p>\n","protected":false},"excerpt":{"rendered":"<p>O modelo Alfred Kovac estrela capa e editorial da Elle Man edi\u00e7\u00e3o Janeiro 2013. Nos cliques, o jovem modelo veste pe\u00e7as cl\u00e1ssicas e atemporais do guarda-roupa masculino misturadas a itens mais modernos e ousados. O resultado s\u00e3o looks incr\u00edveis! Confira: Imagens: Reprodu\u00e7\u00e3o.<\/p>\n","protected":false},"author":8,"featured_media":59170,"comment_status":"open","ping_status":"open","sticky":false,"template":"","format":"standard","meta":{"jetpack_post_was_ever_published":false,"_jetpack_newsletter_access":"","jetpack_publicize_message":"","jetpack_is_tweetstorm":false,"jetpack_publicize_feature_enabled":true,"jetpack_social_post_already_shared":false,"jetpack_social_options":{"image_generator_settings":{"template":"highway","enabled":false}}},"categories":[6],"tags":[],"jetpack_publicize_connections":[],"jetpack_featured_media_url":"","jetpack_sharing_enabled":true,"jetpack_shortlink":"https:\/\/wp.me\/p3Hz0n-fog","jetpack_likes_enabled":true,"_links":{"self":[{"href":"https:\/\/agrund.com\/index.php\/wp-json\/wp\/v2\/posts\/59164"}],"collection":[{"href":"https:\/\/agrund.com\/index.php\/wp-json\/wp\/v2\/posts"}],"about":[{"href":"https:\/\/agrund.com\/index.php\/wp-json\/wp\/v2\/types\/post"}],"author":[{"embeddable":true,"href":"https:\/\/agrund.com\/index.php\/wp-json\/wp\/v2\/users\/8"}],"replies":[{"embeddable":true,"href":"https:\/\/agrund.com\/index.php\/wp-json\/wp\/v2\/comments?post=59164"}],"version-history":[{"count":0,"href":"https:\/\/agrund.com\/index.php\/wp-json\/wp\/v2\/posts\/59164\/revisions"}],"wp:featuredmedia":[{"embeddable":true,"href":"https:\/\/agrund.com\/index.php\/wp-json\/"}],"wp:attachment":[{"href":"https:\/\/agrund.com\/index.php\/wp-json\/wp\/v2\/media?parent=59164"}],"wp:term":[{"taxonomy":"category","embeddable":true,"href":"https:\/\/agrund.com\/index.php\/wp-json\/wp\/v2\/categories?post=59164"},{"taxonomy":"post_tag","embeddable":true,"href":"https:\/\/agrund.com\/index.php\/wp-json\/wp\/v2\/tags?post=59164"}],"curies":[{"name":"wp","href":"https:\/\/api.w.org\/{rel}","templated":true}]}}