{"id":59084,"date":"2013-01-21T12:00:26","date_gmt":"2013-01-21T14:00:26","guid":{"rendered":"http:\/\/www.agrund.com\/?p=59084"},"modified":"2013-01-21T12:00:26","modified_gmt":"2013-01-21T14:00:26","slug":"milao-a-capital-da-moda-italiana-tendencias-inverno-2013-2014","status":"publish","type":"post","link":"https:\/\/agrund.com\/index.php\/milao-a-capital-da-moda-italiana-tendencias-inverno-2013-2014\/","title":{"rendered":"Mil\u00e3o, a capital da moda italiana \u2013 Tend\u00eancias Inverno 2013 2014"},"content":{"rendered":"<p>Entre 12 e 15 de janeiro aconteceu na capital da moda italiana a famosa Semana de Moda de Mil\u00e3o. E assim como fiz em Londres, separei para voc\u00eas algumas tend\u00eancias que prometem mexer com o guarda roupa masculino. O que temos de igual entre Londres e Mil\u00e3o? Abotoamento duplo, cartela de cores entre os cinzas, verdes, azuis, vermelho, amarelo, estampas figurativas, jaquetas curtas,e p\u00f5e curta nisso, e muita modelagem e inspira\u00e7\u00e3o esportiva e militar. Agora fique com a minha sele\u00e7\u00e3o de Mil\u00e3o.<\/p>\n<p>Cal\u00e7a curta<br \/>\nSe voc\u00ea acha que j\u00e1 viu tudo sobre cal\u00e7as curtas ,ent\u00e3o acalme-se porque esses modelos que Miuccia Prada criou para sua cole\u00e7\u00e3o apresentada na Semana de Moda de Mil\u00e3o Inverno 2013\/2014 \u00e9 digno de pescadores de siri, mas que ficam bem longe dos mangues. Eles est\u00e3o nas rodas mais abastadas da moda e da sociedade. Assim \u00e9 o p\u00fablico da marca.<\/p>\n<p>&nbsp;<\/p>\n<p>Golas<br \/>\nAs golas ganham volumes, sobreposi\u00e7\u00f5es e altura. Mais uma vez, a PRADA mostra que desconstruir a camisaria pode ser apenas um detalhe, mas que faz a diferen\u00e7a. As golas de pele aparecem em jaquetas ou casacos. Os tric\u00f4s s\u00e3o de gola alta anos 90 est\u00e3o a\u00ed de novo.<\/p>\n<p>Estampa de bicho<br \/>\nSolte suas feras, no bom sentido! As estampas de bicho v\u00e3o bombar no guarda roupa dos homens no Inverno 2013\/2014 de acordo com Semana de Moda de Mil\u00e3o. Ent\u00e3o n\u00e3o se assuste se voc\u00ea encontrar uma camisa ou casaco com estampa bicho no closet do seu marido. E mais ainda, as bolsas tamb\u00e9m v\u00eam com p\u00ealo ou estampa de bicho tamb\u00e9m.<br \/>\nAmarelo &#8211; O novo rosa<br \/>\nDepois que o rosa levou 17 anos para se estabelecer como cor para o dia-a-dia no vestu\u00e1rio masculino, o amarelo \u00e9 o da vez. Ele n\u00e3o vem can\u00e1rio. Aparece mais queimado, quase ocre. E o melhor \u00e9 que super combina com o nosso pa\u00eds tropical. \u00c9 s\u00f3 procurar o tecido mais adequado para sua regi\u00e3o. E para come\u00e7ar, mescle com cores mais s\u00f3brias ou neutras e monte um look contempor\u00e2neo.<br \/>\nAt\u00e9 semana que vem!<\/p>\n<p>&nbsp;<\/p>\n<div id=\"attachment_59119\" style=\"width: 460px\" class=\"wp-caption aligncenter\"><a class=\"lightbox\" title=\"Mil\u00e3o, a capital da moda italiana \u2013 Tend\u00eancias Inverno 2013 2014\" href=\"https:\/\/i0.wp.com\/www.agrund.com\/wp-content\/uploads\/2013\/01\/milao-a-capital-da-moda-italiana-tendencias-inverno-2013-2014-15.jpg\"><img aria-describedby=\"caption-attachment-59119\" decoding=\"async\" loading=\"lazy\" class=\"size-full wp-image-59119\" title=\"Mil\u00e3o, a capital da moda italiana \u2013 Tend\u00eancias Inverno 2013 2014\" src=\"https:\/\/i0.wp.com\/www.agrund.com\/wp-content\/uploads\/2013\/01\/milao-a-capital-da-moda-italiana-tendencias-inverno-2013-2014-15.jpg?resize=450%2C675\" alt=\"Mil\u00e3o, a capital da moda italiana \u2013 Tend\u00eancias Inverno 2013 2014\" width=\"450\" height=\"675\" data-recalc-dims=\"1\" \/><\/a><p id=\"caption-attachment-59119\" class=\"wp-caption-text\">Mil\u00e3o, a capital da moda italiana \u2013 Tend\u00eancias Inverno 2013 2014<\/p><\/div>\n<div id=\"attachment_59118\" style=\"width: 460px\" class=\"wp-caption aligncenter\"><a class=\"lightbox\" title=\"Mil\u00e3o, a capital da moda italiana \u2013 Tend\u00eancias Inverno 2013 2014\" href=\"https:\/\/i0.wp.com\/www.agrund.com\/wp-content\/uploads\/2013\/01\/milao-a-capital-da-moda-italiana-tendencias-inverno-2013-2014-14.jpg\"><img aria-describedby=\"caption-attachment-59118\" decoding=\"async\" loading=\"lazy\" class=\"size-full wp-image-59118\" title=\"Mil\u00e3o, a capital da moda italiana \u2013 Tend\u00eancias Inverno 2013 2014\" src=\"https:\/\/i0.wp.com\/www.agrund.com\/wp-content\/uploads\/2013\/01\/milao-a-capital-da-moda-italiana-tendencias-inverno-2013-2014-14.jpg?resize=450%2C677\" alt=\"Mil\u00e3o, a capital da moda italiana \u2013 Tend\u00eancias Inverno 2013 2014\" width=\"450\" height=\"677\" data-recalc-dims=\"1\" \/><\/a><p id=\"caption-attachment-59118\" class=\"wp-caption-text\">Mil\u00e3o, a capital da moda italiana \u2013 Tend\u00eancias Inverno 2013 2014<\/p><\/div>\n<div id=\"attachment_59117\" style=\"width: 460px\" class=\"wp-caption aligncenter\"><a class=\"lightbox\" title=\"Mil\u00e3o, a capital da moda italiana \u2013 Tend\u00eancias Inverno 2013 2014\" href=\"https:\/\/i0.wp.com\/www.agrund.com\/wp-content\/uploads\/2013\/01\/milao-a-capital-da-moda-italiana-tendencias-inverno-2013-2014-13.jpg\"><img aria-describedby=\"caption-attachment-59117\" decoding=\"async\" loading=\"lazy\" class=\"size-full wp-image-59117\" title=\"Mil\u00e3o, a capital da moda italiana \u2013 Tend\u00eancias Inverno 2013 2014\" src=\"https:\/\/i0.wp.com\/www.agrund.com\/wp-content\/uploads\/2013\/01\/milao-a-capital-da-moda-italiana-tendencias-inverno-2013-2014-13.jpg?resize=450%2C675\" alt=\"Mil\u00e3o, a capital da moda italiana \u2013 Tend\u00eancias Inverno 2013 2014\" width=\"450\" height=\"675\" data-recalc-dims=\"1\" \/><\/a><p id=\"caption-attachment-59117\" class=\"wp-caption-text\">Mil\u00e3o, a capital da moda italiana \u2013 Tend\u00eancias Inverno 2013 2014<\/p><\/div>\n<div id=\"attachment_59116\" style=\"width: 460px\" class=\"wp-caption aligncenter\"><a class=\"lightbox\" title=\"Mil\u00e3o, a capital da moda italiana \u2013 Tend\u00eancias Inverno 2013 2014\" href=\"https:\/\/i0.wp.com\/www.agrund.com\/wp-content\/uploads\/2013\/01\/milao-a-capital-da-moda-italiana-tendencias-inverno-2013-2014-12.jpg\"><img aria-describedby=\"caption-attachment-59116\" decoding=\"async\" loading=\"lazy\" class=\"size-full wp-image-59116\" title=\"Mil\u00e3o, a capital da moda italiana \u2013 Tend\u00eancias Inverno 2013 2014\" src=\"https:\/\/i0.wp.com\/www.agrund.com\/wp-content\/uploads\/2013\/01\/milao-a-capital-da-moda-italiana-tendencias-inverno-2013-2014-12.jpg?resize=450%2C675\" alt=\"Mil\u00e3o, a capital da moda italiana \u2013 Tend\u00eancias Inverno 2013 2014\" width=\"450\" height=\"675\" data-recalc-dims=\"1\" \/><\/a><p id=\"caption-attachment-59116\" class=\"wp-caption-text\">Mil\u00e3o, a capital da moda italiana \u2013 Tend\u00eancias Inverno 2013 2014<\/p><\/div>\n<div id=\"attachment_59115\" style=\"width: 460px\" class=\"wp-caption aligncenter\"><a class=\"lightbox\" title=\"Mil\u00e3o, a capital da moda italiana \u2013 Tend\u00eancias Inverno 2013 2014\" href=\"https:\/\/i0.wp.com\/www.agrund.com\/wp-content\/uploads\/2013\/01\/milao-a-capital-da-moda-italiana-tendencias-inverno-2013-2014-11.jpg\"><img aria-describedby=\"caption-attachment-59115\" decoding=\"async\" loading=\"lazy\" class=\"size-full wp-image-59115\" title=\"Mil\u00e3o, a capital da moda italiana \u2013 Tend\u00eancias Inverno 2013 2014\" src=\"https:\/\/i0.wp.com\/www.agrund.com\/wp-content\/uploads\/2013\/01\/milao-a-capital-da-moda-italiana-tendencias-inverno-2013-2014-11.jpg?resize=450%2C677\" alt=\"Mil\u00e3o, a capital da moda italiana \u2013 Tend\u00eancias Inverno 2013 2014\" width=\"450\" height=\"677\" data-recalc-dims=\"1\" \/><\/a><p id=\"caption-attachment-59115\" class=\"wp-caption-text\">Mil\u00e3o, a capital da moda italiana \u2013 Tend\u00eancias Inverno 2013 2014<\/p><\/div>\n<div id=\"attachment_59114\" style=\"width: 460px\" class=\"wp-caption aligncenter\"><a class=\"lightbox\" title=\"Mil\u00e3o, a capital da moda italiana \u2013 Tend\u00eancias Inverno 2013 2014\" href=\"https:\/\/i0.wp.com\/www.agrund.com\/wp-content\/uploads\/2013\/01\/milao-a-capital-da-moda-italiana-tendencias-inverno-2013-2014-10.jpg\"><img aria-describedby=\"caption-attachment-59114\" decoding=\"async\" loading=\"lazy\" class=\"size-full wp-image-59114\" title=\"Mil\u00e3o, a capital da moda italiana \u2013 Tend\u00eancias Inverno 2013 2014\" src=\"https:\/\/i0.wp.com\/www.agrund.com\/wp-content\/uploads\/2013\/01\/milao-a-capital-da-moda-italiana-tendencias-inverno-2013-2014-10.jpg?resize=450%2C677\" alt=\"Mil\u00e3o, a capital da moda italiana \u2013 Tend\u00eancias Inverno 2013 2014\" width=\"450\" height=\"677\" data-recalc-dims=\"1\" \/><\/a><p id=\"caption-attachment-59114\" class=\"wp-caption-text\">Mil\u00e3o, a capital da moda italiana \u2013 Tend\u00eancias Inverno 2013 2014<\/p><\/div>\n<div id=\"attachment_59113\" style=\"width: 460px\" class=\"wp-caption aligncenter\"><a class=\"lightbox\" title=\"Mil\u00e3o, a capital da moda italiana \u2013 Tend\u00eancias Inverno 2013 2014\" href=\"https:\/\/i0.wp.com\/www.agrund.com\/wp-content\/uploads\/2013\/01\/milao-a-capital-da-moda-italiana-tendencias-inverno-2013-2014-9.jpg\"><img aria-describedby=\"caption-attachment-59113\" decoding=\"async\" loading=\"lazy\" class=\"size-full wp-image-59113\" title=\"Mil\u00e3o, a capital da moda italiana \u2013 Tend\u00eancias Inverno 2013 2014\" src=\"https:\/\/i0.wp.com\/www.agrund.com\/wp-content\/uploads\/2013\/01\/milao-a-capital-da-moda-italiana-tendencias-inverno-2013-2014-9.jpg?resize=450%2C677\" alt=\"Mil\u00e3o, a capital da moda italiana \u2013 Tend\u00eancias Inverno 2013 2014\" width=\"450\" height=\"677\" data-recalc-dims=\"1\" \/><\/a><p id=\"caption-attachment-59113\" class=\"wp-caption-text\">Mil\u00e3o, a capital da moda italiana \u2013 Tend\u00eancias Inverno 2013 2014<\/p><\/div>\n<div id=\"attachment_59112\" style=\"width: 460px\" class=\"wp-caption aligncenter\"><a class=\"lightbox\" title=\"Mil\u00e3o, a capital da moda italiana \u2013 Tend\u00eancias Inverno 2013 2014\" href=\"https:\/\/i0.wp.com\/www.agrund.com\/wp-content\/uploads\/2013\/01\/milao-a-capital-da-moda-italiana-tendencias-inverno-2013-2014-8.jpg\"><img aria-describedby=\"caption-attachment-59112\" decoding=\"async\" loading=\"lazy\" class=\"size-full wp-image-59112\" title=\"Mil\u00e3o, a capital da moda italiana \u2013 Tend\u00eancias Inverno 2013 2014\" src=\"https:\/\/i0.wp.com\/www.agrund.com\/wp-content\/uploads\/2013\/01\/milao-a-capital-da-moda-italiana-tendencias-inverno-2013-2014-8.jpg?resize=450%2C677\" alt=\"Mil\u00e3o, a capital da moda italiana \u2013 Tend\u00eancias Inverno 2013 2014\" width=\"450\" height=\"677\" data-recalc-dims=\"1\" \/><\/a><p id=\"caption-attachment-59112\" class=\"wp-caption-text\">Mil\u00e3o, a capital da moda italiana \u2013 Tend\u00eancias Inverno 2013 2014<\/p><\/div>\n<div id=\"attachment_59111\" style=\"width: 460px\" class=\"wp-caption aligncenter\"><a class=\"lightbox\" title=\"Mil\u00e3o, a capital da moda italiana \u2013 Tend\u00eancias Inverno 2013 2014\" href=\"https:\/\/i0.wp.com\/www.agrund.com\/wp-content\/uploads\/2013\/01\/milao-a-capital-da-moda-italiana-tendencias-inverno-2013-2014-7.jpg\"><img aria-describedby=\"caption-attachment-59111\" decoding=\"async\" loading=\"lazy\" class=\"size-full wp-image-59111\" title=\"Mil\u00e3o, a capital da moda italiana \u2013 Tend\u00eancias Inverno 2013 2014\" src=\"https:\/\/i0.wp.com\/www.agrund.com\/wp-content\/uploads\/2013\/01\/milao-a-capital-da-moda-italiana-tendencias-inverno-2013-2014-7.jpg?resize=450%2C675\" alt=\"Mil\u00e3o, a capital da moda italiana \u2013 Tend\u00eancias Inverno 2013 2014\" width=\"450\" height=\"675\" data-recalc-dims=\"1\" \/><\/a><p id=\"caption-attachment-59111\" class=\"wp-caption-text\">Mil\u00e3o, a capital da moda italiana \u2013 Tend\u00eancias Inverno 2013 2014<\/p><\/div>\n<div id=\"attachment_59110\" style=\"width: 460px\" class=\"wp-caption aligncenter\"><a class=\"lightbox\" title=\"Mil\u00e3o, a capital da moda italiana \u2013 Tend\u00eancias Inverno 2013 2014\" href=\"https:\/\/i0.wp.com\/www.agrund.com\/wp-content\/uploads\/2013\/01\/milao-a-capital-da-moda-italiana-tendencias-inverno-2013-2014-6.jpg\"><img aria-describedby=\"caption-attachment-59110\" decoding=\"async\" loading=\"lazy\" class=\"size-full wp-image-59110\" title=\"Mil\u00e3o, a capital da moda italiana \u2013 Tend\u00eancias Inverno 2013 2014\" src=\"https:\/\/i0.wp.com\/www.agrund.com\/wp-content\/uploads\/2013\/01\/milao-a-capital-da-moda-italiana-tendencias-inverno-2013-2014-6.jpg?resize=450%2C677\" alt=\"Mil\u00e3o, a capital da moda italiana \u2013 Tend\u00eancias Inverno 2013 2014\" width=\"450\" height=\"677\" data-recalc-dims=\"1\" \/><\/a><p id=\"caption-attachment-59110\" class=\"wp-caption-text\">Mil\u00e3o, a capital da moda italiana \u2013 Tend\u00eancias Inverno 2013 2014<\/p><\/div>\n<div id=\"attachment_59109\" style=\"width: 460px\" class=\"wp-caption aligncenter\"><a class=\"lightbox\" title=\"Mil\u00e3o, a capital da moda italiana \u2013 Tend\u00eancias Inverno 2013 2014\" href=\"https:\/\/i0.wp.com\/www.agrund.com\/wp-content\/uploads\/2013\/01\/milao-a-capital-da-moda-italiana-tendencias-inverno-2013-2014-5.jpg\"><img aria-describedby=\"caption-attachment-59109\" decoding=\"async\" loading=\"lazy\" class=\"size-full wp-image-59109\" title=\"Mil\u00e3o, a capital da moda italiana \u2013 Tend\u00eancias Inverno 2013 2014\" src=\"https:\/\/i0.wp.com\/www.agrund.com\/wp-content\/uploads\/2013\/01\/milao-a-capital-da-moda-italiana-tendencias-inverno-2013-2014-5.jpg?resize=450%2C675\" alt=\"Mil\u00e3o, a capital da moda italiana \u2013 Tend\u00eancias Inverno 2013 2014\" width=\"450\" height=\"675\" data-recalc-dims=\"1\" \/><\/a><p id=\"caption-attachment-59109\" class=\"wp-caption-text\">Mil\u00e3o, a capital da moda italiana \u2013 Tend\u00eancias Inverno 2013 2014<\/p><\/div>\n<div id=\"attachment_59108\" style=\"width: 460px\" class=\"wp-caption aligncenter\"><a class=\"lightbox\" title=\"Mil\u00e3o, a capital da moda italiana \u2013 Tend\u00eancias Inverno 2013 2014\" href=\"https:\/\/i0.wp.com\/www.agrund.com\/wp-content\/uploads\/2013\/01\/milao-a-capital-da-moda-italiana-tendencias-inverno-2013-2014-4.jpg\"><img aria-describedby=\"caption-attachment-59108\" decoding=\"async\" loading=\"lazy\" class=\"size-full wp-image-59108\" title=\"Mil\u00e3o, a capital da moda italiana \u2013 Tend\u00eancias Inverno 2013 2014\" src=\"https:\/\/i0.wp.com\/www.agrund.com\/wp-content\/uploads\/2013\/01\/milao-a-capital-da-moda-italiana-tendencias-inverno-2013-2014-4.jpg?resize=450%2C675\" alt=\"Mil\u00e3o, a capital da moda italiana \u2013 Tend\u00eancias Inverno 2013 2014\" width=\"450\" height=\"675\" data-recalc-dims=\"1\" \/><\/a><p id=\"caption-attachment-59108\" class=\"wp-caption-text\">Mil\u00e3o, a capital da moda italiana \u2013 Tend\u00eancias Inverno 2013 2014<\/p><\/div>\n<div id=\"attachment_59107\" style=\"width: 460px\" class=\"wp-caption aligncenter\"><a class=\"lightbox\" title=\"Mil\u00e3o, a capital da moda italiana \u2013 Tend\u00eancias Inverno 2013 2014\" href=\"https:\/\/i0.wp.com\/www.agrund.com\/wp-content\/uploads\/2013\/01\/milao-a-capital-da-moda-italiana-tendencias-inverno-2013-2014-3.jpg\"><img aria-describedby=\"caption-attachment-59107\" decoding=\"async\" loading=\"lazy\" class=\"size-full wp-image-59107\" title=\"Mil\u00e3o, a capital da moda italiana \u2013 Tend\u00eancias Inverno 2013 2014\" src=\"https:\/\/i0.wp.com\/www.agrund.com\/wp-content\/uploads\/2013\/01\/milao-a-capital-da-moda-italiana-tendencias-inverno-2013-2014-3.jpg?resize=450%2C677\" alt=\"Mil\u00e3o, a capital da moda italiana \u2013 Tend\u00eancias Inverno 2013 2014\" width=\"450\" height=\"677\" data-recalc-dims=\"1\" \/><\/a><p id=\"caption-attachment-59107\" class=\"wp-caption-text\">Mil\u00e3o, a capital da moda italiana \u2013 Tend\u00eancias Inverno 2013 2014<\/p><\/div>\n<div id=\"attachment_59106\" style=\"width: 460px\" class=\"wp-caption aligncenter\"><a class=\"lightbox\" title=\"Mil\u00e3o, a capital da moda italiana \u2013 Tend\u00eancias Inverno 2013 2014\" href=\"https:\/\/i0.wp.com\/www.agrund.com\/wp-content\/uploads\/2013\/01\/milao-a-capital-da-moda-italiana-tendencias-inverno-2013-2014-2.jpg\"><img aria-describedby=\"caption-attachment-59106\" decoding=\"async\" loading=\"lazy\" class=\"size-full wp-image-59106\" title=\"Mil\u00e3o, a capital da moda italiana \u2013 Tend\u00eancias Inverno 2013 2014\" src=\"https:\/\/i0.wp.com\/www.agrund.com\/wp-content\/uploads\/2013\/01\/milao-a-capital-da-moda-italiana-tendencias-inverno-2013-2014-2.jpg?resize=450%2C675\" alt=\"Mil\u00e3o, a capital da moda italiana \u2013 Tend\u00eancias Inverno 2013 2014\" width=\"450\" height=\"675\" data-recalc-dims=\"1\" \/><\/a><p id=\"caption-attachment-59106\" class=\"wp-caption-text\">Mil\u00e3o, a capital da moda italiana \u2013 Tend\u00eancias Inverno 2013 2014<\/p><\/div>\n<div id=\"attachment_59105\" style=\"width: 460px\" class=\"wp-caption aligncenter\"><a class=\"lightbox\" title=\"Mil\u00e3o, a capital da moda italiana \u2013 Tend\u00eancias Inverno 2013 2014\" href=\"https:\/\/i0.wp.com\/www.agrund.com\/wp-content\/uploads\/2013\/01\/milao-a-capital-da-moda-italiana-tendencias-inverno-2013-2014-1.jpg\"><img aria-describedby=\"caption-attachment-59105\" decoding=\"async\" loading=\"lazy\" class=\"size-full wp-image-59105\" title=\"Mil\u00e3o, a capital da moda italiana \u2013 Tend\u00eancias Inverno 2013 2014\" src=\"https:\/\/i0.wp.com\/www.agrund.com\/wp-content\/uploads\/2013\/01\/milao-a-capital-da-moda-italiana-tendencias-inverno-2013-2014-1.jpg?resize=450%2C675\" alt=\"Mil\u00e3o, a capital da moda italiana \u2013 Tend\u00eancias Inverno 2013 2014\" width=\"450\" height=\"675\" data-recalc-dims=\"1\" \/><\/a><p id=\"caption-attachment-59105\" class=\"wp-caption-text\">Mil\u00e3o, a capital da moda italiana \u2013 Tend\u00eancias Inverno 2013 2014<\/p><\/div>\n<p>Imagens: Reprodu\u00e7\u00e3o.<\/p>\n","protected":false},"excerpt":{"rendered":"<p>Entre 12 e 15 de janeiro aconteceu na capital da moda italiana a famosa Semana de Moda de Mil\u00e3o. E assim como fiz em Londres, separei para voc\u00eas algumas tend\u00eancias que prometem mexer com o guarda roupa masculino. O que temos de igual entre Londres e Mil\u00e3o? Abotoamento duplo, cartela de cores entre os cinzas, [&hellip;]<\/p>\n","protected":false},"author":8,"featured_media":59120,"comment_status":"open","ping_status":"open","sticky":false,"template":"","format":"standard","meta":{"jetpack_post_was_ever_published":false,"_jetpack_newsletter_access":"","jetpack_publicize_message":"","jetpack_is_tweetstorm":false,"jetpack_publicize_feature_enabled":true,"jetpack_social_post_already_shared":false,"jetpack_social_options":{"image_generator_settings":{"template":"highway","enabled":false}}},"categories":[6],"tags":[],"jetpack_publicize_connections":[],"jetpack_featured_media_url":"","jetpack_sharing_enabled":true,"jetpack_shortlink":"https:\/\/wp.me\/p3Hz0n-fmY","jetpack_likes_enabled":true,"_links":{"self":[{"href":"https:\/\/agrund.com\/index.php\/wp-json\/wp\/v2\/posts\/59084"}],"collection":[{"href":"https:\/\/agrund.com\/index.php\/wp-json\/wp\/v2\/posts"}],"about":[{"href":"https:\/\/agrund.com\/index.php\/wp-json\/wp\/v2\/types\/post"}],"author":[{"embeddable":true,"href":"https:\/\/agrund.com\/index.php\/wp-json\/wp\/v2\/users\/8"}],"replies":[{"embeddable":true,"href":"https:\/\/agrund.com\/index.php\/wp-json\/wp\/v2\/comments?post=59084"}],"version-history":[{"count":0,"href":"https:\/\/agrund.com\/index.php\/wp-json\/wp\/v2\/posts\/59084\/revisions"}],"wp:featuredmedia":[{"embeddable":true,"href":"https:\/\/agrund.com\/index.php\/wp-json\/"}],"wp:attachment":[{"href":"https:\/\/agrund.com\/index.php\/wp-json\/wp\/v2\/media?parent=59084"}],"wp:term":[{"taxonomy":"category","embeddable":true,"href":"https:\/\/agrund.com\/index.php\/wp-json\/wp\/v2\/categories?post=59084"},{"taxonomy":"post_tag","embeddable":true,"href":"https:\/\/agrund.com\/index.php\/wp-json\/wp\/v2\/tags?post=59084"}],"curies":[{"name":"wp","href":"https:\/\/api.w.org\/{rel}","templated":true}]}}