{"id":58251,"date":"2013-01-14T19:30:36","date_gmt":"2013-01-14T21:30:36","guid":{"rendered":"http:\/\/www.agrund.com\/?p=58251"},"modified":"2013-01-14T19:30:36","modified_gmt":"2013-01-14T21:30:36","slug":"inverno-2013-de-christopher-kane-tem-inspiracao-sombria","status":"publish","type":"post","link":"https:\/\/agrund.com\/index.php\/inverno-2013-de-christopher-kane-tem-inspiracao-sombria\/","title":{"rendered":"Inverno 2013 de Christopher Kane tem inspira\u00e7\u00e3o sombria"},"content":{"rendered":"<p>Christopher Kane acaba de divulgar imagens do seu lookbook Inverno 2013. A cole\u00e7\u00e3o, que foi inspirada nos principais contos de monstros como Frankstein e Dr\u00e1cula, tem estampas literais com desenhos dos personagens e uma cartela de cores que predominam o roxo, preto e vermelho. Os casacos longos e pesados de alfaiataria tamb\u00e9m os remetem \u00e0 inspira\u00e7\u00e3o sombria. Gostaram?<\/p>\n<div id=\"attachment_58257\" style=\"width: 460px\" class=\"wp-caption aligncenter\"><a class=\"lightbox\" title=\"Inverno 2013 de Christopher Kane tem inspira\u00e7\u00e3o sombria\" href=\"https:\/\/i0.wp.com\/www.agrund.com\/wp-content\/uploads\/2013\/01\/inverno-2013-de-christopher-kane-tem-inspiracao-sombria-6.jpg\"><img aria-describedby=\"caption-attachment-58257\" decoding=\"async\" loading=\"lazy\" class=\"size-full wp-image-58257\" title=\"Inverno 2013 de Christopher Kane tem inspira\u00e7\u00e3o sombria\" src=\"https:\/\/i0.wp.com\/www.agrund.com\/wp-content\/uploads\/2013\/01\/inverno-2013-de-christopher-kane-tem-inspiracao-sombria-6.jpg?resize=450%2C337\" alt=\"Inverno 2013 de Christopher Kane tem inspira\u00e7\u00e3o sombria\" width=\"450\" height=\"337\" data-recalc-dims=\"1\" \/><\/a><p id=\"caption-attachment-58257\" class=\"wp-caption-text\">Inverno 2013 de Christopher Kane tem inspira\u00e7\u00e3o sombria<\/p><\/div>\n<div id=\"attachment_58256\" style=\"width: 460px\" class=\"wp-caption aligncenter\"><a class=\"lightbox\" title=\"Inverno 2013 de Christopher Kane tem inspira\u00e7\u00e3o sombria\" href=\"https:\/\/i0.wp.com\/www.agrund.com\/wp-content\/uploads\/2013\/01\/inverno-2013-de-christopher-kane-tem-inspiracao-sombria-5.jpg\"><img aria-describedby=\"caption-attachment-58256\" decoding=\"async\" loading=\"lazy\" class=\"size-full wp-image-58256\" title=\"Inverno 2013 de Christopher Kane tem inspira\u00e7\u00e3o sombria\" src=\"https:\/\/i0.wp.com\/www.agrund.com\/wp-content\/uploads\/2013\/01\/inverno-2013-de-christopher-kane-tem-inspiracao-sombria-5.jpg?resize=450%2C337\" alt=\"Inverno 2013 de Christopher Kane tem inspira\u00e7\u00e3o sombria\" width=\"450\" height=\"337\" data-recalc-dims=\"1\" \/><\/a><p id=\"caption-attachment-58256\" class=\"wp-caption-text\">Inverno 2013 de Christopher Kane tem inspira\u00e7\u00e3o sombria<\/p><\/div>\n<div id=\"attachment_58255\" style=\"width: 460px\" class=\"wp-caption aligncenter\"><a class=\"lightbox\" title=\"Inverno 2013 de Christopher Kane tem inspira\u00e7\u00e3o sombria\" href=\"https:\/\/i0.wp.com\/www.agrund.com\/wp-content\/uploads\/2013\/01\/inverno-2013-de-christopher-kane-tem-inspiracao-sombria-4.jpg\"><img aria-describedby=\"caption-attachment-58255\" decoding=\"async\" loading=\"lazy\" class=\"size-full wp-image-58255\" title=\"Inverno 2013 de Christopher Kane tem inspira\u00e7\u00e3o sombria\" src=\"https:\/\/i0.wp.com\/www.agrund.com\/wp-content\/uploads\/2013\/01\/inverno-2013-de-christopher-kane-tem-inspiracao-sombria-4.jpg?resize=450%2C337\" alt=\"Inverno 2013 de Christopher Kane tem inspira\u00e7\u00e3o sombria\" width=\"450\" height=\"337\" data-recalc-dims=\"1\" \/><\/a><p id=\"caption-attachment-58255\" class=\"wp-caption-text\">Inverno 2013 de Christopher Kane tem inspira\u00e7\u00e3o sombria<\/p><\/div>\n<div id=\"attachment_58254\" style=\"width: 460px\" class=\"wp-caption aligncenter\"><a class=\"lightbox\" title=\"Inverno 2013 de Christopher Kane tem inspira\u00e7\u00e3o sombria\" href=\"https:\/\/i0.wp.com\/www.agrund.com\/wp-content\/uploads\/2013\/01\/inverno-2013-de-christopher-kane-tem-inspiracao-sombria-3.jpg\"><img aria-describedby=\"caption-attachment-58254\" decoding=\"async\" loading=\"lazy\" class=\"size-full wp-image-58254\" title=\"Inverno 2013 de Christopher Kane tem inspira\u00e7\u00e3o sombria\" src=\"https:\/\/i0.wp.com\/www.agrund.com\/wp-content\/uploads\/2013\/01\/inverno-2013-de-christopher-kane-tem-inspiracao-sombria-3.jpg?resize=450%2C337\" alt=\"Inverno 2013 de Christopher Kane tem inspira\u00e7\u00e3o sombria\" width=\"450\" height=\"337\" data-recalc-dims=\"1\" \/><\/a><p id=\"caption-attachment-58254\" class=\"wp-caption-text\">Inverno 2013 de Christopher Kane tem inspira\u00e7\u00e3o sombria<\/p><\/div>\n<div id=\"attachment_58253\" style=\"width: 460px\" class=\"wp-caption aligncenter\"><a class=\"lightbox\" title=\"Inverno 2013 de Christopher Kane tem inspira\u00e7\u00e3o sombria\" href=\"https:\/\/i0.wp.com\/www.agrund.com\/wp-content\/uploads\/2013\/01\/inverno-2013-de-christopher-kane-tem-inspiracao-sombria-2.jpg\"><img aria-describedby=\"caption-attachment-58253\" decoding=\"async\" loading=\"lazy\" class=\"size-full wp-image-58253\" title=\"Inverno 2013 de Christopher Kane tem inspira\u00e7\u00e3o sombria\" src=\"https:\/\/i0.wp.com\/www.agrund.com\/wp-content\/uploads\/2013\/01\/inverno-2013-de-christopher-kane-tem-inspiracao-sombria-2.jpg?resize=450%2C337\" alt=\"Inverno 2013 de Christopher Kane tem inspira\u00e7\u00e3o sombria\" width=\"450\" height=\"337\" data-recalc-dims=\"1\" \/><\/a><p id=\"caption-attachment-58253\" class=\"wp-caption-text\">Inverno 2013 de Christopher Kane tem inspira\u00e7\u00e3o sombria<\/p><\/div>\n<div id=\"attachment_58252\" style=\"width: 460px\" class=\"wp-caption aligncenter\"><a class=\"lightbox\" title=\"Inverno 2013 de Christopher Kane tem inspira\u00e7\u00e3o sombria\" href=\"https:\/\/i0.wp.com\/www.agrund.com\/wp-content\/uploads\/2013\/01\/inverno-2013-de-christopher-kane-tem-inspiracao-sombria-1.jpg\"><img aria-describedby=\"caption-attachment-58252\" decoding=\"async\" loading=\"lazy\" class=\"size-full wp-image-58252\" title=\"Inverno 2013 de Christopher Kane tem inspira\u00e7\u00e3o sombria\" src=\"https:\/\/i0.wp.com\/www.agrund.com\/wp-content\/uploads\/2013\/01\/inverno-2013-de-christopher-kane-tem-inspiracao-sombria-1.jpg?resize=450%2C337\" alt=\"Inverno 2013 de Christopher Kane tem inspira\u00e7\u00e3o sombria\" width=\"450\" height=\"337\" data-recalc-dims=\"1\" \/><\/a><p id=\"caption-attachment-58252\" class=\"wp-caption-text\">Inverno 2013 de Christopher Kane tem inspira\u00e7\u00e3o sombria<\/p><\/div>\n<p>Imagens: Reprodu\u00e7\u00e3o.<\/p>\n","protected":false},"excerpt":{"rendered":"<p>Christopher Kane acaba de divulgar imagens do seu lookbook Inverno 2013. A cole\u00e7\u00e3o, que foi inspirada nos principais contos de monstros como Frankstein e Dr\u00e1cula, tem estampas literais com desenhos dos personagens e uma cartela de cores que predominam o roxo, preto e vermelho. Os casacos longos e pesados de alfaiataria tamb\u00e9m os remetem \u00e0 [&hellip;]<\/p>\n","protected":false},"author":8,"featured_media":58258,"comment_status":"open","ping_status":"open","sticky":false,"template":"","format":"standard","meta":{"jetpack_post_was_ever_published":false,"_jetpack_newsletter_access":"","jetpack_publicize_message":"","jetpack_is_tweetstorm":false,"jetpack_publicize_feature_enabled":true,"jetpack_social_post_already_shared":false,"jetpack_social_options":{"image_generator_settings":{"template":"highway","enabled":false}}},"categories":[6],"tags":[],"jetpack_publicize_connections":[],"jetpack_featured_media_url":"","jetpack_sharing_enabled":true,"jetpack_shortlink":"https:\/\/wp.me\/p3Hz0n-f9x","jetpack_likes_enabled":true,"_links":{"self":[{"href":"https:\/\/agrund.com\/index.php\/wp-json\/wp\/v2\/posts\/58251"}],"collection":[{"href":"https:\/\/agrund.com\/index.php\/wp-json\/wp\/v2\/posts"}],"about":[{"href":"https:\/\/agrund.com\/index.php\/wp-json\/wp\/v2\/types\/post"}],"author":[{"embeddable":true,"href":"https:\/\/agrund.com\/index.php\/wp-json\/wp\/v2\/users\/8"}],"replies":[{"embeddable":true,"href":"https:\/\/agrund.com\/index.php\/wp-json\/wp\/v2\/comments?post=58251"}],"version-history":[{"count":0,"href":"https:\/\/agrund.com\/index.php\/wp-json\/wp\/v2\/posts\/58251\/revisions"}],"wp:featuredmedia":[{"embeddable":true,"href":"https:\/\/agrund.com\/index.php\/wp-json\/"}],"wp:attachment":[{"href":"https:\/\/agrund.com\/index.php\/wp-json\/wp\/v2\/media?parent=58251"}],"wp:term":[{"taxonomy":"category","embeddable":true,"href":"https:\/\/agrund.com\/index.php\/wp-json\/wp\/v2\/categories?post=58251"},{"taxonomy":"post_tag","embeddable":true,"href":"https:\/\/agrund.com\/index.php\/wp-json\/wp\/v2\/tags?post=58251"}],"curies":[{"name":"wp","href":"https:\/\/api.w.org\/{rel}","templated":true}]}}