{"id":58206,"date":"2013-01-14T22:00:22","date_gmt":"2013-01-15T00:00:22","guid":{"rendered":"http:\/\/www.agrund.com\/?p=58206"},"modified":"2013-01-14T22:00:22","modified_gmt":"2013-01-15T00:00:22","slug":"os-sneakers-da-givenchy-para-o-inverno-2013","status":"publish","type":"post","link":"https:\/\/agrund.com\/index.php\/os-sneakers-da-givenchy-para-o-inverno-2013\/","title":{"rendered":"Os sneakers da Givenchy para o Inverno 2013"},"content":{"rendered":"<p>A Givenchy divulgou um preview de sua cole\u00e7\u00e3o de sapatos para o Inverno 2013. S\u00e3o 2 modelos de sneakers, cada um com duas varia\u00e7\u00f5es de cores. O t\u00eanis de cano alto ganhou uma vers\u00e3o com estampa quadriculada preta e branca; e outra na cor preta fosca com detalhe em dourado. J\u00e1 o modelo de cano baixo \u00e9 todo feito de trec\u00ea de couro em dois tons. Qual voc\u00ea mais gosta?<\/p>\n<div id=\"attachment_58210\" style=\"width: 560px\" class=\"wp-caption aligncenter\"><a class=\"lightbox\" title=\"Os sneakers da Givenchy para o Inverno 2013\" href=\"https:\/\/i0.wp.com\/www.agrund.com\/wp-content\/uploads\/2013\/01\/os-sneakers-da-givenchy-para-o-inverno-2013-4.jpg\"><img aria-describedby=\"caption-attachment-58210\" decoding=\"async\" loading=\"lazy\" class=\"size-full wp-image-58210\" title=\"Os sneakers da Givenchy para o Inverno 2013\" src=\"https:\/\/i0.wp.com\/www.agrund.com\/wp-content\/uploads\/2013\/01\/os-sneakers-da-givenchy-para-o-inverno-2013-4.jpg?resize=550%2C615\" alt=\"Os sneakers da Givenchy para o Inverno 2013\" width=\"550\" height=\"615\" data-recalc-dims=\"1\" \/><\/a><p id=\"caption-attachment-58210\" class=\"wp-caption-text\">Os sneakers da Givenchy para o Inverno 2013<\/p><\/div>\n<div id=\"attachment_58209\" style=\"width: 560px\" class=\"wp-caption aligncenter\"><a class=\"lightbox\" title=\"Os sneakers da Givenchy para o Inverno 2013\" href=\"https:\/\/i0.wp.com\/www.agrund.com\/wp-content\/uploads\/2013\/01\/os-sneakers-da-givenchy-para-o-inverno-2013-3.jpg\"><img aria-describedby=\"caption-attachment-58209\" decoding=\"async\" loading=\"lazy\" class=\"size-full wp-image-58209\" title=\"Os sneakers da Givenchy para o Inverno 2013\" src=\"https:\/\/i0.wp.com\/www.agrund.com\/wp-content\/uploads\/2013\/01\/os-sneakers-da-givenchy-para-o-inverno-2013-3.jpg?resize=550%2C615\" alt=\"Os sneakers da Givenchy para o Inverno 2013\" width=\"550\" height=\"615\" data-recalc-dims=\"1\" \/><\/a><p id=\"caption-attachment-58209\" class=\"wp-caption-text\">Os sneakers da Givenchy para o Inverno 2013<\/p><\/div>\n<div id=\"attachment_58208\" style=\"width: 560px\" class=\"wp-caption aligncenter\"><a class=\"lightbox\" title=\"Os sneakers da Givenchy para o Inverno 2013\" href=\"https:\/\/i0.wp.com\/www.agrund.com\/wp-content\/uploads\/2013\/01\/os-sneakers-da-givenchy-para-o-inverno-2013-2.jpg\"><img aria-describedby=\"caption-attachment-58208\" decoding=\"async\" loading=\"lazy\" class=\"size-full wp-image-58208\" title=\"Os sneakers da Givenchy para o Inverno 2013\" src=\"https:\/\/i0.wp.com\/www.agrund.com\/wp-content\/uploads\/2013\/01\/os-sneakers-da-givenchy-para-o-inverno-2013-2.jpg?resize=550%2C615\" alt=\"Os sneakers da Givenchy para o Inverno 2013\" width=\"550\" height=\"615\" data-recalc-dims=\"1\" \/><\/a><p id=\"caption-attachment-58208\" class=\"wp-caption-text\">Os sneakers da Givenchy para o Inverno 2013<\/p><\/div>\n<div id=\"attachment_58207\" style=\"width: 560px\" class=\"wp-caption aligncenter\"><a class=\"lightbox\" title=\"Os sneakers da Givenchy para o Inverno 2013\" href=\"https:\/\/i0.wp.com\/www.agrund.com\/wp-content\/uploads\/2013\/01\/os-sneakers-da-givenchy-para-o-inverno-2013-1.jpg\"><img aria-describedby=\"caption-attachment-58207\" decoding=\"async\" loading=\"lazy\" class=\"size-full wp-image-58207\" title=\"Os sneakers da Givenchy para o Inverno 2013\" src=\"https:\/\/i0.wp.com\/www.agrund.com\/wp-content\/uploads\/2013\/01\/os-sneakers-da-givenchy-para-o-inverno-2013-1.jpg?resize=550%2C615\" alt=\"Os sneakers da Givenchy para o Inverno 2013\" width=\"550\" height=\"615\" data-recalc-dims=\"1\" \/><\/a><p id=\"caption-attachment-58207\" class=\"wp-caption-text\">Os sneakers da Givenchy para o Inverno 2013<\/p><\/div>\n<p>Imagens: Reprodu\u00e7\u00e3o.<\/p>\n","protected":false},"excerpt":{"rendered":"<p>A Givenchy divulgou um preview de sua cole\u00e7\u00e3o de sapatos para o Inverno 2013. S\u00e3o 2 modelos de sneakers, cada um com duas varia\u00e7\u00f5es de cores. O t\u00eanis de cano alto ganhou uma vers\u00e3o com estampa quadriculada preta e branca; e outra na cor preta fosca com detalhe em dourado. J\u00e1 o modelo de cano [&hellip;]<\/p>\n","protected":false},"author":8,"featured_media":58211,"comment_status":"open","ping_status":"open","sticky":false,"template":"","format":"standard","meta":{"jetpack_post_was_ever_published":false,"_jetpack_newsletter_access":"","jetpack_publicize_message":"","jetpack_is_tweetstorm":false,"jetpack_publicize_feature_enabled":true,"jetpack_social_post_already_shared":false,"jetpack_social_options":{"image_generator_settings":{"template":"highway","enabled":false}}},"categories":[6],"tags":[],"jetpack_publicize_connections":[],"jetpack_featured_media_url":"","jetpack_sharing_enabled":true,"jetpack_shortlink":"https:\/\/wp.me\/p3Hz0n-f8O","jetpack_likes_enabled":true,"_links":{"self":[{"href":"https:\/\/agrund.com\/index.php\/wp-json\/wp\/v2\/posts\/58206"}],"collection":[{"href":"https:\/\/agrund.com\/index.php\/wp-json\/wp\/v2\/posts"}],"about":[{"href":"https:\/\/agrund.com\/index.php\/wp-json\/wp\/v2\/types\/post"}],"author":[{"embeddable":true,"href":"https:\/\/agrund.com\/index.php\/wp-json\/wp\/v2\/users\/8"}],"replies":[{"embeddable":true,"href":"https:\/\/agrund.com\/index.php\/wp-json\/wp\/v2\/comments?post=58206"}],"version-history":[{"count":0,"href":"https:\/\/agrund.com\/index.php\/wp-json\/wp\/v2\/posts\/58206\/revisions"}],"wp:featuredmedia":[{"embeddable":true,"href":"https:\/\/agrund.com\/index.php\/wp-json\/"}],"wp:attachment":[{"href":"https:\/\/agrund.com\/index.php\/wp-json\/wp\/v2\/media?parent=58206"}],"wp:term":[{"taxonomy":"category","embeddable":true,"href":"https:\/\/agrund.com\/index.php\/wp-json\/wp\/v2\/categories?post=58206"},{"taxonomy":"post_tag","embeddable":true,"href":"https:\/\/agrund.com\/index.php\/wp-json\/wp\/v2\/tags?post=58206"}],"curies":[{"name":"wp","href":"https:\/\/api.w.org\/{rel}","templated":true}]}}