{"id":58198,"date":"2013-01-14T21:00:33","date_gmt":"2013-01-14T23:00:33","guid":{"rendered":"http:\/\/www.agrund.com\/?p=58198"},"modified":"2013-01-14T21:00:33","modified_gmt":"2013-01-14T23:00:33","slug":"dior-homme-lanca-nova-colecao-de-oculos","status":"publish","type":"post","link":"https:\/\/agrund.com\/index.php\/dior-homme-lanca-nova-colecao-de-oculos\/","title":{"rendered":"Dior Homme lan\u00e7a nova cole\u00e7\u00e3o de \u00f3culos"},"content":{"rendered":"<p>A Dior Homme lan\u00e7ou sua nova cole\u00e7\u00e3o de \u00f3culos escuros, a &#8220;BlackTie&#8221; 2.0. Os modelos ganharam camadas de acetato ultra fino e uma estrutura de metal super leve, combinando alta tecnologia \u00e0 modernidade do seu novo design. Aqui voc\u00ea pode conferir 4 modelos, que v\u00e3o do aviador ao wayfarer, veja:<\/p>\n<div id=\"attachment_58199\" style=\"width: 460px\" class=\"wp-caption aligncenter\"><a class=\"lightbox\" title=\"Dior Homme lan\u00e7a nova cole\u00e7\u00e3o de \u00f3culos \" href=\"https:\/\/i0.wp.com\/www.agrund.com\/wp-content\/uploads\/2013\/01\/dior-homme-lanca-nova-colecao-de-oculos-1.jpg\"><img aria-describedby=\"caption-attachment-58199\" decoding=\"async\" loading=\"lazy\" class=\"size-full wp-image-58199\" title=\"Dior Homme lan\u00e7a nova cole\u00e7\u00e3o de \u00f3culos \" src=\"https:\/\/i0.wp.com\/www.agrund.com\/wp-content\/uploads\/2013\/01\/dior-homme-lanca-nova-colecao-de-oculos-1.jpg?resize=450%2C300\" alt=\"Dior Homme lan\u00e7a nova cole\u00e7\u00e3o de \u00f3culos \" width=\"450\" height=\"300\" data-recalc-dims=\"1\" \/><\/a><p id=\"caption-attachment-58199\" class=\"wp-caption-text\">Dior Homme lan\u00e7a nova cole\u00e7\u00e3o de \u00f3culos<\/p><\/div>\n<div id=\"attachment_58200\" style=\"width: 460px\" class=\"wp-caption aligncenter\"><a class=\"lightbox\" title=\"Dior Homme lan\u00e7a nova cole\u00e7\u00e3o de \u00f3culos \" href=\"https:\/\/i0.wp.com\/www.agrund.com\/wp-content\/uploads\/2013\/01\/dior-homme-lanca-nova-colecao-de-oculos-2.jpg\"><img aria-describedby=\"caption-attachment-58200\" decoding=\"async\" loading=\"lazy\" class=\"size-full wp-image-58200\" title=\"Dior Homme lan\u00e7a nova cole\u00e7\u00e3o de \u00f3culos \" src=\"https:\/\/i0.wp.com\/www.agrund.com\/wp-content\/uploads\/2013\/01\/dior-homme-lanca-nova-colecao-de-oculos-2.jpg?resize=450%2C300\" alt=\"Dior Homme lan\u00e7a nova cole\u00e7\u00e3o de \u00f3culos \" width=\"450\" height=\"300\" data-recalc-dims=\"1\" \/><\/a><p id=\"caption-attachment-58200\" class=\"wp-caption-text\">Dior Homme lan\u00e7a nova cole\u00e7\u00e3o de \u00f3culos<\/p><\/div>\n<div id=\"attachment_58201\" style=\"width: 460px\" class=\"wp-caption aligncenter\"><a class=\"lightbox\" title=\"Dior Homme lan\u00e7a nova cole\u00e7\u00e3o de \u00f3culos \" href=\"https:\/\/i0.wp.com\/www.agrund.com\/wp-content\/uploads\/2013\/01\/dior-homme-lanca-nova-colecao-de-oculos-3.jpg\"><img aria-describedby=\"caption-attachment-58201\" decoding=\"async\" loading=\"lazy\" class=\"size-full wp-image-58201\" title=\"Dior Homme lan\u00e7a nova cole\u00e7\u00e3o de \u00f3culos \" src=\"https:\/\/i0.wp.com\/www.agrund.com\/wp-content\/uploads\/2013\/01\/dior-homme-lanca-nova-colecao-de-oculos-3.jpg?resize=450%2C300\" alt=\"Dior Homme lan\u00e7a nova cole\u00e7\u00e3o de \u00f3culos \" width=\"450\" height=\"300\" data-recalc-dims=\"1\" \/><\/a><p id=\"caption-attachment-58201\" class=\"wp-caption-text\">Dior Homme lan\u00e7a nova cole\u00e7\u00e3o de \u00f3culos<\/p><\/div>\n<div id=\"attachment_58202\" style=\"width: 460px\" class=\"wp-caption aligncenter\"><a class=\"lightbox\" title=\"Dior Homme lan\u00e7a nova cole\u00e7\u00e3o de \u00f3culos \" href=\"https:\/\/i0.wp.com\/www.agrund.com\/wp-content\/uploads\/2013\/01\/dior-homme-lanca-nova-colecao-de-oculos-4.jpg\"><img aria-describedby=\"caption-attachment-58202\" decoding=\"async\" loading=\"lazy\" class=\"size-full wp-image-58202\" title=\"Dior Homme lan\u00e7a nova cole\u00e7\u00e3o de \u00f3culos \" src=\"https:\/\/i0.wp.com\/www.agrund.com\/wp-content\/uploads\/2013\/01\/dior-homme-lanca-nova-colecao-de-oculos-4.jpg?resize=450%2C300\" alt=\"Dior Homme lan\u00e7a nova cole\u00e7\u00e3o de \u00f3culos \" width=\"450\" height=\"300\" data-recalc-dims=\"1\" \/><\/a><p id=\"caption-attachment-58202\" class=\"wp-caption-text\">Dior Homme lan\u00e7a nova cole\u00e7\u00e3o de \u00f3culos<\/p><\/div>\n<p>Imagens: Reprodu\u00e7\u00e3o.<\/p>\n","protected":false},"excerpt":{"rendered":"<p>A Dior Homme lan\u00e7ou sua nova cole\u00e7\u00e3o de \u00f3culos escuros, a &#8220;BlackTie&#8221; 2.0. Os modelos ganharam camadas de acetato ultra fino e uma estrutura de metal super leve, combinando alta tecnologia \u00e0 modernidade do seu novo design. Aqui voc\u00ea pode conferir 4 modelos, que v\u00e3o do aviador ao wayfarer, veja: Imagens: Reprodu\u00e7\u00e3o.<\/p>\n","protected":false},"author":8,"featured_media":58203,"comment_status":"open","ping_status":"open","sticky":false,"template":"","format":"standard","meta":{"jetpack_post_was_ever_published":false,"_jetpack_newsletter_access":"","jetpack_publicize_message":"","jetpack_is_tweetstorm":false,"jetpack_publicize_feature_enabled":true,"jetpack_social_post_already_shared":false,"jetpack_social_options":{"image_generator_settings":{"template":"highway","enabled":false}}},"categories":[6],"tags":[],"jetpack_publicize_connections":[],"jetpack_featured_media_url":"","jetpack_sharing_enabled":true,"jetpack_shortlink":"https:\/\/wp.me\/p3Hz0n-f8G","jetpack_likes_enabled":true,"_links":{"self":[{"href":"https:\/\/agrund.com\/index.php\/wp-json\/wp\/v2\/posts\/58198"}],"collection":[{"href":"https:\/\/agrund.com\/index.php\/wp-json\/wp\/v2\/posts"}],"about":[{"href":"https:\/\/agrund.com\/index.php\/wp-json\/wp\/v2\/types\/post"}],"author":[{"embeddable":true,"href":"https:\/\/agrund.com\/index.php\/wp-json\/wp\/v2\/users\/8"}],"replies":[{"embeddable":true,"href":"https:\/\/agrund.com\/index.php\/wp-json\/wp\/v2\/comments?post=58198"}],"version-history":[{"count":0,"href":"https:\/\/agrund.com\/index.php\/wp-json\/wp\/v2\/posts\/58198\/revisions"}],"wp:featuredmedia":[{"embeddable":true,"href":"https:\/\/agrund.com\/index.php\/wp-json\/"}],"wp:attachment":[{"href":"https:\/\/agrund.com\/index.php\/wp-json\/wp\/v2\/media?parent=58198"}],"wp:term":[{"taxonomy":"category","embeddable":true,"href":"https:\/\/agrund.com\/index.php\/wp-json\/wp\/v2\/categories?post=58198"},{"taxonomy":"post_tag","embeddable":true,"href":"https:\/\/agrund.com\/index.php\/wp-json\/wp\/v2\/tags?post=58198"}],"curies":[{"name":"wp","href":"https:\/\/api.w.org\/{rel}","templated":true}]}}