{"id":58116,"date":"2013-01-14T18:00:49","date_gmt":"2013-01-14T20:00:49","guid":{"rendered":"http:\/\/www.agrund.com\/?p=58116"},"modified":"2013-01-14T18:00:49","modified_gmt":"2013-01-14T20:00:49","slug":"looks-dolce-gabbana-verao-2013","status":"publish","type":"post","link":"https:\/\/agrund.com\/index.php\/looks-dolce-gabbana-verao-2013\/","title":{"rendered":"Looks Dolce &amp; Gabbana Ver\u00e3o 2013"},"content":{"rendered":"<p>A Semana de Moda de Mil\u00e3o est\u00e1 a todo vapor e, para inspirar nossos dias quentes, resolvi postar para voc\u00eas alguns looks do Ver\u00e3o 2013 Dolce &amp; Gabbana. Como a dupla vem passeando pelo modo de vida dos sicilianos, essa \u00e9 uma boa oportunidade para conhecer o estilo deles tamb\u00e9m. Aqui, precis\u00e3o nos cortes e uma verdadeira brincadeira com as propor\u00e7\u00f5es. Alfaiataria bem pr\u00f3xima ao corpo e um toque de irrever\u00eancia nos complementos. Mas lembre-se: algumas dessas produ\u00e7\u00f5es requer personalidade e estilo para sa\u00edrem pelas ruas. Inspire-se.<\/p>\n<div id=\"attachment_58126\" style=\"width: 460px\" class=\"wp-caption aligncenter\"><a class=\"lightbox\" title=\"Looks Dolce &amp; Gabbana Ver\u00e3o 2013\" href=\"https:\/\/i0.wp.com\/www.agrund.com\/wp-content\/uploads\/2013\/01\/looks-dolce-gabbana-verao-2013-10.jpg\"><img aria-describedby=\"caption-attachment-58126\" decoding=\"async\" loading=\"lazy\" class=\"size-full wp-image-58126\" title=\"Looks Dolce &amp; Gabbana Ver\u00e3o 2013\" src=\"https:\/\/i0.wp.com\/www.agrund.com\/wp-content\/uploads\/2013\/01\/looks-dolce-gabbana-verao-2013-10.jpg?resize=450%2C635\" alt=\"Looks Dolce &amp; Gabbana Ver\u00e3o 2013\" width=\"450\" height=\"635\" data-recalc-dims=\"1\" \/><\/a><p id=\"caption-attachment-58126\" class=\"wp-caption-text\">Looks Dolce &amp; Gabbana Ver\u00e3o 2013<\/p><\/div>\n<div id=\"attachment_58125\" style=\"width: 460px\" class=\"wp-caption aligncenter\"><a class=\"lightbox\" title=\"Looks Dolce &amp; Gabbana Ver\u00e3o 2013\" href=\"https:\/\/i0.wp.com\/www.agrund.com\/wp-content\/uploads\/2013\/01\/looks-dolce-gabbana-verao-2013-9.jpg\"><img aria-describedby=\"caption-attachment-58125\" decoding=\"async\" loading=\"lazy\" class=\"size-full wp-image-58125\" title=\"Looks Dolce &amp; Gabbana Ver\u00e3o 2013\" src=\"https:\/\/i0.wp.com\/www.agrund.com\/wp-content\/uploads\/2013\/01\/looks-dolce-gabbana-verao-2013-9.jpg?resize=450%2C635\" alt=\"Looks Dolce &amp; Gabbana Ver\u00e3o 2013\" width=\"450\" height=\"635\" data-recalc-dims=\"1\" \/><\/a><p id=\"caption-attachment-58125\" class=\"wp-caption-text\">Looks Dolce &amp; Gabbana Ver\u00e3o 2013<\/p><\/div>\n<div id=\"attachment_58124\" style=\"width: 460px\" class=\"wp-caption aligncenter\"><a class=\"lightbox\" title=\"Looks Dolce &amp; Gabbana Ver\u00e3o 2013\" href=\"https:\/\/i0.wp.com\/www.agrund.com\/wp-content\/uploads\/2013\/01\/looks-dolce-gabbana-verao-2013-8.jpg\"><img aria-describedby=\"caption-attachment-58124\" decoding=\"async\" loading=\"lazy\" class=\"size-full wp-image-58124\" title=\"Looks Dolce &amp; Gabbana Ver\u00e3o 2013\" src=\"https:\/\/i0.wp.com\/www.agrund.com\/wp-content\/uploads\/2013\/01\/looks-dolce-gabbana-verao-2013-8.jpg?resize=450%2C635\" alt=\"Looks Dolce &amp; Gabbana Ver\u00e3o 2013\" width=\"450\" height=\"635\" data-recalc-dims=\"1\" \/><\/a><p id=\"caption-attachment-58124\" class=\"wp-caption-text\">Looks Dolce &amp; Gabbana Ver\u00e3o 2013<\/p><\/div>\n<div id=\"attachment_58123\" style=\"width: 460px\" class=\"wp-caption aligncenter\"><a class=\"lightbox\" title=\"Looks Dolce &amp; Gabbana Ver\u00e3o 2013\" href=\"https:\/\/i0.wp.com\/www.agrund.com\/wp-content\/uploads\/2013\/01\/looks-dolce-gabbana-verao-2013-7.jpg\"><img aria-describedby=\"caption-attachment-58123\" decoding=\"async\" loading=\"lazy\" class=\"size-full wp-image-58123\" title=\"Looks Dolce &amp; Gabbana Ver\u00e3o 2013\" src=\"https:\/\/i0.wp.com\/www.agrund.com\/wp-content\/uploads\/2013\/01\/looks-dolce-gabbana-verao-2013-7.jpg?resize=450%2C635\" alt=\"Looks Dolce &amp; Gabbana Ver\u00e3o 2013\" width=\"450\" height=\"635\" data-recalc-dims=\"1\" \/><\/a><p id=\"caption-attachment-58123\" class=\"wp-caption-text\">Looks Dolce &amp; Gabbana Ver\u00e3o 2013<\/p><\/div>\n<div id=\"attachment_58122\" style=\"width: 460px\" class=\"wp-caption aligncenter\"><a class=\"lightbox\" title=\"Looks Dolce &amp; Gabbana Ver\u00e3o 2013\" href=\"https:\/\/i0.wp.com\/www.agrund.com\/wp-content\/uploads\/2013\/01\/looks-dolce-gabbana-verao-2013-6.jpg\"><img aria-describedby=\"caption-attachment-58122\" decoding=\"async\" loading=\"lazy\" class=\"size-full wp-image-58122\" title=\"Looks Dolce &amp; Gabbana Ver\u00e3o 2013\" src=\"https:\/\/i0.wp.com\/www.agrund.com\/wp-content\/uploads\/2013\/01\/looks-dolce-gabbana-verao-2013-6.jpg?resize=450%2C635\" alt=\"Looks Dolce &amp; Gabbana Ver\u00e3o 2013\" width=\"450\" height=\"635\" data-recalc-dims=\"1\" \/><\/a><p id=\"caption-attachment-58122\" class=\"wp-caption-text\">Looks Dolce &amp; Gabbana Ver\u00e3o 2013<\/p><\/div>\n<div id=\"attachment_58121\" style=\"width: 460px\" class=\"wp-caption aligncenter\"><a class=\"lightbox\" title=\"Looks Dolce &amp; Gabbana Ver\u00e3o 2013\" href=\"https:\/\/i0.wp.com\/www.agrund.com\/wp-content\/uploads\/2013\/01\/looks-dolce-gabbana-verao-2013-5.jpg\"><img aria-describedby=\"caption-attachment-58121\" decoding=\"async\" loading=\"lazy\" class=\"size-full wp-image-58121\" title=\"Looks Dolce &amp; Gabbana Ver\u00e3o 2013\" src=\"https:\/\/i0.wp.com\/www.agrund.com\/wp-content\/uploads\/2013\/01\/looks-dolce-gabbana-verao-2013-5.jpg?resize=450%2C635\" alt=\"Looks Dolce &amp; Gabbana Ver\u00e3o 2013\" width=\"450\" height=\"635\" data-recalc-dims=\"1\" \/><\/a><p id=\"caption-attachment-58121\" class=\"wp-caption-text\">Looks Dolce &amp; Gabbana Ver\u00e3o 2013<\/p><\/div>\n<div id=\"attachment_58120\" style=\"width: 460px\" class=\"wp-caption aligncenter\"><a class=\"lightbox\" title=\"Looks Dolce &amp; Gabbana Ver\u00e3o 2013\" href=\"https:\/\/i0.wp.com\/www.agrund.com\/wp-content\/uploads\/2013\/01\/looks-dolce-gabbana-verao-2013-4.jpg\"><img aria-describedby=\"caption-attachment-58120\" decoding=\"async\" loading=\"lazy\" class=\"size-full wp-image-58120\" title=\"Looks Dolce &amp; Gabbana Ver\u00e3o 2013\" src=\"https:\/\/i0.wp.com\/www.agrund.com\/wp-content\/uploads\/2013\/01\/looks-dolce-gabbana-verao-2013-4.jpg?resize=450%2C635\" alt=\"Looks Dolce &amp; Gabbana Ver\u00e3o 2013\" width=\"450\" height=\"635\" data-recalc-dims=\"1\" \/><\/a><p id=\"caption-attachment-58120\" class=\"wp-caption-text\">Looks Dolce &amp; Gabbana Ver\u00e3o 2013<\/p><\/div>\n<div id=\"attachment_58119\" style=\"width: 460px\" class=\"wp-caption aligncenter\"><a class=\"lightbox\" title=\"Looks Dolce &amp; Gabbana Ver\u00e3o 2013\" href=\"https:\/\/i0.wp.com\/www.agrund.com\/wp-content\/uploads\/2013\/01\/looks-dolce-gabbana-verao-2013-3.jpg\"><img aria-describedby=\"caption-attachment-58119\" decoding=\"async\" loading=\"lazy\" class=\"size-full wp-image-58119\" title=\"Looks Dolce &amp; Gabbana Ver\u00e3o 2013\" src=\"https:\/\/i0.wp.com\/www.agrund.com\/wp-content\/uploads\/2013\/01\/looks-dolce-gabbana-verao-2013-3.jpg?resize=450%2C635\" alt=\"Looks Dolce &amp; Gabbana Ver\u00e3o 2013\" width=\"450\" height=\"635\" data-recalc-dims=\"1\" \/><\/a><p id=\"caption-attachment-58119\" class=\"wp-caption-text\">Looks Dolce &amp; Gabbana Ver\u00e3o 2013<\/p><\/div>\n<div id=\"attachment_58118\" style=\"width: 460px\" class=\"wp-caption aligncenter\"><a class=\"lightbox\" title=\"Looks Dolce &amp; Gabbana Ver\u00e3o 2013\" href=\"https:\/\/i0.wp.com\/www.agrund.com\/wp-content\/uploads\/2013\/01\/looks-dolce-gabbana-verao-2013-2.jpg\"><img aria-describedby=\"caption-attachment-58118\" decoding=\"async\" loading=\"lazy\" class=\"size-full wp-image-58118\" title=\"Looks Dolce &amp; Gabbana Ver\u00e3o 2013\" src=\"https:\/\/i0.wp.com\/www.agrund.com\/wp-content\/uploads\/2013\/01\/looks-dolce-gabbana-verao-2013-2.jpg?resize=450%2C635\" alt=\"Looks Dolce &amp; Gabbana Ver\u00e3o 2013\" width=\"450\" height=\"635\" data-recalc-dims=\"1\" \/><\/a><p id=\"caption-attachment-58118\" class=\"wp-caption-text\">Looks Dolce &amp; Gabbana Ver\u00e3o 2013<\/p><\/div>\n<div id=\"attachment_58117\" style=\"width: 460px\" class=\"wp-caption aligncenter\"><a class=\"lightbox\" title=\"Looks Dolce &amp; Gabbana Ver\u00e3o 2013\" href=\"https:\/\/i0.wp.com\/www.agrund.com\/wp-content\/uploads\/2013\/01\/looks-dolce-gabbana-verao-2013-1.jpg\"><img aria-describedby=\"caption-attachment-58117\" decoding=\"async\" loading=\"lazy\" class=\"size-full wp-image-58117\" title=\"Looks Dolce &amp; Gabbana Ver\u00e3o 2013\" src=\"https:\/\/i0.wp.com\/www.agrund.com\/wp-content\/uploads\/2013\/01\/looks-dolce-gabbana-verao-2013-1.jpg?resize=450%2C648\" alt=\"Looks Dolce &amp; Gabbana Ver\u00e3o 2013\" width=\"450\" height=\"648\" data-recalc-dims=\"1\" \/><\/a><p id=\"caption-attachment-58117\" class=\"wp-caption-text\">Looks Dolce &amp; Gabbana Ver\u00e3o 2013<\/p><\/div>\n<p>Imagens: Divulga\u00e7\u00e3o.<\/p>\n","protected":false},"excerpt":{"rendered":"<p>A Semana de Moda de Mil\u00e3o est\u00e1 a todo vapor e, para inspirar nossos dias quentes, resolvi postar para voc\u00eas alguns looks do Ver\u00e3o 2013 Dolce &amp; Gabbana. Como a dupla vem passeando pelo modo de vida dos sicilianos, essa \u00e9 uma boa oportunidade para conhecer o estilo deles tamb\u00e9m. Aqui, precis\u00e3o nos cortes e [&hellip;]<\/p>\n","protected":false},"author":8,"featured_media":58127,"comment_status":"open","ping_status":"open","sticky":false,"template":"","format":"standard","meta":{"jetpack_post_was_ever_published":false,"_jetpack_newsletter_access":"","jetpack_publicize_message":"","jetpack_is_tweetstorm":false,"jetpack_publicize_feature_enabled":true,"jetpack_social_post_already_shared":false,"jetpack_social_options":{"image_generator_settings":{"template":"highway","enabled":false}}},"categories":[6],"tags":[],"jetpack_publicize_connections":[],"jetpack_featured_media_url":"","jetpack_sharing_enabled":true,"jetpack_shortlink":"https:\/\/wp.me\/p3Hz0n-f7m","jetpack_likes_enabled":true,"_links":{"self":[{"href":"https:\/\/agrund.com\/index.php\/wp-json\/wp\/v2\/posts\/58116"}],"collection":[{"href":"https:\/\/agrund.com\/index.php\/wp-json\/wp\/v2\/posts"}],"about":[{"href":"https:\/\/agrund.com\/index.php\/wp-json\/wp\/v2\/types\/post"}],"author":[{"embeddable":true,"href":"https:\/\/agrund.com\/index.php\/wp-json\/wp\/v2\/users\/8"}],"replies":[{"embeddable":true,"href":"https:\/\/agrund.com\/index.php\/wp-json\/wp\/v2\/comments?post=58116"}],"version-history":[{"count":0,"href":"https:\/\/agrund.com\/index.php\/wp-json\/wp\/v2\/posts\/58116\/revisions"}],"wp:featuredmedia":[{"embeddable":true,"href":"https:\/\/agrund.com\/index.php\/wp-json\/"}],"wp:attachment":[{"href":"https:\/\/agrund.com\/index.php\/wp-json\/wp\/v2\/media?parent=58116"}],"wp:term":[{"taxonomy":"category","embeddable":true,"href":"https:\/\/agrund.com\/index.php\/wp-json\/wp\/v2\/categories?post=58116"},{"taxonomy":"post_tag","embeddable":true,"href":"https:\/\/agrund.com\/index.php\/wp-json\/wp\/v2\/tags?post=58116"}],"curies":[{"name":"wp","href":"https:\/\/api.w.org\/{rel}","templated":true}]}}