{"id":58075,"date":"2013-01-14T12:00:44","date_gmt":"2013-01-14T14:00:44","guid":{"rendered":"http:\/\/www.agrund.com\/?p=58075"},"modified":"2013-01-14T12:00:44","modified_gmt":"2013-01-14T14:00:44","slug":"londres-o-berco-da-moda-inverno-2013-2014","status":"publish","type":"post","link":"https:\/\/agrund.com\/index.php\/londres-o-berco-da-moda-inverno-2013-2014\/","title":{"rendered":"Londres: O ber\u00e7o da moda \u2013 Inverno 2013 \/ 2014"},"content":{"rendered":"<p>Depois de merecido descanso, voltamos com tudo e j\u00e1 trazendo algumas novidades da Semana de Moda de Londres Inverno 2013\/2014. Separei alguns destaques que n\u00e3o s\u00e3o s\u00f3 para ingl\u00eas ver e usar. A moda aqui parece universal, mas quando se tratar da capital do Reino Unido, Londres sai na frente e devemos ficar atentos \u00e0s tend\u00eancias que dever\u00e3o emplacar nos pr\u00f3ximos tempos. Sim, s\u00e3o tend\u00eancias por isso nada de espanto quando ver a primeira delas:<\/p>\n<p>Robe de seda sobre palet\u00f3 e saia para homens. Mas para voc\u00ea aderir ao roup\u00e3o de seda com palet\u00f3, pense mais de 5 vezes antes de sair de casa para n\u00e3o parecer que acordou e s\u00f3 colocou o casaco. J\u00e1 a saia com blazer ou jaqueta parece ser uma realidade mais pr\u00f3xima devido a essa onda de calor que consome o mundo!<br \/>\nAs estampas tamb\u00e9m t\u00eam vez no rigoroso inverno ingl\u00eas. Dessa vez, elas aparecem abstratas ou lembrando arabescos. Outro detalhe \u00e9 a estampa de p\u00ealo em 3D, uma \u00f3tima sa\u00edda para substituir a pele. E lembrando do velho e bom humor ingl\u00eas, tem at\u00e9 um Frankstein na camiseta.<br \/>\nJaquetas curtas, essas sim parecem j\u00e1 estar em todos os lugares do mundo. E s\u00e3o v\u00e1rias as inspira\u00e7\u00f5es: vem do motociclista, vem dos ca\u00e7adores e vem tamb\u00e9m dos esportes n\u00e1uticos. Com texturas, lisas ou de couro, ache a sua e j\u00e1 se prepare para o pr\u00f3ximo inverno.<\/p>\n<div id=\"attachment_58084\" style=\"width: 460px\" class=\"wp-caption aligncenter\"><a class=\"lightbox\" title=\"Londres: O ber\u00e7o da moda \u2013 Inverno 2013 \/ 2014\" href=\"https:\/\/i0.wp.com\/www.agrund.com\/wp-content\/uploads\/2013\/01\/londres-o-berco-da-moda-inverno-2013-2014-9.jpg\"><img aria-describedby=\"caption-attachment-58084\" decoding=\"async\" loading=\"lazy\" class=\"size-full wp-image-58084\" title=\"Londres: O ber\u00e7o da moda \u2013 Inverno 2013 \/ 2014\" src=\"https:\/\/i0.wp.com\/www.agrund.com\/wp-content\/uploads\/2013\/01\/londres-o-berco-da-moda-inverno-2013-2014-9.jpg?resize=450%2C677\" alt=\"Londres: O ber\u00e7o da moda \u2013 Inverno 2013 \/ 2014\" width=\"450\" height=\"677\" data-recalc-dims=\"1\" \/><\/a><p id=\"caption-attachment-58084\" class=\"wp-caption-text\">Londres: O ber\u00e7o da moda \u2013 Inverno 2013 \/ 2014<\/p><\/div>\n<div id=\"attachment_58083\" style=\"width: 460px\" class=\"wp-caption aligncenter\"><a class=\"lightbox\" title=\"Londres: O ber\u00e7o da moda \u2013 Inverno 2013 \/ 2014\" href=\"https:\/\/i0.wp.com\/www.agrund.com\/wp-content\/uploads\/2013\/01\/londres-o-berco-da-moda-inverno-2013-2014-8.jpg\"><img aria-describedby=\"caption-attachment-58083\" decoding=\"async\" loading=\"lazy\" class=\"size-full wp-image-58083\" title=\"Londres: O ber\u00e7o da moda \u2013 Inverno 2013 \/ 2014\" src=\"https:\/\/i0.wp.com\/www.agrund.com\/wp-content\/uploads\/2013\/01\/londres-o-berco-da-moda-inverno-2013-2014-8.jpg?resize=450%2C675\" alt=\"Londres: O ber\u00e7o da moda \u2013 Inverno 2013 \/ 2014\" width=\"450\" height=\"675\" data-recalc-dims=\"1\" \/><\/a><p id=\"caption-attachment-58083\" class=\"wp-caption-text\">Londres: O ber\u00e7o da moda \u2013 Inverno 2013 \/ 2014<\/p><\/div>\n<div id=\"attachment_58082\" style=\"width: 460px\" class=\"wp-caption aligncenter\"><a class=\"lightbox\" title=\"Londres: O ber\u00e7o da moda \u2013 Inverno 2013 \/ 2014\" href=\"https:\/\/i0.wp.com\/www.agrund.com\/wp-content\/uploads\/2013\/01\/londres-o-berco-da-moda-inverno-2013-2014-7.jpg\"><img aria-describedby=\"caption-attachment-58082\" decoding=\"async\" loading=\"lazy\" class=\"size-full wp-image-58082\" title=\"Londres: O ber\u00e7o da moda \u2013 Inverno 2013 \/ 2014\" src=\"https:\/\/i0.wp.com\/www.agrund.com\/wp-content\/uploads\/2013\/01\/londres-o-berco-da-moda-inverno-2013-2014-7.jpg?resize=450%2C675\" alt=\"Londres: O ber\u00e7o da moda \u2013 Inverno 2013 \/ 2014\" width=\"450\" height=\"675\" data-recalc-dims=\"1\" \/><\/a><p id=\"caption-attachment-58082\" class=\"wp-caption-text\">Londres: O ber\u00e7o da moda \u2013 Inverno 2013 \/ 2014<\/p><\/div>\n<div id=\"attachment_58081\" style=\"width: 460px\" class=\"wp-caption aligncenter\"><a class=\"lightbox\" title=\"Londres: O ber\u00e7o da moda \u2013 Inverno 2013 \/ 2014\" href=\"https:\/\/i0.wp.com\/www.agrund.com\/wp-content\/uploads\/2013\/01\/londres-o-berco-da-moda-inverno-2013-2014-6.jpg\"><img aria-describedby=\"caption-attachment-58081\" decoding=\"async\" loading=\"lazy\" class=\"size-full wp-image-58081\" title=\"Londres: O ber\u00e7o da moda \u2013 Inverno 2013 \/ 2014\" src=\"https:\/\/i0.wp.com\/www.agrund.com\/wp-content\/uploads\/2013\/01\/londres-o-berco-da-moda-inverno-2013-2014-6.jpg?resize=450%2C675\" alt=\"Londres: O ber\u00e7o da moda \u2013 Inverno 2013 \/ 2014\" width=\"450\" height=\"675\" data-recalc-dims=\"1\" \/><\/a><p id=\"caption-attachment-58081\" class=\"wp-caption-text\">Londres: O ber\u00e7o da moda \u2013 Inverno 2013 \/ 2014<\/p><\/div>\n<div id=\"attachment_58080\" style=\"width: 460px\" class=\"wp-caption aligncenter\"><a class=\"lightbox\" title=\"Londres: O ber\u00e7o da moda \u2013 Inverno 2013 \/ 2014\" href=\"https:\/\/i0.wp.com\/www.agrund.com\/wp-content\/uploads\/2013\/01\/londres-o-berco-da-moda-inverno-2013-2014-5.jpg\"><img aria-describedby=\"caption-attachment-58080\" decoding=\"async\" loading=\"lazy\" class=\"size-full wp-image-58080\" title=\"Londres: O ber\u00e7o da moda \u2013 Inverno 2013 \/ 2014\" src=\"https:\/\/i0.wp.com\/www.agrund.com\/wp-content\/uploads\/2013\/01\/londres-o-berco-da-moda-inverno-2013-2014-5.jpg?resize=450%2C675\" alt=\"Londres: O ber\u00e7o da moda \u2013 Inverno 2013 \/ 2014\" width=\"450\" height=\"675\" data-recalc-dims=\"1\" \/><\/a><p id=\"caption-attachment-58080\" class=\"wp-caption-text\">Londres: O ber\u00e7o da moda \u2013 Inverno 2013 \/ 2014<\/p><\/div>\n<div id=\"attachment_58079\" style=\"width: 460px\" class=\"wp-caption aligncenter\"><a class=\"lightbox\" title=\"Londres: O ber\u00e7o da moda \u2013 Inverno 2013 \/ 2014\" href=\"https:\/\/i0.wp.com\/www.agrund.com\/wp-content\/uploads\/2013\/01\/londres-o-berco-da-moda-inverno-2013-2014-4.jpg\"><img aria-describedby=\"caption-attachment-58079\" decoding=\"async\" loading=\"lazy\" class=\"size-full wp-image-58079\" title=\"Londres: O ber\u00e7o da moda \u2013 Inverno 2013 \/ 2014\" src=\"https:\/\/i0.wp.com\/www.agrund.com\/wp-content\/uploads\/2013\/01\/londres-o-berco-da-moda-inverno-2013-2014-4.jpg?resize=450%2C677\" alt=\"Londres: O ber\u00e7o da moda \u2013 Inverno 2013 \/ 2014\" width=\"450\" height=\"677\" data-recalc-dims=\"1\" \/><\/a><p id=\"caption-attachment-58079\" class=\"wp-caption-text\">Londres: O ber\u00e7o da moda \u2013 Inverno 2013 \/ 2014<\/p><\/div>\n<div id=\"attachment_58078\" style=\"width: 460px\" class=\"wp-caption aligncenter\"><a class=\"lightbox\" title=\"Londres: O ber\u00e7o da moda \u2013 Inverno 2013 \/ 2014\" href=\"https:\/\/i0.wp.com\/www.agrund.com\/wp-content\/uploads\/2013\/01\/londres-o-berco-da-moda-inverno-2013-2014-3.jpg\"><img aria-describedby=\"caption-attachment-58078\" decoding=\"async\" loading=\"lazy\" class=\"size-full wp-image-58078\" title=\"Londres: O ber\u00e7o da moda \u2013 Inverno 2013 \/ 2014\" src=\"https:\/\/i0.wp.com\/www.agrund.com\/wp-content\/uploads\/2013\/01\/londres-o-berco-da-moda-inverno-2013-2014-3.jpg?resize=450%2C677\" alt=\"Londres: O ber\u00e7o da moda \u2013 Inverno 2013 \/ 2014\" width=\"450\" height=\"677\" data-recalc-dims=\"1\" \/><\/a><p id=\"caption-attachment-58078\" class=\"wp-caption-text\">Londres: O ber\u00e7o da moda \u2013 Inverno 2013 \/ 2014<\/p><\/div>\n<div id=\"attachment_58077\" style=\"width: 460px\" class=\"wp-caption aligncenter\"><a class=\"lightbox\" title=\"Londres: O ber\u00e7o da moda \u2013 Inverno 2013 \/ 2014\" href=\"https:\/\/i0.wp.com\/www.agrund.com\/wp-content\/uploads\/2013\/01\/londres-o-berco-da-moda-inverno-2013-2014-2.jpg\"><img aria-describedby=\"caption-attachment-58077\" decoding=\"async\" loading=\"lazy\" class=\"size-full wp-image-58077\" title=\"Londres: O ber\u00e7o da moda \u2013 Inverno 2013 \/ 2014\" src=\"https:\/\/i0.wp.com\/www.agrund.com\/wp-content\/uploads\/2013\/01\/londres-o-berco-da-moda-inverno-2013-2014-2.jpg?resize=450%2C677\" alt=\"Londres: O ber\u00e7o da moda \u2013 Inverno 2013 \/ 2014\" width=\"450\" height=\"677\" data-recalc-dims=\"1\" \/><\/a><p id=\"caption-attachment-58077\" class=\"wp-caption-text\">Londres: O ber\u00e7o da moda \u2013 Inverno 2013 \/ 2014<\/p><\/div>\n<div id=\"attachment_58076\" style=\"width: 460px\" class=\"wp-caption aligncenter\"><a class=\"lightbox\" title=\"Londres: O ber\u00e7o da moda \u2013 Inverno 2013 \/ 2014\" href=\"https:\/\/i0.wp.com\/www.agrund.com\/wp-content\/uploads\/2013\/01\/londres-o-berco-da-moda-inverno-2013-2014-1.jpg\"><img aria-describedby=\"caption-attachment-58076\" decoding=\"async\" loading=\"lazy\" class=\"size-full wp-image-58076\" title=\"Londres: O ber\u00e7o da moda \u2013 Inverno 2013 \/ 2014\" src=\"https:\/\/i0.wp.com\/www.agrund.com\/wp-content\/uploads\/2013\/01\/londres-o-berco-da-moda-inverno-2013-2014-1.jpg?resize=450%2C677\" alt=\"Londres: O ber\u00e7o da moda \u2013 Inverno 2013 \/ 2014\" width=\"450\" height=\"677\" data-recalc-dims=\"1\" \/><\/a><p id=\"caption-attachment-58076\" class=\"wp-caption-text\">Londres: O ber\u00e7o da moda \u2013 Inverno 2013 \/ 2014<\/p><\/div>\n<p>Imagens: Reprodu\u00e7\u00e3o.<\/p>\n","protected":false},"excerpt":{"rendered":"<p>Depois de merecido descanso, voltamos com tudo e j\u00e1 trazendo algumas novidades da Semana de Moda de Londres Inverno 2013\/2014. Separei alguns destaques que n\u00e3o s\u00e3o s\u00f3 para ingl\u00eas ver e usar. A moda aqui parece universal, mas quando se tratar da capital do Reino Unido, Londres sai na frente e devemos ficar atentos \u00e0s [&hellip;]<\/p>\n","protected":false},"author":8,"featured_media":58085,"comment_status":"open","ping_status":"open","sticky":false,"template":"","format":"standard","meta":{"jetpack_post_was_ever_published":false,"_jetpack_newsletter_access":"","jetpack_publicize_message":"","jetpack_is_tweetstorm":false,"jetpack_publicize_feature_enabled":true,"jetpack_social_post_already_shared":false,"jetpack_social_options":{"image_generator_settings":{"template":"highway","enabled":false}}},"categories":[6],"tags":[],"jetpack_publicize_connections":[],"jetpack_featured_media_url":"","jetpack_sharing_enabled":true,"jetpack_shortlink":"https:\/\/wp.me\/p3Hz0n-f6H","jetpack_likes_enabled":true,"_links":{"self":[{"href":"https:\/\/agrund.com\/index.php\/wp-json\/wp\/v2\/posts\/58075"}],"collection":[{"href":"https:\/\/agrund.com\/index.php\/wp-json\/wp\/v2\/posts"}],"about":[{"href":"https:\/\/agrund.com\/index.php\/wp-json\/wp\/v2\/types\/post"}],"author":[{"embeddable":true,"href":"https:\/\/agrund.com\/index.php\/wp-json\/wp\/v2\/users\/8"}],"replies":[{"embeddable":true,"href":"https:\/\/agrund.com\/index.php\/wp-json\/wp\/v2\/comments?post=58075"}],"version-history":[{"count":0,"href":"https:\/\/agrund.com\/index.php\/wp-json\/wp\/v2\/posts\/58075\/revisions"}],"wp:featuredmedia":[{"embeddable":true,"href":"https:\/\/agrund.com\/index.php\/wp-json\/"}],"wp:attachment":[{"href":"https:\/\/agrund.com\/index.php\/wp-json\/wp\/v2\/media?parent=58075"}],"wp:term":[{"taxonomy":"category","embeddable":true,"href":"https:\/\/agrund.com\/index.php\/wp-json\/wp\/v2\/categories?post=58075"},{"taxonomy":"post_tag","embeddable":true,"href":"https:\/\/agrund.com\/index.php\/wp-json\/wp\/v2\/tags?post=58075"}],"curies":[{"name":"wp","href":"https:\/\/api.w.org\/{rel}","templated":true}]}}