{"id":57154,"date":"2013-01-07T21:00:01","date_gmt":"2013-01-07T23:00:01","guid":{"rendered":"http:\/\/www.agrund.com\/?p=57154"},"modified":"2013-01-07T21:00:01","modified_gmt":"2013-01-07T23:00:01","slug":"givenchy-divulga-imagens-da-colecao-primaveraverao-2013","status":"publish","type":"post","link":"https:\/\/agrund.com\/index.php\/givenchy-divulga-imagens-da-colecao-primaveraverao-2013\/","title":{"rendered":"Givenchy divulga imagens da cole\u00e7\u00e3o Primavera\/Ver\u00e3o 2013"},"content":{"rendered":"<p>Depois de mostrar as camisetas com estampas de Madonna como contamos <a href=\"http:\/\/www.agrund.com\/givenchy-faz-estampas-com-releitura-de-madonna\/\">AQUI<\/a>,, a Givenchy divulgou agora novas imagens da sua cole\u00e7\u00e3o Primavera\/Ver\u00e3o 2013 masculina. O diretor criativo Ricardo Tisci continua apostando muitas fichas nas t-shirts estampadas, mas tamb\u00e9m mostra dessa vez op\u00e7\u00f5es de bermudas, cal\u00e7as e at\u00e9 gravatas. Veja:<\/p>\n<div id=\"attachment_57159\" style=\"width: 460px\" class=\"wp-caption aligncenter\"><a class=\"lightbox\" title=\"Givenchy divulga imagens da cole\u00e7\u00e3o Primavera\/Ver\u00e3o 2013\" href=\"https:\/\/i0.wp.com\/www.agrund.com\/wp-content\/uploads\/2013\/01\/givenchy-divulga-imagens-da-colecao-primaveraverao-2013-5.jpg\"><img aria-describedby=\"caption-attachment-57159\" decoding=\"async\" loading=\"lazy\" class=\"size-full wp-image-57159\" title=\"Givenchy divulga imagens da cole\u00e7\u00e3o Primavera\/Ver\u00e3o 2013\" src=\"https:\/\/i0.wp.com\/www.agrund.com\/wp-content\/uploads\/2013\/01\/givenchy-divulga-imagens-da-colecao-primaveraverao-2013-5.jpg?resize=450%2C274\" alt=\"Givenchy divulga imagens da cole\u00e7\u00e3o Primavera\/Ver\u00e3o 2013\" width=\"450\" height=\"274\" data-recalc-dims=\"1\" \/><\/a><p id=\"caption-attachment-57159\" class=\"wp-caption-text\">Givenchy divulga imagens da cole\u00e7\u00e3o Primavera\/Ver\u00e3o 2013<\/p><\/div>\n<div id=\"attachment_57158\" style=\"width: 460px\" class=\"wp-caption aligncenter\"><a class=\"lightbox\" title=\"Givenchy divulga imagens da cole\u00e7\u00e3o Primavera\/Ver\u00e3o 2013\" href=\"https:\/\/i0.wp.com\/www.agrund.com\/wp-content\/uploads\/2013\/01\/givenchy-divulga-imagens-da-colecao-primaveraverao-2013-4.jpg\"><img aria-describedby=\"caption-attachment-57158\" decoding=\"async\" loading=\"lazy\" class=\"size-full wp-image-57158\" title=\"Givenchy divulga imagens da cole\u00e7\u00e3o Primavera\/Ver\u00e3o 2013\" src=\"https:\/\/i0.wp.com\/www.agrund.com\/wp-content\/uploads\/2013\/01\/givenchy-divulga-imagens-da-colecao-primaveraverao-2013-4.jpg?resize=450%2C274\" alt=\"Givenchy divulga imagens da cole\u00e7\u00e3o Primavera\/Ver\u00e3o 2013\" width=\"450\" height=\"274\" data-recalc-dims=\"1\" \/><\/a><p id=\"caption-attachment-57158\" class=\"wp-caption-text\">Givenchy divulga imagens da cole\u00e7\u00e3o Primavera\/Ver\u00e3o 2013<\/p><\/div>\n<div id=\"attachment_57157\" style=\"width: 460px\" class=\"wp-caption aligncenter\"><a class=\"lightbox\" title=\"Givenchy divulga imagens da cole\u00e7\u00e3o Primavera\/Ver\u00e3o 2013\" href=\"https:\/\/i0.wp.com\/www.agrund.com\/wp-content\/uploads\/2013\/01\/givenchy-divulga-imagens-da-colecao-primaveraverao-2013-3.jpg\"><img aria-describedby=\"caption-attachment-57157\" decoding=\"async\" loading=\"lazy\" class=\"size-full wp-image-57157\" title=\"Givenchy divulga imagens da cole\u00e7\u00e3o Primavera\/Ver\u00e3o 2013\" src=\"https:\/\/i0.wp.com\/www.agrund.com\/wp-content\/uploads\/2013\/01\/givenchy-divulga-imagens-da-colecao-primaveraverao-2013-3.jpg?resize=450%2C266\" alt=\"Givenchy divulga imagens da cole\u00e7\u00e3o Primavera\/Ver\u00e3o 2013\" width=\"450\" height=\"266\" data-recalc-dims=\"1\" \/><\/a><p id=\"caption-attachment-57157\" class=\"wp-caption-text\">Givenchy divulga imagens da cole\u00e7\u00e3o Primavera\/Ver\u00e3o 2013<\/p><\/div>\n<div id=\"attachment_57156\" style=\"width: 460px\" class=\"wp-caption aligncenter\"><a class=\"lightbox\" title=\"Givenchy divulga imagens da cole\u00e7\u00e3o Primavera\/Ver\u00e3o 2013\" href=\"https:\/\/i0.wp.com\/www.agrund.com\/wp-content\/uploads\/2013\/01\/givenchy-divulga-imagens-da-colecao-primaveraverao-2013-2.jpg\"><img aria-describedby=\"caption-attachment-57156\" decoding=\"async\" loading=\"lazy\" class=\"size-full wp-image-57156\" title=\"Givenchy divulga imagens da cole\u00e7\u00e3o Primavera\/Ver\u00e3o 2013\" src=\"https:\/\/i0.wp.com\/www.agrund.com\/wp-content\/uploads\/2013\/01\/givenchy-divulga-imagens-da-colecao-primaveraverao-2013-2.jpg?resize=450%2C277\" alt=\"Givenchy divulga imagens da cole\u00e7\u00e3o Primavera\/Ver\u00e3o 2013\" width=\"450\" height=\"277\" data-recalc-dims=\"1\" \/><\/a><p id=\"caption-attachment-57156\" class=\"wp-caption-text\">Givenchy divulga imagens da cole\u00e7\u00e3o Primavera\/Ver\u00e3o 2013<\/p><\/div>\n<div id=\"attachment_57155\" style=\"width: 460px\" class=\"wp-caption aligncenter\"><a class=\"lightbox\" title=\"Givenchy divulga imagens da cole\u00e7\u00e3o Primavera\/Ver\u00e3o 2013\" href=\"https:\/\/i0.wp.com\/www.agrund.com\/wp-content\/uploads\/2013\/01\/givenchy-divulga-imagens-da-colecao-primaveraverao-2013-1.jpg\"><img aria-describedby=\"caption-attachment-57155\" decoding=\"async\" loading=\"lazy\" class=\"size-full wp-image-57155\" title=\"Givenchy divulga imagens da cole\u00e7\u00e3o Primavera\/Ver\u00e3o 2013\" src=\"https:\/\/i0.wp.com\/www.agrund.com\/wp-content\/uploads\/2013\/01\/givenchy-divulga-imagens-da-colecao-primaveraverao-2013-1.jpg?resize=450%2C272\" alt=\"Givenchy divulga imagens da cole\u00e7\u00e3o Primavera\/Ver\u00e3o 2013\" width=\"450\" height=\"272\" data-recalc-dims=\"1\" \/><\/a><p id=\"caption-attachment-57155\" class=\"wp-caption-text\">Givenchy divulga imagens da cole\u00e7\u00e3o Primavera\/Ver\u00e3o 2013<\/p><\/div>\n<p>Imagens: Reprodu\u00e7\u00e3o.<\/p>\n","protected":false},"excerpt":{"rendered":"<p>Depois de mostrar as camisetas com estampas de Madonna como contamos AQUI,, a Givenchy divulgou agora novas imagens da sua cole\u00e7\u00e3o Primavera\/Ver\u00e3o 2013 masculina. O diretor criativo Ricardo Tisci continua apostando muitas fichas nas t-shirts estampadas, mas tamb\u00e9m mostra dessa vez op\u00e7\u00f5es de bermudas, cal\u00e7as e at\u00e9 gravatas. Veja: Imagens: Reprodu\u00e7\u00e3o.<\/p>\n","protected":false},"author":8,"featured_media":57160,"comment_status":"open","ping_status":"open","sticky":false,"template":"","format":"standard","meta":{"jetpack_post_was_ever_published":false,"_jetpack_newsletter_access":"","jetpack_publicize_message":"","jetpack_is_tweetstorm":false,"jetpack_publicize_feature_enabled":true,"jetpack_social_post_already_shared":false,"jetpack_social_options":{"image_generator_settings":{"template":"highway","enabled":false}}},"categories":[6],"tags":[],"jetpack_publicize_connections":[],"jetpack_featured_media_url":"","jetpack_sharing_enabled":true,"jetpack_shortlink":"https:\/\/wp.me\/p3Hz0n-eRQ","jetpack_likes_enabled":true,"_links":{"self":[{"href":"https:\/\/agrund.com\/index.php\/wp-json\/wp\/v2\/posts\/57154"}],"collection":[{"href":"https:\/\/agrund.com\/index.php\/wp-json\/wp\/v2\/posts"}],"about":[{"href":"https:\/\/agrund.com\/index.php\/wp-json\/wp\/v2\/types\/post"}],"author":[{"embeddable":true,"href":"https:\/\/agrund.com\/index.php\/wp-json\/wp\/v2\/users\/8"}],"replies":[{"embeddable":true,"href":"https:\/\/agrund.com\/index.php\/wp-json\/wp\/v2\/comments?post=57154"}],"version-history":[{"count":0,"href":"https:\/\/agrund.com\/index.php\/wp-json\/wp\/v2\/posts\/57154\/revisions"}],"wp:featuredmedia":[{"embeddable":true,"href":"https:\/\/agrund.com\/index.php\/wp-json\/"}],"wp:attachment":[{"href":"https:\/\/agrund.com\/index.php\/wp-json\/wp\/v2\/media?parent=57154"}],"wp:term":[{"taxonomy":"category","embeddable":true,"href":"https:\/\/agrund.com\/index.php\/wp-json\/wp\/v2\/categories?post=57154"},{"taxonomy":"post_tag","embeddable":true,"href":"https:\/\/agrund.com\/index.php\/wp-json\/wp\/v2\/tags?post=57154"}],"curies":[{"name":"wp","href":"https:\/\/api.w.org\/{rel}","templated":true}]}}