{"id":57108,"date":"2013-01-07T13:00:26","date_gmt":"2013-01-07T15:00:26","guid":{"rendered":"http:\/\/www.agrund.com\/?p=57108"},"modified":"2013-01-07T13:00:26","modified_gmt":"2013-01-07T15:00:26","slug":"hugo-boss-primavera-2013","status":"publish","type":"post","link":"https:\/\/agrund.com\/index.php\/hugo-boss-primavera-2013\/","title":{"rendered":"Hugo Boss Primavera 2013"},"content":{"rendered":"<p>No \u00faltimo dia 26 de dezembro, tecidos fluidos e tecnol\u00f3gicos invadiram a cole\u00e7\u00e3o da marca Hugo Boss para a primavera 2013. Camisas, parkas e claro que o cl\u00e1ssico n\u00e3o podia faltar tamb\u00e9m. Ternos, blazer e cal\u00e7as, tudo com modelagens mais pr\u00f3ximas ao corpo, bem sequinha. Super elegante! A grande tend\u00eancia para os ternos dessa vez s\u00e3o as listas na vertical. Veja aqui uma imagem inspiradora para voc\u00ea montar seu look. Hugo Boss Ver\u00e3o 2013.<\/p>\n<p>&nbsp;<\/p>\n<div id=\"attachment_57109\" style=\"width: 460px\" class=\"wp-caption aligncenter\"><a class=\"lightbox\" title=\"Hugo Boss Primavera 2013\" href=\"https:\/\/i0.wp.com\/www.agrund.com\/wp-content\/uploads\/2013\/01\/hugo-boss-primavera-2013.jpg\"><img aria-describedby=\"caption-attachment-57109\" decoding=\"async\" loading=\"lazy\" class=\"size-full wp-image-57109\" title=\"Hugo Boss Primavera 2013\" src=\"https:\/\/i0.wp.com\/www.agrund.com\/wp-content\/uploads\/2013\/01\/hugo-boss-primavera-2013.jpg?resize=450%2C305\" alt=\"Hugo Boss Primavera 2013\" width=\"450\" height=\"305\" data-recalc-dims=\"1\" \/><\/a><p id=\"caption-attachment-57109\" class=\"wp-caption-text\">Hugo Boss Primavera 2013<\/p><\/div>\n<p>Imagem: Reprodu\u00e7\u00e3o<\/p>\n","protected":false},"excerpt":{"rendered":"<p>No \u00faltimo dia 26 de dezembro, tecidos fluidos e tecnol\u00f3gicos invadiram a cole\u00e7\u00e3o da marca Hugo Boss para a primavera 2013. Camisas, parkas e claro que o cl\u00e1ssico n\u00e3o podia faltar tamb\u00e9m. Ternos, blazer e cal\u00e7as, tudo com modelagens mais pr\u00f3ximas ao corpo, bem sequinha. Super elegante! A grande tend\u00eancia para os ternos dessa vez [&hellip;]<\/p>\n","protected":false},"author":8,"featured_media":57110,"comment_status":"open","ping_status":"open","sticky":false,"template":"","format":"standard","meta":{"jetpack_post_was_ever_published":false,"_jetpack_newsletter_access":"","jetpack_publicize_message":"","jetpack_is_tweetstorm":false,"jetpack_publicize_feature_enabled":true,"jetpack_social_post_already_shared":false,"jetpack_social_options":{"image_generator_settings":{"template":"highway","enabled":false}}},"categories":[6],"tags":[],"jetpack_publicize_connections":[],"jetpack_featured_media_url":"","jetpack_sharing_enabled":true,"jetpack_shortlink":"https:\/\/wp.me\/p3Hz0n-eR6","jetpack_likes_enabled":true,"_links":{"self":[{"href":"https:\/\/agrund.com\/index.php\/wp-json\/wp\/v2\/posts\/57108"}],"collection":[{"href":"https:\/\/agrund.com\/index.php\/wp-json\/wp\/v2\/posts"}],"about":[{"href":"https:\/\/agrund.com\/index.php\/wp-json\/wp\/v2\/types\/post"}],"author":[{"embeddable":true,"href":"https:\/\/agrund.com\/index.php\/wp-json\/wp\/v2\/users\/8"}],"replies":[{"embeddable":true,"href":"https:\/\/agrund.com\/index.php\/wp-json\/wp\/v2\/comments?post=57108"}],"version-history":[{"count":0,"href":"https:\/\/agrund.com\/index.php\/wp-json\/wp\/v2\/posts\/57108\/revisions"}],"wp:featuredmedia":[{"embeddable":true,"href":"https:\/\/agrund.com\/index.php\/wp-json\/"}],"wp:attachment":[{"href":"https:\/\/agrund.com\/index.php\/wp-json\/wp\/v2\/media?parent=57108"}],"wp:term":[{"taxonomy":"category","embeddable":true,"href":"https:\/\/agrund.com\/index.php\/wp-json\/wp\/v2\/categories?post=57108"},{"taxonomy":"post_tag","embeddable":true,"href":"https:\/\/agrund.com\/index.php\/wp-json\/wp\/v2\/tags?post=57108"}],"curies":[{"name":"wp","href":"https:\/\/api.w.org\/{rel}","templated":true}]}}