{"id":57098,"date":"2013-01-07T11:30:43","date_gmt":"2013-01-07T13:30:43","guid":{"rendered":"http:\/\/www.agrund.com\/?p=57098"},"modified":"2013-01-07T11:30:43","modified_gmt":"2013-01-07T13:30:43","slug":"fred-perry-60-anos","status":"publish","type":"post","link":"https:\/\/agrund.com\/index.php\/fred-perry-60-anos\/","title":{"rendered":"Fred Perry \u2013 60 anos"},"content":{"rendered":"<p>Para comemorar seu 60 \u00ba Anivers\u00e1rio, a marca Fred Perry elaborou uma s\u00e9rie de a\u00e7\u00f5es. E uma delas \u00e9 convocar seus colaboradores para interferir na tradicional camisa p\u00f3lo criada em 1952 \u2013 uma customiza\u00e7\u00e3o personalizada. Imagine ter uma das camisas mais tradicionais do guarda roupas masculino revisitada! A primeira pe\u00e7a ser\u00e1 exibida em Londres, na Dover Street Market, com curadoria do cen\u00f3grafo Andy Hillman. Depois de viajar por algumas capitais, as pe\u00e7as ser\u00e3o leiloadas em prol da Funda\u00e7\u00e3o Amy Winehouse. Moda e solidariedade!<\/p>\n<div id=\"attachment_57099\" style=\"width: 460px\" class=\"wp-caption aligncenter\"><a class=\"lightbox\" title=\"Fred Perry \u2013 60 anos\" href=\"https:\/\/i0.wp.com\/www.agrund.com\/wp-content\/uploads\/2013\/01\/fred-perry-60-anos.jpg\"><img aria-describedby=\"caption-attachment-57099\" decoding=\"async\" loading=\"lazy\" class=\"size-full wp-image-57099\" title=\"Fred Perry \u2013 60 anos\" src=\"https:\/\/i0.wp.com\/www.agrund.com\/wp-content\/uploads\/2013\/01\/fred-perry-60-anos.jpg?resize=450%2C300\" alt=\"Fred Perry \u2013 60 anos\" width=\"450\" height=\"300\" data-recalc-dims=\"1\" \/><\/a><p id=\"caption-attachment-57099\" class=\"wp-caption-text\">Fred Perry \u2013 60 anos<\/p><\/div>\n<p>Imagem: Reprodu\u00e7\u00e3o.<\/p>\n","protected":false},"excerpt":{"rendered":"<p>Para comemorar seu 60 \u00ba Anivers\u00e1rio, a marca Fred Perry elaborou uma s\u00e9rie de a\u00e7\u00f5es. E uma delas \u00e9 convocar seus colaboradores para interferir na tradicional camisa p\u00f3lo criada em 1952 \u2013 uma customiza\u00e7\u00e3o personalizada. Imagine ter uma das camisas mais tradicionais do guarda roupas masculino revisitada! A primeira pe\u00e7a ser\u00e1 exibida em Londres, na [&hellip;]<\/p>\n","protected":false},"author":8,"featured_media":57100,"comment_status":"open","ping_status":"open","sticky":false,"template":"","format":"standard","meta":{"jetpack_post_was_ever_published":false,"_jetpack_newsletter_access":"","jetpack_publicize_message":"","jetpack_is_tweetstorm":false,"jetpack_publicize_feature_enabled":true,"jetpack_social_post_already_shared":false,"jetpack_social_options":{"image_generator_settings":{"template":"highway","enabled":false}}},"categories":[6],"tags":[],"jetpack_publicize_connections":[],"jetpack_featured_media_url":"","jetpack_sharing_enabled":true,"jetpack_shortlink":"https:\/\/wp.me\/p3Hz0n-eQW","jetpack_likes_enabled":true,"_links":{"self":[{"href":"https:\/\/agrund.com\/index.php\/wp-json\/wp\/v2\/posts\/57098"}],"collection":[{"href":"https:\/\/agrund.com\/index.php\/wp-json\/wp\/v2\/posts"}],"about":[{"href":"https:\/\/agrund.com\/index.php\/wp-json\/wp\/v2\/types\/post"}],"author":[{"embeddable":true,"href":"https:\/\/agrund.com\/index.php\/wp-json\/wp\/v2\/users\/8"}],"replies":[{"embeddable":true,"href":"https:\/\/agrund.com\/index.php\/wp-json\/wp\/v2\/comments?post=57098"}],"version-history":[{"count":0,"href":"https:\/\/agrund.com\/index.php\/wp-json\/wp\/v2\/posts\/57098\/revisions"}],"wp:featuredmedia":[{"embeddable":true,"href":"https:\/\/agrund.com\/index.php\/wp-json\/"}],"wp:attachment":[{"href":"https:\/\/agrund.com\/index.php\/wp-json\/wp\/v2\/media?parent=57098"}],"wp:term":[{"taxonomy":"category","embeddable":true,"href":"https:\/\/agrund.com\/index.php\/wp-json\/wp\/v2\/categories?post=57098"},{"taxonomy":"post_tag","embeddable":true,"href":"https:\/\/agrund.com\/index.php\/wp-json\/wp\/v2\/tags?post=57098"}],"curies":[{"name":"wp","href":"https:\/\/api.w.org\/{rel}","templated":true}]}}