{"id":57081,"date":"2013-01-07T10:30:04","date_gmt":"2013-01-07T12:30:04","guid":{"rendered":"http:\/\/www.agrund.com\/?p=57081"},"modified":"2013-01-07T10:30:04","modified_gmt":"2013-01-07T12:30:04","slug":"jeremy-scott-e-adidas-originals-mais-fortes-do-que-nunca","status":"publish","type":"post","link":"https:\/\/agrund.com\/index.php\/jeremy-scott-e-adidas-originals-mais-fortes-do-que-nunca\/","title":{"rendered":"Jeremy Scott e Adidas Originals mais fortes do que nunca"},"content":{"rendered":"<p>Parece que essa uni\u00e3o n\u00e3o tem mais fim! Jeremy Scott e Adidas Originals continuam juntos e mais fortes do que nunca. Para a primavera e ver\u00e3o 2013, a cole\u00e7\u00e3o vem super original. A influ\u00eancia esportiva \u00e9 clara desde o in\u00edcio dessa parceria. S\u00f3 que agora, ela ganha estampas com ar folk e muitas cores fortes. E o t\u00eanis modelo wings vem super colorido! Confira imagens de algumas pe\u00e7as masculinas da cole\u00e7\u00e3o.<\/p>\n<div id=\"attachment_57086\" style=\"width: 410px\" class=\"wp-caption aligncenter\"><a class=\"lightbox\" title=\"Jeremy Scott e Adidas Originals mais fortes do que nunca\" href=\"https:\/\/i0.wp.com\/www.agrund.com\/wp-content\/uploads\/2013\/01\/jeremy-scott-e-adidas-originals-mais-fortes-do-que-nunca-5.jpg\"><img aria-describedby=\"caption-attachment-57086\" decoding=\"async\" loading=\"lazy\" class=\" wp-image-57086 \" title=\"Jeremy Scott e Adidas Originals mais fortes do que nunca\" src=\"https:\/\/i0.wp.com\/www.agrund.com\/wp-content\/uploads\/2013\/01\/jeremy-scott-e-adidas-originals-mais-fortes-do-que-nunca-5.jpg?resize=400%2C601\" alt=\"Jeremy Scott e Adidas Originals mais fortes do que nunca\" width=\"400\" height=\"601\" data-recalc-dims=\"1\" \/><\/a><p id=\"caption-attachment-57086\" class=\"wp-caption-text\">Jeremy Scott e Adidas Originals mais fortes do que nunca<\/p><\/div>\n<div id=\"attachment_57085\" style=\"width: 410px\" class=\"wp-caption aligncenter\"><a class=\"lightbox\" title=\"Jeremy Scott e Adidas Originals mais fortes do que nunca\" href=\"https:\/\/i0.wp.com\/www.agrund.com\/wp-content\/uploads\/2013\/01\/jeremy-scott-e-adidas-originals-mais-fortes-do-que-nunca-4.jpg\"><img aria-describedby=\"caption-attachment-57085\" decoding=\"async\" loading=\"lazy\" class=\" wp-image-57085 \" title=\"Jeremy Scott e Adidas Originals mais fortes do que nunca\" src=\"https:\/\/i0.wp.com\/www.agrund.com\/wp-content\/uploads\/2013\/01\/jeremy-scott-e-adidas-originals-mais-fortes-do-que-nunca-4.jpg?resize=400%2C601\" alt=\"Jeremy Scott e Adidas Originals mais fortes do que nunca\" width=\"400\" height=\"601\" data-recalc-dims=\"1\" \/><\/a><p id=\"caption-attachment-57085\" class=\"wp-caption-text\">Jeremy Scott e Adidas Originals mais fortes do que nunca<\/p><\/div>\n<div id=\"attachment_57084\" style=\"width: 410px\" class=\"wp-caption aligncenter\"><a class=\"lightbox\" title=\"Jeremy Scott e Adidas Originals mais fortes do que nunca\" href=\"https:\/\/i0.wp.com\/www.agrund.com\/wp-content\/uploads\/2013\/01\/jeremy-scott-e-adidas-originals-mais-fortes-do-que-nunca-3.jpg\"><img aria-describedby=\"caption-attachment-57084\" decoding=\"async\" loading=\"lazy\" class=\" wp-image-57084 \" title=\"Jeremy Scott e Adidas Originals mais fortes do que nunca\" src=\"https:\/\/i0.wp.com\/www.agrund.com\/wp-content\/uploads\/2013\/01\/jeremy-scott-e-adidas-originals-mais-fortes-do-que-nunca-3.jpg?resize=400%2C601\" alt=\"Jeremy Scott e Adidas Originals mais fortes do que nunca\" width=\"400\" height=\"601\" data-recalc-dims=\"1\" \/><\/a><p id=\"caption-attachment-57084\" class=\"wp-caption-text\">Jeremy Scott e Adidas Originals mais fortes do que nunca<\/p><\/div>\n<div id=\"attachment_57083\" style=\"width: 410px\" class=\"wp-caption aligncenter\"><a class=\"lightbox\" title=\"Jeremy Scott e Adidas Originals mais fortes do que nunca\" href=\"https:\/\/i0.wp.com\/www.agrund.com\/wp-content\/uploads\/2013\/01\/jeremy-scott-e-adidas-originals-mais-fortes-do-que-nunca-2.jpg\"><img aria-describedby=\"caption-attachment-57083\" decoding=\"async\" loading=\"lazy\" class=\" wp-image-57083 \" title=\"Jeremy Scott e Adidas Originals mais fortes do que nunca\" src=\"https:\/\/i0.wp.com\/www.agrund.com\/wp-content\/uploads\/2013\/01\/jeremy-scott-e-adidas-originals-mais-fortes-do-que-nunca-2.jpg?resize=400%2C601\" alt=\"Jeremy Scott e Adidas Originals mais fortes do que nunca\" width=\"400\" height=\"601\" data-recalc-dims=\"1\" \/><\/a><p id=\"caption-attachment-57083\" class=\"wp-caption-text\">Jeremy Scott e Adidas Originals mais fortes do que nunca<\/p><\/div>\n<div id=\"attachment_57082\" style=\"width: 410px\" class=\"wp-caption aligncenter\"><a class=\"lightbox\" title=\"Jeremy Scott e Adidas Originals mais fortes do que nunca\" href=\"https:\/\/i0.wp.com\/www.agrund.com\/wp-content\/uploads\/2013\/01\/jeremy-scott-e-adidas-originals-mais-fortes-do-que-nunca-1.jpg\"><img aria-describedby=\"caption-attachment-57082\" decoding=\"async\" loading=\"lazy\" class=\" wp-image-57082 \" title=\"Jeremy Scott e Adidas Originals mais fortes do que nunca\" src=\"https:\/\/i0.wp.com\/www.agrund.com\/wp-content\/uploads\/2013\/01\/jeremy-scott-e-adidas-originals-mais-fortes-do-que-nunca-1.jpg?resize=400%2C601\" alt=\"Jeremy Scott e Adidas Originals mais fortes do que nunca\" width=\"400\" height=\"601\" data-recalc-dims=\"1\" \/><\/a><p id=\"caption-attachment-57082\" class=\"wp-caption-text\">Jeremy Scott e Adidas Originals mais fortes do que nunca<\/p><\/div>\n<p>Imagens: Reprodu\u00e7\u00e3o.<\/p>\n","protected":false},"excerpt":{"rendered":"<p>Parece que essa uni\u00e3o n\u00e3o tem mais fim! Jeremy Scott e Adidas Originals continuam juntos e mais fortes do que nunca. Para a primavera e ver\u00e3o 2013, a cole\u00e7\u00e3o vem super original. A influ\u00eancia esportiva \u00e9 clara desde o in\u00edcio dessa parceria. S\u00f3 que agora, ela ganha estampas com ar folk e muitas cores fortes. [&hellip;]<\/p>\n","protected":false},"author":8,"featured_media":57087,"comment_status":"open","ping_status":"open","sticky":false,"template":"","format":"standard","meta":{"jetpack_post_was_ever_published":false,"_jetpack_newsletter_access":"","jetpack_publicize_message":"","jetpack_is_tweetstorm":false,"jetpack_publicize_feature_enabled":true,"jetpack_social_post_already_shared":false,"jetpack_social_options":{"image_generator_settings":{"template":"highway","enabled":false}}},"categories":[6],"tags":[],"jetpack_publicize_connections":[],"jetpack_featured_media_url":"","jetpack_sharing_enabled":true,"jetpack_shortlink":"https:\/\/wp.me\/p3Hz0n-eQF","jetpack_likes_enabled":true,"_links":{"self":[{"href":"https:\/\/agrund.com\/index.php\/wp-json\/wp\/v2\/posts\/57081"}],"collection":[{"href":"https:\/\/agrund.com\/index.php\/wp-json\/wp\/v2\/posts"}],"about":[{"href":"https:\/\/agrund.com\/index.php\/wp-json\/wp\/v2\/types\/post"}],"author":[{"embeddable":true,"href":"https:\/\/agrund.com\/index.php\/wp-json\/wp\/v2\/users\/8"}],"replies":[{"embeddable":true,"href":"https:\/\/agrund.com\/index.php\/wp-json\/wp\/v2\/comments?post=57081"}],"version-history":[{"count":0,"href":"https:\/\/agrund.com\/index.php\/wp-json\/wp\/v2\/posts\/57081\/revisions"}],"wp:featuredmedia":[{"embeddable":true,"href":"https:\/\/agrund.com\/index.php\/wp-json\/"}],"wp:attachment":[{"href":"https:\/\/agrund.com\/index.php\/wp-json\/wp\/v2\/media?parent=57081"}],"wp:term":[{"taxonomy":"category","embeddable":true,"href":"https:\/\/agrund.com\/index.php\/wp-json\/wp\/v2\/categories?post=57081"},{"taxonomy":"post_tag","embeddable":true,"href":"https:\/\/agrund.com\/index.php\/wp-json\/wp\/v2\/tags?post=57081"}],"curies":[{"name":"wp","href":"https:\/\/api.w.org\/{rel}","templated":true}]}}