{"id":56623,"date":"2012-12-17T18:30:29","date_gmt":"2012-12-17T20:30:29","guid":{"rendered":"http:\/\/www.agrund.com\/?p=56623"},"modified":"2012-12-17T18:30:29","modified_gmt":"2012-12-17T20:30:29","slug":"jean-paul-gaultier-lanca-nova-versao-da-fragrancia-le-male","status":"publish","type":"post","link":"https:\/\/agrund.com\/index.php\/jean-paul-gaultier-lanca-nova-versao-da-fragrancia-le-male\/","title":{"rendered":"Jean Paul Gaultier lan\u00e7a nova vers\u00e3o da fragr\u00e2ncia Le Male"},"content":{"rendered":"<p>Jean Paul Gaultier est\u00e1 lan\u00e7ando a nova vers\u00e3o da fragr\u00e2ncia Le Male para o ver\u00e3o 2013. A Col\u00f4nia Jean Paul Gaultier Le Male Summer Vapo possui notas de baunilha, lavanda e s\u00e2ndalo. Sua nova embalagem segue as inspira\u00e7\u00f5es de jardins da cole\u00e7\u00e3o de ver\u00e3o 2011 do estilista. Estima-se que o pre\u00e7o do perfume seja de R$ 318. Veja:<\/p>\n<div id=\"attachment_56624\" style=\"width: 413px\" class=\"wp-caption aligncenter\"><a class=\"lightbox\" title=\"Jean Paul Gaultier lan\u00e7a nova vers\u00e3o da fragr\u00e2ncia Le Male\" href=\"https:\/\/i0.wp.com\/www.agrund.com\/wp-content\/uploads\/2012\/12\/jean-paul-gaultier-lanca-nova-versao-da-fragrancia-le-male.jpg\"><img aria-describedby=\"caption-attachment-56624\" decoding=\"async\" loading=\"lazy\" class=\"size-full wp-image-56624\" title=\"Jean Paul Gaultier lan\u00e7a nova vers\u00e3o da fragr\u00e2ncia Le Male\" src=\"https:\/\/i0.wp.com\/www.agrund.com\/wp-content\/uploads\/2012\/12\/jean-paul-gaultier-lanca-nova-versao-da-fragrancia-le-male.jpg?resize=403%2C320\" alt=\"Jean Paul Gaultier lan\u00e7a nova vers\u00e3o da fragr\u00e2ncia Le Male\" width=\"403\" height=\"320\" data-recalc-dims=\"1\" \/><\/a><p id=\"caption-attachment-56624\" class=\"wp-caption-text\">Jean Paul Gaultier lan\u00e7a nova vers\u00e3o da fragr\u00e2ncia Le Male<\/p><\/div>\n<p>Imagem: Reprodu\u00e7\u00e3o.<\/p>\n","protected":false},"excerpt":{"rendered":"<p>Jean Paul Gaultier est\u00e1 lan\u00e7ando a nova vers\u00e3o da fragr\u00e2ncia Le Male para o ver\u00e3o 2013. A Col\u00f4nia Jean Paul Gaultier Le Male Summer Vapo possui notas de baunilha, lavanda e s\u00e2ndalo. Sua nova embalagem segue as inspira\u00e7\u00f5es de jardins da cole\u00e7\u00e3o de ver\u00e3o 2011 do estilista. Estima-se que o pre\u00e7o do perfume seja de [&hellip;]<\/p>\n","protected":false},"author":8,"featured_media":56625,"comment_status":"open","ping_status":"open","sticky":false,"template":"","format":"standard","meta":{"jetpack_post_was_ever_published":false,"_jetpack_newsletter_access":"","jetpack_publicize_message":"","jetpack_is_tweetstorm":false,"jetpack_publicize_feature_enabled":true,"jetpack_social_post_already_shared":false,"jetpack_social_options":{"image_generator_settings":{"template":"highway","enabled":false}}},"categories":[6],"tags":[],"jetpack_publicize_connections":[],"jetpack_featured_media_url":"","jetpack_sharing_enabled":true,"jetpack_shortlink":"https:\/\/wp.me\/p3Hz0n-eJh","jetpack_likes_enabled":true,"_links":{"self":[{"href":"https:\/\/agrund.com\/index.php\/wp-json\/wp\/v2\/posts\/56623"}],"collection":[{"href":"https:\/\/agrund.com\/index.php\/wp-json\/wp\/v2\/posts"}],"about":[{"href":"https:\/\/agrund.com\/index.php\/wp-json\/wp\/v2\/types\/post"}],"author":[{"embeddable":true,"href":"https:\/\/agrund.com\/index.php\/wp-json\/wp\/v2\/users\/8"}],"replies":[{"embeddable":true,"href":"https:\/\/agrund.com\/index.php\/wp-json\/wp\/v2\/comments?post=56623"}],"version-history":[{"count":0,"href":"https:\/\/agrund.com\/index.php\/wp-json\/wp\/v2\/posts\/56623\/revisions"}],"wp:featuredmedia":[{"embeddable":true,"href":"https:\/\/agrund.com\/index.php\/wp-json\/"}],"wp:attachment":[{"href":"https:\/\/agrund.com\/index.php\/wp-json\/wp\/v2\/media?parent=56623"}],"wp:term":[{"taxonomy":"category","embeddable":true,"href":"https:\/\/agrund.com\/index.php\/wp-json\/wp\/v2\/categories?post=56623"},{"taxonomy":"post_tag","embeddable":true,"href":"https:\/\/agrund.com\/index.php\/wp-json\/wp\/v2\/tags?post=56623"}],"curies":[{"name":"wp","href":"https:\/\/api.w.org\/{rel}","templated":true}]}}