{"id":56548,"date":"2012-12-17T14:00:56","date_gmt":"2012-12-17T16:00:56","guid":{"rendered":"http:\/\/www.agrund.com\/?p=56548"},"modified":"2012-12-17T14:00:56","modified_gmt":"2012-12-17T16:00:56","slug":"osgemeos-criam-estampa-para-a-louis-vuitton","status":"publish","type":"post","link":"https:\/\/agrund.com\/index.php\/osgemeos-criam-estampa-para-a-louis-vuitton\/","title":{"rendered":"OsG\u00eameos criam estampa para a Louis Vuitton"},"content":{"rendered":"<p>Os brasileiros OsG\u00eameos firmaram parceria com a Louis Vuitton para desenvolver uma estampa. O resultado poderemos ver nos len\u00e7os da grife a partir de 01 de janeiro de 2013. Confira o modelo:<\/p>\n<div id=\"attachment_56550\" style=\"width: 460px\" class=\"wp-caption aligncenter\"><a class=\"lightbox\" title=\"OsG\u00eameos criam estampa para a Louis Vuitton\" href=\"https:\/\/i0.wp.com\/www.agrund.com\/wp-content\/uploads\/2012\/12\/osgemeos-criam-estampa-para-a-louis-vuitton-2.jpg\"><img aria-describedby=\"caption-attachment-56550\" decoding=\"async\" loading=\"lazy\" class=\"size-full wp-image-56550\" title=\"OsG\u00eameos criam estampa para a Louis Vuitton\" src=\"https:\/\/i0.wp.com\/www.agrund.com\/wp-content\/uploads\/2012\/12\/osgemeos-criam-estampa-para-a-louis-vuitton-2.jpg?resize=450%2C449\" alt=\"OsG\u00eameos criam estampa para a Louis Vuitton\" width=\"450\" height=\"449\" data-recalc-dims=\"1\" \/><\/a><p id=\"caption-attachment-56550\" class=\"wp-caption-text\">OsG\u00eameos criam estampa para a Louis Vuitton<\/p><\/div>\n<div id=\"attachment_56549\" style=\"width: 460px\" class=\"wp-caption aligncenter\"><a class=\"lightbox\" title=\"OsG\u00eameos criam estampa para a Louis Vuitton\" href=\"https:\/\/i0.wp.com\/www.agrund.com\/wp-content\/uploads\/2012\/12\/osgemeos-criam-estampa-para-a-louis-vuitton-1.jpg\"><img aria-describedby=\"caption-attachment-56549\" decoding=\"async\" loading=\"lazy\" class=\"size-full wp-image-56549\" title=\"OsG\u00eameos criam estampa para a Louis Vuitton\" src=\"https:\/\/i0.wp.com\/www.agrund.com\/wp-content\/uploads\/2012\/12\/osgemeos-criam-estampa-para-a-louis-vuitton-1.jpg?resize=450%2C451\" alt=\"OsG\u00eameos criam estampa para a Louis Vuitton\" width=\"450\" height=\"451\" data-recalc-dims=\"1\" \/><\/a><p id=\"caption-attachment-56549\" class=\"wp-caption-text\">OsG\u00eameos criam estampa para a Louis Vuitton<\/p><\/div>\n<p>Imagens: Reprodu\u00e7\u00e3o.<\/p>\n","protected":false},"excerpt":{"rendered":"<p>Os brasileiros OsG\u00eameos firmaram parceria com a Louis Vuitton para desenvolver uma estampa. O resultado poderemos ver nos len\u00e7os da grife a partir de 01 de janeiro de 2013. Confira o modelo: Imagens: Reprodu\u00e7\u00e3o.<\/p>\n","protected":false},"author":8,"featured_media":56551,"comment_status":"open","ping_status":"open","sticky":false,"template":"","format":"standard","meta":{"jetpack_post_was_ever_published":false,"_jetpack_newsletter_access":"","jetpack_publicize_message":"","jetpack_is_tweetstorm":false,"jetpack_publicize_feature_enabled":true,"jetpack_social_post_already_shared":false,"jetpack_social_options":{"image_generator_settings":{"template":"highway","enabled":false}}},"categories":[6],"tags":[],"jetpack_publicize_connections":[],"jetpack_featured_media_url":"","jetpack_sharing_enabled":true,"jetpack_shortlink":"https:\/\/wp.me\/p3Hz0n-eI4","jetpack_likes_enabled":true,"_links":{"self":[{"href":"https:\/\/agrund.com\/index.php\/wp-json\/wp\/v2\/posts\/56548"}],"collection":[{"href":"https:\/\/agrund.com\/index.php\/wp-json\/wp\/v2\/posts"}],"about":[{"href":"https:\/\/agrund.com\/index.php\/wp-json\/wp\/v2\/types\/post"}],"author":[{"embeddable":true,"href":"https:\/\/agrund.com\/index.php\/wp-json\/wp\/v2\/users\/8"}],"replies":[{"embeddable":true,"href":"https:\/\/agrund.com\/index.php\/wp-json\/wp\/v2\/comments?post=56548"}],"version-history":[{"count":0,"href":"https:\/\/agrund.com\/index.php\/wp-json\/wp\/v2\/posts\/56548\/revisions"}],"wp:featuredmedia":[{"embeddable":true,"href":"https:\/\/agrund.com\/index.php\/wp-json\/"}],"wp:attachment":[{"href":"https:\/\/agrund.com\/index.php\/wp-json\/wp\/v2\/media?parent=56548"}],"wp:term":[{"taxonomy":"category","embeddable":true,"href":"https:\/\/agrund.com\/index.php\/wp-json\/wp\/v2\/categories?post=56548"},{"taxonomy":"post_tag","embeddable":true,"href":"https:\/\/agrund.com\/index.php\/wp-json\/wp\/v2\/tags?post=56548"}],"curies":[{"name":"wp","href":"https:\/\/api.w.org\/{rel}","templated":true}]}}