{"id":56524,"date":"2012-12-17T11:00:23","date_gmt":"2012-12-17T13:00:23","guid":{"rendered":"http:\/\/www.agrund.com\/?p=56524"},"modified":"2012-12-17T11:00:23","modified_gmt":"2012-12-17T13:00:23","slug":"conheca-o-inverno-2013-da-givenchy","status":"publish","type":"post","link":"https:\/\/agrund.com\/index.php\/conheca-o-inverno-2013-da-givenchy\/","title":{"rendered":"Conhe\u00e7a o inverno 2013 da Givenchy"},"content":{"rendered":"<p>Riccardo Tisci lan\u00e7a a cole\u00e7\u00e3o masculina da Givanchy com looks cl\u00e1ssicos e fundamentais no guarda roupa de qualquer homem. Inspirado no universo do motociclismo com pe\u00e7as sequinhas, estampas elaboradas e recortes impec\u00e1veis. E claro que o estilista apostou no couro de uma maneira moderna e repaginada sem ficar caricato. O melhor \u00e9 que as pe\u00e7as s\u00e3o extremamente us\u00e1veis. Amei!<\/p>\n<div id=\"attachment_56534\" style=\"width: 460px\" class=\"wp-caption aligncenter\"><a class=\"lightbox\" title=\"Conhe\u00e7a o inverno 2013 da Givenchy\" href=\"https:\/\/i0.wp.com\/www.agrund.com\/wp-content\/uploads\/2012\/12\/conheca-o-inverno-2013-da-givenchy-10.jpg\"><img aria-describedby=\"caption-attachment-56534\" decoding=\"async\" loading=\"lazy\" class=\"size-full wp-image-56534\" title=\"Conhe\u00e7a o inverno 2013 da Givenchy\" src=\"https:\/\/i0.wp.com\/www.agrund.com\/wp-content\/uploads\/2012\/12\/conheca-o-inverno-2013-da-givenchy-10.jpg?resize=450%2C692\" alt=\"Conhe\u00e7a o inverno 2013 da Givenchy\" width=\"450\" height=\"692\" data-recalc-dims=\"1\" \/><\/a><p id=\"caption-attachment-56534\" class=\"wp-caption-text\">Conhe\u00e7a o inverno 2013 da Givenchy<\/p><\/div>\n<div id=\"attachment_56533\" style=\"width: 460px\" class=\"wp-caption aligncenter\"><a class=\"lightbox\" title=\"Conhe\u00e7a o inverno 2013 da Givenchy\" href=\"https:\/\/i0.wp.com\/www.agrund.com\/wp-content\/uploads\/2012\/12\/conheca-o-inverno-2013-da-givenchy-9.jpg\"><img aria-describedby=\"caption-attachment-56533\" decoding=\"async\" loading=\"lazy\" class=\"size-full wp-image-56533\" title=\"Conhe\u00e7a o inverno 2013 da Givenchy\" src=\"https:\/\/i0.wp.com\/www.agrund.com\/wp-content\/uploads\/2012\/12\/conheca-o-inverno-2013-da-givenchy-9.jpg?resize=450%2C692\" alt=\"Conhe\u00e7a o inverno 2013 da Givenchy\" width=\"450\" height=\"692\" data-recalc-dims=\"1\" \/><\/a><p id=\"caption-attachment-56533\" class=\"wp-caption-text\">Conhe\u00e7a o inverno 2013 da Givenchy<\/p><\/div>\n<div id=\"attachment_56532\" style=\"width: 460px\" class=\"wp-caption aligncenter\"><a class=\"lightbox\" title=\"Conhe\u00e7a o inverno 2013 da Givenchy\" href=\"https:\/\/i0.wp.com\/www.agrund.com\/wp-content\/uploads\/2012\/12\/conheca-o-inverno-2013-da-givenchy-8.jpg\"><img aria-describedby=\"caption-attachment-56532\" decoding=\"async\" loading=\"lazy\" class=\"size-full wp-image-56532\" title=\"Conhe\u00e7a o inverno 2013 da Givenchy\" src=\"https:\/\/i0.wp.com\/www.agrund.com\/wp-content\/uploads\/2012\/12\/conheca-o-inverno-2013-da-givenchy-8.jpg?resize=450%2C692\" alt=\"Conhe\u00e7a o inverno 2013 da Givenchy\" width=\"450\" height=\"692\" data-recalc-dims=\"1\" \/><\/a><p id=\"caption-attachment-56532\" class=\"wp-caption-text\">Conhe\u00e7a o inverno 2013 da Givenchy<\/p><\/div>\n<div id=\"attachment_56531\" style=\"width: 460px\" class=\"wp-caption aligncenter\"><a class=\"lightbox\" title=\"Conhe\u00e7a o inverno 2013 da Givenchy\" href=\"https:\/\/i0.wp.com\/www.agrund.com\/wp-content\/uploads\/2012\/12\/conheca-o-inverno-2013-da-givenchy-7.jpg\"><img aria-describedby=\"caption-attachment-56531\" decoding=\"async\" loading=\"lazy\" class=\"size-full wp-image-56531\" title=\"Conhe\u00e7a o inverno 2013 da Givenchy\" src=\"https:\/\/i0.wp.com\/www.agrund.com\/wp-content\/uploads\/2012\/12\/conheca-o-inverno-2013-da-givenchy-7.jpg?resize=450%2C692\" alt=\"Conhe\u00e7a o inverno 2013 da Givenchy\" width=\"450\" height=\"692\" data-recalc-dims=\"1\" \/><\/a><p id=\"caption-attachment-56531\" class=\"wp-caption-text\">Conhe\u00e7a o inverno 2013 da Givenchy<\/p><\/div>\n<div id=\"attachment_56530\" style=\"width: 460px\" class=\"wp-caption aligncenter\"><a class=\"lightbox\" title=\"Conhe\u00e7a o inverno 2013 da Givenchy\" href=\"https:\/\/i0.wp.com\/www.agrund.com\/wp-content\/uploads\/2012\/12\/conheca-o-inverno-2013-da-givenchy-6.jpg\"><img aria-describedby=\"caption-attachment-56530\" decoding=\"async\" loading=\"lazy\" class=\"size-full wp-image-56530\" title=\"Conhe\u00e7a o inverno 2013 da Givenchy\" src=\"https:\/\/i0.wp.com\/www.agrund.com\/wp-content\/uploads\/2012\/12\/conheca-o-inverno-2013-da-givenchy-6.jpg?resize=450%2C692\" alt=\"Conhe\u00e7a o inverno 2013 da Givenchy\" width=\"450\" height=\"692\" data-recalc-dims=\"1\" \/><\/a><p id=\"caption-attachment-56530\" class=\"wp-caption-text\">Conhe\u00e7a o inverno 2013 da Givenchy<\/p><\/div>\n<div id=\"attachment_56529\" style=\"width: 460px\" class=\"wp-caption aligncenter\"><a class=\"lightbox\" title=\"Conhe\u00e7a o inverno 2013 da Givenchy\" href=\"https:\/\/i0.wp.com\/www.agrund.com\/wp-content\/uploads\/2012\/12\/conheca-o-inverno-2013-da-givenchy-5.jpg\"><img aria-describedby=\"caption-attachment-56529\" decoding=\"async\" loading=\"lazy\" class=\"size-full wp-image-56529\" title=\"Conhe\u00e7a o inverno 2013 da Givenchy\" src=\"https:\/\/i0.wp.com\/www.agrund.com\/wp-content\/uploads\/2012\/12\/conheca-o-inverno-2013-da-givenchy-5.jpg?resize=450%2C692\" alt=\"Conhe\u00e7a o inverno 2013 da Givenchy\" width=\"450\" height=\"692\" data-recalc-dims=\"1\" \/><\/a><p id=\"caption-attachment-56529\" class=\"wp-caption-text\">Conhe\u00e7a o inverno 2013 da Givenchy<\/p><\/div>\n<div id=\"attachment_56528\" style=\"width: 460px\" class=\"wp-caption aligncenter\"><a class=\"lightbox\" title=\"Conhe\u00e7a o inverno 2013 da Givenchy\" href=\"https:\/\/i0.wp.com\/www.agrund.com\/wp-content\/uploads\/2012\/12\/conheca-o-inverno-2013-da-givenchy-4.jpg\"><img aria-describedby=\"caption-attachment-56528\" decoding=\"async\" loading=\"lazy\" class=\"size-full wp-image-56528\" title=\"Conhe\u00e7a o inverno 2013 da Givenchy\" src=\"https:\/\/i0.wp.com\/www.agrund.com\/wp-content\/uploads\/2012\/12\/conheca-o-inverno-2013-da-givenchy-4.jpg?resize=450%2C692\" alt=\"Conhe\u00e7a o inverno 2013 da Givenchy\" width=\"450\" height=\"692\" data-recalc-dims=\"1\" \/><\/a><p id=\"caption-attachment-56528\" class=\"wp-caption-text\">Conhe\u00e7a o inverno 2013 da Givenchy<\/p><\/div>\n<div id=\"attachment_56527\" style=\"width: 460px\" class=\"wp-caption aligncenter\"><a class=\"lightbox\" title=\"Conhe\u00e7a o inverno 2013 da Givenchy\" href=\"https:\/\/i0.wp.com\/www.agrund.com\/wp-content\/uploads\/2012\/12\/conheca-o-inverno-2013-da-givenchy-3.jpg\"><img aria-describedby=\"caption-attachment-56527\" decoding=\"async\" loading=\"lazy\" class=\"size-full wp-image-56527\" title=\"Conhe\u00e7a o inverno 2013 da Givenchy\" src=\"https:\/\/i0.wp.com\/www.agrund.com\/wp-content\/uploads\/2012\/12\/conheca-o-inverno-2013-da-givenchy-3.jpg?resize=450%2C692\" alt=\"Conhe\u00e7a o inverno 2013 da Givenchy\" width=\"450\" height=\"692\" data-recalc-dims=\"1\" \/><\/a><p id=\"caption-attachment-56527\" class=\"wp-caption-text\">Conhe\u00e7a o inverno 2013 da Givenchy<\/p><\/div>\n<div id=\"attachment_56526\" style=\"width: 460px\" class=\"wp-caption aligncenter\"><a class=\"lightbox\" title=\"Conhe\u00e7a o inverno 2013 da Givenchy\" href=\"https:\/\/i0.wp.com\/www.agrund.com\/wp-content\/uploads\/2012\/12\/conheca-o-inverno-2013-da-givenchy-2.jpg\"><img aria-describedby=\"caption-attachment-56526\" decoding=\"async\" loading=\"lazy\" class=\"size-full wp-image-56526\" title=\"Conhe\u00e7a o inverno 2013 da Givenchy\" src=\"https:\/\/i0.wp.com\/www.agrund.com\/wp-content\/uploads\/2012\/12\/conheca-o-inverno-2013-da-givenchy-2.jpg?resize=450%2C692\" alt=\"Conhe\u00e7a o inverno 2013 da Givenchy\" width=\"450\" height=\"692\" data-recalc-dims=\"1\" \/><\/a><p id=\"caption-attachment-56526\" class=\"wp-caption-text\">Conhe\u00e7a o inverno 2013 da Givenchy<\/p><\/div>\n<div id=\"attachment_56525\" style=\"width: 460px\" class=\"wp-caption aligncenter\"><a class=\"lightbox\" title=\"Conhe\u00e7a o inverno 2013 da Givenchy\" href=\"https:\/\/i0.wp.com\/www.agrund.com\/wp-content\/uploads\/2012\/12\/conheca-o-inverno-2013-da-givenchy-1.jpg\"><img aria-describedby=\"caption-attachment-56525\" decoding=\"async\" loading=\"lazy\" class=\"size-full wp-image-56525\" title=\"Conhe\u00e7a o inverno 2013 da Givenchy\" src=\"https:\/\/i0.wp.com\/www.agrund.com\/wp-content\/uploads\/2012\/12\/conheca-o-inverno-2013-da-givenchy-1.jpg?resize=450%2C692\" alt=\"Conhe\u00e7a o inverno 2013 da Givenchy\" width=\"450\" height=\"692\" data-recalc-dims=\"1\" \/><\/a><p id=\"caption-attachment-56525\" class=\"wp-caption-text\">Conhe\u00e7a o inverno 2013 da Givenchy<\/p><\/div>\n<p>Imagens: Reprodu\u00e7\u00e3o.<\/p>\n","protected":false},"excerpt":{"rendered":"<p>Riccardo Tisci lan\u00e7a a cole\u00e7\u00e3o masculina da Givanchy com looks cl\u00e1ssicos e fundamentais no guarda roupa de qualquer homem. Inspirado no universo do motociclismo com pe\u00e7as sequinhas, estampas elaboradas e recortes impec\u00e1veis. E claro que o estilista apostou no couro de uma maneira moderna e repaginada sem ficar caricato. O melhor \u00e9 que as pe\u00e7as [&hellip;]<\/p>\n","protected":false},"author":8,"featured_media":56535,"comment_status":"open","ping_status":"open","sticky":false,"template":"","format":"standard","meta":{"jetpack_post_was_ever_published":false,"_jetpack_newsletter_access":"","jetpack_publicize_message":"","jetpack_is_tweetstorm":false,"jetpack_publicize_feature_enabled":true,"jetpack_social_post_already_shared":false,"jetpack_social_options":{"image_generator_settings":{"template":"highway","enabled":false}}},"categories":[6],"tags":[],"jetpack_publicize_connections":[],"jetpack_featured_media_url":"","jetpack_sharing_enabled":true,"jetpack_shortlink":"https:\/\/wp.me\/p3Hz0n-eHG","jetpack_likes_enabled":true,"_links":{"self":[{"href":"https:\/\/agrund.com\/index.php\/wp-json\/wp\/v2\/posts\/56524"}],"collection":[{"href":"https:\/\/agrund.com\/index.php\/wp-json\/wp\/v2\/posts"}],"about":[{"href":"https:\/\/agrund.com\/index.php\/wp-json\/wp\/v2\/types\/post"}],"author":[{"embeddable":true,"href":"https:\/\/agrund.com\/index.php\/wp-json\/wp\/v2\/users\/8"}],"replies":[{"embeddable":true,"href":"https:\/\/agrund.com\/index.php\/wp-json\/wp\/v2\/comments?post=56524"}],"version-history":[{"count":0,"href":"https:\/\/agrund.com\/index.php\/wp-json\/wp\/v2\/posts\/56524\/revisions"}],"wp:featuredmedia":[{"embeddable":true,"href":"https:\/\/agrund.com\/index.php\/wp-json\/"}],"wp:attachment":[{"href":"https:\/\/agrund.com\/index.php\/wp-json\/wp\/v2\/media?parent=56524"}],"wp:term":[{"taxonomy":"category","embeddable":true,"href":"https:\/\/agrund.com\/index.php\/wp-json\/wp\/v2\/categories?post=56524"},{"taxonomy":"post_tag","embeddable":true,"href":"https:\/\/agrund.com\/index.php\/wp-json\/wp\/v2\/tags?post=56524"}],"curies":[{"name":"wp","href":"https:\/\/api.w.org\/{rel}","templated":true}]}}