{"id":55769,"date":"2012-12-10T10:00:40","date_gmt":"2012-12-10T12:00:40","guid":{"rendered":"http:\/\/www.agrund.com\/?p=55769"},"modified":"2012-12-10T10:00:40","modified_gmt":"2012-12-10T12:00:40","slug":"uniqlo-divulga-seu-lookbook-primaveraverao-2013","status":"publish","type":"post","link":"https:\/\/agrund.com\/index.php\/uniqlo-divulga-seu-lookbook-primaveraverao-2013\/","title":{"rendered":"Uniqlo divulga seu lookbook Primavera\/Ver\u00e3o 2013"},"content":{"rendered":"<p>A Uniqlo, grife japonesa que tem como dono Tadashi Yanai, o homem mais rico do Jap\u00e3o, acaba de divulgar seu lookbook Primavera\/Ver\u00e3o 2013. Nas imagens podemos ver uma cole\u00e7\u00e3o que aposta nas candy colors, assim como nas estampas florais, listras e xadrezes. Esperamos que a marca desembarque aqui pelo Brasil logo. Confira:<\/p>\n<div id=\"attachment_55771\" style=\"width: 460px\" class=\"wp-caption aligncenter\"><a class=\"lightbox\" title=\"Uniqlo divulga seu lookbook Primavera\/Ver\u00e3o 2013\" href=\"https:\/\/i0.wp.com\/www.agrund.com\/wp-content\/uploads\/2012\/12\/uniqlo-divulga-seu-lookbook-primaveraverao-2013-1.jpg\"><img aria-describedby=\"caption-attachment-55771\" decoding=\"async\" loading=\"lazy\" class=\"size-full wp-image-55771\" title=\"Uniqlo divulga seu lookbook Primavera\/Ver\u00e3o 2013\" src=\"https:\/\/i0.wp.com\/www.agrund.com\/wp-content\/uploads\/2012\/12\/uniqlo-divulga-seu-lookbook-primaveraverao-2013-1.jpg?resize=450%2C450\" alt=\"Uniqlo divulga seu lookbook Primavera\/Ver\u00e3o 2013\" width=\"450\" height=\"450\" data-recalc-dims=\"1\" \/><\/a><p id=\"caption-attachment-55771\" class=\"wp-caption-text\">Uniqlo divulga seu lookbook Primavera\/Ver\u00e3o 2013<\/p><\/div>\n<div id=\"attachment_55772\" style=\"width: 460px\" class=\"wp-caption aligncenter\"><a class=\"lightbox\" title=\"Uniqlo divulga seu lookbook Primavera\/Ver\u00e3o 2013\" href=\"https:\/\/i0.wp.com\/www.agrund.com\/wp-content\/uploads\/2012\/12\/uniqlo-divulga-seu-lookbook-primaveraverao-2013-2.jpg\"><img aria-describedby=\"caption-attachment-55772\" decoding=\"async\" loading=\"lazy\" class=\"size-full wp-image-55772\" title=\"Uniqlo divulga seu lookbook Primavera\/Ver\u00e3o 2013\" src=\"https:\/\/i0.wp.com\/www.agrund.com\/wp-content\/uploads\/2012\/12\/uniqlo-divulga-seu-lookbook-primaveraverao-2013-2.jpg?resize=450%2C450\" alt=\"Uniqlo divulga seu lookbook Primavera\/Ver\u00e3o 2013\" width=\"450\" height=\"450\" data-recalc-dims=\"1\" \/><\/a><p id=\"caption-attachment-55772\" class=\"wp-caption-text\">Uniqlo divulga seu lookbook Primavera\/Ver\u00e3o 2013<\/p><\/div>\n<div id=\"attachment_55773\" style=\"width: 460px\" class=\"wp-caption aligncenter\"><a class=\"lightbox\" title=\"Uniqlo divulga seu lookbook Primavera\/Ver\u00e3o 2013\" href=\"https:\/\/i0.wp.com\/www.agrund.com\/wp-content\/uploads\/2012\/12\/uniqlo-divulga-seu-lookbook-primaveraverao-2013-3.jpg\"><img aria-describedby=\"caption-attachment-55773\" decoding=\"async\" loading=\"lazy\" class=\"size-full wp-image-55773\" title=\"Uniqlo divulga seu lookbook Primavera\/Ver\u00e3o 2013\" src=\"https:\/\/i0.wp.com\/www.agrund.com\/wp-content\/uploads\/2012\/12\/uniqlo-divulga-seu-lookbook-primaveraverao-2013-3.jpg?resize=450%2C450\" alt=\"Uniqlo divulga seu lookbook Primavera\/Ver\u00e3o 2013\" width=\"450\" height=\"450\" data-recalc-dims=\"1\" \/><\/a><p id=\"caption-attachment-55773\" class=\"wp-caption-text\">Uniqlo divulga seu lookbook Primavera\/Ver\u00e3o 2013<\/p><\/div>\n<div id=\"attachment_55774\" style=\"width: 460px\" class=\"wp-caption aligncenter\"><a class=\"lightbox\" title=\"Uniqlo divulga seu lookbook Primavera\/Ver\u00e3o 2013\" href=\"https:\/\/i0.wp.com\/www.agrund.com\/wp-content\/uploads\/2012\/12\/uniqlo-divulga-seu-lookbook-primaveraverao-2013-4.jpg\"><img aria-describedby=\"caption-attachment-55774\" decoding=\"async\" loading=\"lazy\" class=\"size-full wp-image-55774\" title=\"Uniqlo divulga seu lookbook Primavera\/Ver\u00e3o 2013\" src=\"https:\/\/i0.wp.com\/www.agrund.com\/wp-content\/uploads\/2012\/12\/uniqlo-divulga-seu-lookbook-primaveraverao-2013-4.jpg?resize=450%2C450\" alt=\"Uniqlo divulga seu lookbook Primavera\/Ver\u00e3o 2013\" width=\"450\" height=\"450\" data-recalc-dims=\"1\" \/><\/a><p id=\"caption-attachment-55774\" class=\"wp-caption-text\">Uniqlo divulga seu lookbook Primavera\/Ver\u00e3o 2013<\/p><\/div>\n<div id=\"attachment_55775\" style=\"width: 460px\" class=\"wp-caption aligncenter\"><a class=\"lightbox\" title=\"Uniqlo divulga seu lookbook Primavera\/Ver\u00e3o 2013\" href=\"https:\/\/i0.wp.com\/www.agrund.com\/wp-content\/uploads\/2012\/12\/uniqlo-divulga-seu-lookbook-primaveraverao-2013-5.jpg\"><img aria-describedby=\"caption-attachment-55775\" decoding=\"async\" loading=\"lazy\" class=\"size-full wp-image-55775\" title=\"Uniqlo divulga seu lookbook Primavera\/Ver\u00e3o 2013\" src=\"https:\/\/i0.wp.com\/www.agrund.com\/wp-content\/uploads\/2012\/12\/uniqlo-divulga-seu-lookbook-primaveraverao-2013-5.jpg?resize=450%2C450\" alt=\"Uniqlo divulga seu lookbook Primavera\/Ver\u00e3o 2013\" width=\"450\" height=\"450\" data-recalc-dims=\"1\" \/><\/a><p id=\"caption-attachment-55775\" class=\"wp-caption-text\">Uniqlo divulga seu lookbook Primavera\/Ver\u00e3o 2013<\/p><\/div>\n<p>Imagens: Reprodu\u00e7\u00e3o.<\/p>\n","protected":false},"excerpt":{"rendered":"<p>A Uniqlo, grife japonesa que tem como dono Tadashi Yanai, o homem mais rico do Jap\u00e3o, acaba de divulgar seu lookbook Primavera\/Ver\u00e3o 2013. Nas imagens podemos ver uma cole\u00e7\u00e3o que aposta nas candy colors, assim como nas estampas florais, listras e xadrezes. Esperamos que a marca desembarque aqui pelo Brasil logo. Confira: Imagens: Reprodu\u00e7\u00e3o.<\/p>\n","protected":false},"author":8,"featured_media":55770,"comment_status":"open","ping_status":"open","sticky":false,"template":"","format":"standard","meta":{"jetpack_post_was_ever_published":false,"_jetpack_newsletter_access":"","jetpack_publicize_message":"","jetpack_is_tweetstorm":false,"jetpack_publicize_feature_enabled":true,"jetpack_social_post_already_shared":false,"jetpack_social_options":{"image_generator_settings":{"template":"highway","enabled":false}}},"categories":[6],"tags":[],"jetpack_publicize_connections":[],"jetpack_featured_media_url":"","jetpack_sharing_enabled":true,"jetpack_shortlink":"https:\/\/wp.me\/p3Hz0n-evv","jetpack_likes_enabled":true,"_links":{"self":[{"href":"https:\/\/agrund.com\/index.php\/wp-json\/wp\/v2\/posts\/55769"}],"collection":[{"href":"https:\/\/agrund.com\/index.php\/wp-json\/wp\/v2\/posts"}],"about":[{"href":"https:\/\/agrund.com\/index.php\/wp-json\/wp\/v2\/types\/post"}],"author":[{"embeddable":true,"href":"https:\/\/agrund.com\/index.php\/wp-json\/wp\/v2\/users\/8"}],"replies":[{"embeddable":true,"href":"https:\/\/agrund.com\/index.php\/wp-json\/wp\/v2\/comments?post=55769"}],"version-history":[{"count":0,"href":"https:\/\/agrund.com\/index.php\/wp-json\/wp\/v2\/posts\/55769\/revisions"}],"wp:featuredmedia":[{"embeddable":true,"href":"https:\/\/agrund.com\/index.php\/wp-json\/"}],"wp:attachment":[{"href":"https:\/\/agrund.com\/index.php\/wp-json\/wp\/v2\/media?parent=55769"}],"wp:term":[{"taxonomy":"category","embeddable":true,"href":"https:\/\/agrund.com\/index.php\/wp-json\/wp\/v2\/categories?post=55769"},{"taxonomy":"post_tag","embeddable":true,"href":"https:\/\/agrund.com\/index.php\/wp-json\/wp\/v2\/tags?post=55769"}],"curies":[{"name":"wp","href":"https:\/\/api.w.org\/{rel}","templated":true}]}}