{"id":55114,"date":"2012-12-03T23:00:51","date_gmt":"2012-12-04T01:00:51","guid":{"rendered":"http:\/\/www.agrund.com\/?p=55114"},"modified":"2012-12-03T23:00:51","modified_gmt":"2012-12-04T01:00:51","slug":"veja-as-pecas-de-yoko-ono-para-a-opening-ceremony","status":"publish","type":"post","link":"https:\/\/agrund.com\/index.php\/veja-as-pecas-de-yoko-ono-para-a-opening-ceremony\/","title":{"rendered":"Veja as pe\u00e7as de Yoko Ono para a Opening Ceremony"},"content":{"rendered":"<p>O Agrund contou AQUI que Yoko Ono estava desenvolvendo uma cole\u00e7\u00e3o em parceria com a Opening Ceremony, lembram? A marca agora divulgou imagens da cole\u00e7\u00e3o chamada Fashions for Men e que foi inspirada em John Lennon, ex-marido de Yoko. Confira:<\/p>\n<div id=\"attachment_55117\" style=\"width: 410px\" class=\"wp-caption aligncenter\"><a class=\"lightbox\" title=\"Veja as pe\u00e7as de Yoko Ono para a Opening Ceremony  \" href=\"https:\/\/i0.wp.com\/www.agrund.com\/wp-content\/uploads\/2012\/12\/yoko-ono-opening-ceremony-02.jpg\"><img aria-describedby=\"caption-attachment-55117\" decoding=\"async\" loading=\"lazy\" class=\"size-full wp-image-55117\" title=\"Veja as pe\u00e7as de Yoko Ono para a Opening Ceremony  \" src=\"https:\/\/i0.wp.com\/www.agrund.com\/wp-content\/uploads\/2012\/12\/yoko-ono-opening-ceremony-02.jpg?resize=400%2C600\" alt=\"Veja as pe\u00e7as de Yoko Ono para a Opening Ceremony  \" width=\"400\" height=\"600\" data-recalc-dims=\"1\" \/><\/a><p id=\"caption-attachment-55117\" class=\"wp-caption-text\">Veja as pe\u00e7as de Yoko Ono para a Opening Ceremony<\/p><\/div>\n<div id=\"attachment_55118\" style=\"width: 410px\" class=\"wp-caption aligncenter\"><a class=\"lightbox\" title=\"Veja as pe\u00e7as de Yoko Ono para a Opening Ceremony  \" href=\"https:\/\/i0.wp.com\/www.agrund.com\/wp-content\/uploads\/2012\/12\/yoko-ono-opening-ceremony-03.jpg\"><img aria-describedby=\"caption-attachment-55118\" decoding=\"async\" loading=\"lazy\" class=\"size-full wp-image-55118\" title=\"Veja as pe\u00e7as de Yoko Ono para a Opening Ceremony  \" src=\"https:\/\/i0.wp.com\/www.agrund.com\/wp-content\/uploads\/2012\/12\/yoko-ono-opening-ceremony-03.jpg?resize=400%2C600\" alt=\"Veja as pe\u00e7as de Yoko Ono para a Opening Ceremony  \" width=\"400\" height=\"600\" data-recalc-dims=\"1\" \/><\/a><p id=\"caption-attachment-55118\" class=\"wp-caption-text\">Veja as pe\u00e7as de Yoko Ono para a Opening Ceremony<\/p><\/div>\n<div id=\"attachment_55119\" style=\"width: 410px\" class=\"wp-caption aligncenter\"><a class=\"lightbox\" title=\"Veja as pe\u00e7as de Yoko Ono para a Opening Ceremony  \" href=\"https:\/\/i0.wp.com\/www.agrund.com\/wp-content\/uploads\/2012\/12\/yoko-ono-opening-ceremony-04.jpg\"><img aria-describedby=\"caption-attachment-55119\" decoding=\"async\" loading=\"lazy\" class=\"size-full wp-image-55119\" title=\"Veja as pe\u00e7as de Yoko Ono para a Opening Ceremony  \" src=\"https:\/\/i0.wp.com\/www.agrund.com\/wp-content\/uploads\/2012\/12\/yoko-ono-opening-ceremony-04.jpg?resize=400%2C600\" alt=\"Veja as pe\u00e7as de Yoko Ono para a Opening Ceremony  \" width=\"400\" height=\"600\" data-recalc-dims=\"1\" \/><\/a><p id=\"caption-attachment-55119\" class=\"wp-caption-text\">Veja as pe\u00e7as de Yoko Ono para a Opening Ceremony<\/p><\/div>\n<div id=\"attachment_55120\" style=\"width: 410px\" class=\"wp-caption aligncenter\"><a class=\"lightbox\" title=\"Veja as pe\u00e7as de Yoko Ono para a Opening Ceremony  \" href=\"https:\/\/i0.wp.com\/www.agrund.com\/wp-content\/uploads\/2012\/12\/yoko-ono-opening-ceremony-07.jpg\"><img aria-describedby=\"caption-attachment-55120\" decoding=\"async\" loading=\"lazy\" class=\"size-full wp-image-55120\" title=\"Veja as pe\u00e7as de Yoko Ono para a Opening Ceremony  \" src=\"https:\/\/i0.wp.com\/www.agrund.com\/wp-content\/uploads\/2012\/12\/yoko-ono-opening-ceremony-07.jpg?resize=400%2C600\" alt=\"Veja as pe\u00e7as de Yoko Ono para a Opening Ceremony  \" width=\"400\" height=\"600\" data-recalc-dims=\"1\" \/><\/a><p id=\"caption-attachment-55120\" class=\"wp-caption-text\">Veja as pe\u00e7as de Yoko Ono para a Opening Ceremony<\/p><\/div>\n<div id=\"attachment_55122\" style=\"width: 410px\" class=\"wp-caption aligncenter\"><a class=\"lightbox\" title=\"Veja as pe\u00e7as de Yoko Ono para a Opening Ceremony  \" href=\"https:\/\/i0.wp.com\/www.agrund.com\/wp-content\/uploads\/2012\/12\/yoko-ono-opening-ceremony.jpg\"><img aria-describedby=\"caption-attachment-55122\" decoding=\"async\" loading=\"lazy\" class=\"size-full wp-image-55122\" title=\"Veja as pe\u00e7as de Yoko Ono para a Opening Ceremony  \" src=\"https:\/\/i0.wp.com\/www.agrund.com\/wp-content\/uploads\/2012\/12\/yoko-ono-opening-ceremony.jpg?resize=400%2C600\" alt=\"Veja as pe\u00e7as de Yoko Ono para a Opening Ceremony  \" width=\"400\" height=\"600\" data-recalc-dims=\"1\" \/><\/a><p id=\"caption-attachment-55122\" class=\"wp-caption-text\">Veja as pe\u00e7as de Yoko Ono para a Opening Ceremony<\/p><\/div>\n<div id=\"attachment_55121\" style=\"width: 410px\" class=\"wp-caption aligncenter\"><a class=\"lightbox\" title=\"Veja as pe\u00e7as de Yoko Ono para a Opening Ceremony  \" href=\"https:\/\/i0.wp.com\/www.agrund.com\/wp-content\/uploads\/2012\/12\/yoko-ono-opening-ceremony-09.jpg\"><img aria-describedby=\"caption-attachment-55121\" decoding=\"async\" loading=\"lazy\" class=\"size-full wp-image-55121\" title=\"Veja as pe\u00e7as de Yoko Ono para a Opening Ceremony  \" src=\"https:\/\/i0.wp.com\/www.agrund.com\/wp-content\/uploads\/2012\/12\/yoko-ono-opening-ceremony-09.jpg?resize=400%2C600\" alt=\"Veja as pe\u00e7as de Yoko Ono para a Opening Ceremony  \" width=\"400\" height=\"600\" data-recalc-dims=\"1\" \/><\/a><p id=\"caption-attachment-55121\" class=\"wp-caption-text\">Veja as pe\u00e7as de Yoko Ono para a Opening Ceremony<\/p><\/div>\n<p>Imagens: Reprodu\u00e7\u00e3o.<\/p>\n<p>&nbsp;<\/p>\n<p>&nbsp;<\/p>\n<div><\/div>\n","protected":false},"excerpt":{"rendered":"<p>O Agrund contou AQUI que Yoko Ono estava desenvolvendo uma cole\u00e7\u00e3o em parceria com a Opening Ceremony, lembram? A marca agora divulgou imagens da cole\u00e7\u00e3o chamada Fashions for Men e que foi inspirada em John Lennon, ex-marido de Yoko. Confira: Imagens: Reprodu\u00e7\u00e3o. &nbsp; &nbsp;<\/p>\n","protected":false},"author":8,"featured_media":55116,"comment_status":"open","ping_status":"open","sticky":false,"template":"","format":"standard","meta":{"jetpack_post_was_ever_published":false,"_jetpack_newsletter_access":"","jetpack_publicize_message":"","jetpack_is_tweetstorm":false,"jetpack_publicize_feature_enabled":true,"jetpack_social_post_already_shared":false,"jetpack_social_options":{"image_generator_settings":{"template":"highway","enabled":false}}},"categories":[6],"tags":[],"jetpack_publicize_connections":[],"jetpack_featured_media_url":"","jetpack_sharing_enabled":true,"jetpack_shortlink":"https:\/\/wp.me\/p3Hz0n-ekW","jetpack_likes_enabled":true,"_links":{"self":[{"href":"https:\/\/agrund.com\/index.php\/wp-json\/wp\/v2\/posts\/55114"}],"collection":[{"href":"https:\/\/agrund.com\/index.php\/wp-json\/wp\/v2\/posts"}],"about":[{"href":"https:\/\/agrund.com\/index.php\/wp-json\/wp\/v2\/types\/post"}],"author":[{"embeddable":true,"href":"https:\/\/agrund.com\/index.php\/wp-json\/wp\/v2\/users\/8"}],"replies":[{"embeddable":true,"href":"https:\/\/agrund.com\/index.php\/wp-json\/wp\/v2\/comments?post=55114"}],"version-history":[{"count":0,"href":"https:\/\/agrund.com\/index.php\/wp-json\/wp\/v2\/posts\/55114\/revisions"}],"wp:featuredmedia":[{"embeddable":true,"href":"https:\/\/agrund.com\/index.php\/wp-json\/"}],"wp:attachment":[{"href":"https:\/\/agrund.com\/index.php\/wp-json\/wp\/v2\/media?parent=55114"}],"wp:term":[{"taxonomy":"category","embeddable":true,"href":"https:\/\/agrund.com\/index.php\/wp-json\/wp\/v2\/categories?post=55114"},{"taxonomy":"post_tag","embeddable":true,"href":"https:\/\/agrund.com\/index.php\/wp-json\/wp\/v2\/tags?post=55114"}],"curies":[{"name":"wp","href":"https:\/\/api.w.org\/{rel}","templated":true}]}}