{"id":55069,"date":"2012-12-03T22:00:14","date_gmt":"2012-12-04T00:00:14","guid":{"rendered":"http:\/\/www.agrund.com\/?p=55069"},"modified":"2012-12-03T22:00:14","modified_gmt":"2012-12-04T00:00:14","slug":"we-luv-programa-tendencia-esportiva","status":"publish","type":"post","link":"https:\/\/agrund.com\/index.php\/we-luv-programa-tendencia-esportiva\/","title":{"rendered":"We Luv :: Programa tend\u00eancia esportiva"},"content":{"rendered":"<p>Como j\u00e1 comentei aqui, fui convidado para participar de uma s\u00e9rie no programa We Luv com a querida Caroline Bittencourt. Essa semana falo das tend\u00eancias que invadiram as semanas de moda e j\u00e1 est\u00e3o fazendo parte do dia daqueles que gostam de estar antenados em tudo o que acontece no mundo fashion. Veja algumas dicas para poder abusar dessa \u201conda\u201d sem ficar com cara de atleta. Se quiser ver outros programas \u00e9 s\u00f3 entrar no www.wonder tv.br. Aperte o play!<\/p>\n<p>&nbsp;<\/p>\n<div id=\"attachment_55073\" style=\"width: 460px\" class=\"wp-caption aligncenter\"><a class=\"lightbox\" title=\"We Luv :: Programa tend\u00eancia esportiva \" href=\"https:\/\/i0.wp.com\/www.agrund.com\/wp-content\/uploads\/2012\/12\/fabio-2.jpg\"><img aria-describedby=\"caption-attachment-55073\" decoding=\"async\" loading=\"lazy\" class=\"size-full wp-image-55073\" title=\"We Luv :: Programa tend\u00eancia esportiva \" src=\"https:\/\/i0.wp.com\/www.agrund.com\/wp-content\/uploads\/2012\/12\/fabio-2.jpg?resize=450%2C600\" alt=\"We Luv :: Programa tend\u00eancia esportiva \" width=\"450\" height=\"600\" data-recalc-dims=\"1\" \/><\/a><p id=\"caption-attachment-55073\" class=\"wp-caption-text\">We Luv :: Programa tend\u00eancia esportiva<\/p><\/div>\n<div id=\"attachment_55074\" style=\"width: 460px\" class=\"wp-caption aligncenter\"><a class=\"lightbox\" title=\"We Luv :: Programa tend\u00eancia esportiva \" href=\"https:\/\/i0.wp.com\/www.agrund.com\/wp-content\/uploads\/2012\/12\/fabio-3.jpg\"><img aria-describedby=\"caption-attachment-55074\" decoding=\"async\" loading=\"lazy\" class=\"size-full wp-image-55074\" title=\"We Luv :: Programa tend\u00eancia esportiva \" src=\"https:\/\/i0.wp.com\/www.agrund.com\/wp-content\/uploads\/2012\/12\/fabio-3.jpg?resize=450%2C600\" alt=\"We Luv :: Programa tend\u00eancia esportiva \" width=\"450\" height=\"600\" data-recalc-dims=\"1\" \/><\/a><p id=\"caption-attachment-55074\" class=\"wp-caption-text\">We Luv :: Programa tend\u00eancia esportiva<\/p><\/div>\n<div id=\"attachment_55075\" style=\"width: 460px\" class=\"wp-caption aligncenter\"><a class=\"lightbox\" title=\"We Luv :: Programa tend\u00eancia esportiva \" href=\"https:\/\/i0.wp.com\/www.agrund.com\/wp-content\/uploads\/2012\/12\/fabio-4.jpg\"><img aria-describedby=\"caption-attachment-55075\" decoding=\"async\" loading=\"lazy\" class=\"size-full wp-image-55075\" title=\"We Luv :: Programa tend\u00eancia esportiva \" src=\"https:\/\/i0.wp.com\/www.agrund.com\/wp-content\/uploads\/2012\/12\/fabio-4.jpg?resize=450%2C600\" alt=\"We Luv :: Programa tend\u00eancia esportiva \" width=\"450\" height=\"600\" data-recalc-dims=\"1\" \/><\/a><p id=\"caption-attachment-55075\" class=\"wp-caption-text\">We Luv :: Programa tend\u00eancia esportiva<\/p><\/div>\n<div id=\"attachment_55076\" style=\"width: 460px\" class=\"wp-caption aligncenter\"><a class=\"lightbox\" title=\"We Luv :: Programa tend\u00eancia esportiva \" href=\"https:\/\/i0.wp.com\/www.agrund.com\/wp-content\/uploads\/2012\/12\/fabio-5.jpg\"><img aria-describedby=\"caption-attachment-55076\" decoding=\"async\" loading=\"lazy\" class=\"size-full wp-image-55076\" title=\"We Luv :: Programa tend\u00eancia esportiva \" src=\"https:\/\/i0.wp.com\/www.agrund.com\/wp-content\/uploads\/2012\/12\/fabio-5.jpg?resize=450%2C600\" alt=\"We Luv :: Programa tend\u00eancia esportiva \" width=\"450\" height=\"600\" data-recalc-dims=\"1\" \/><\/a><p id=\"caption-attachment-55076\" class=\"wp-caption-text\">We Luv :: Programa tend\u00eancia esportiva<\/p><\/div>\n<p>&nbsp;<\/p>\n<p>Imagens e V\u00eddeo: Divulga\u00e7\u00e3o.<\/p>\n<p>&nbsp;<\/p>\n<p>&nbsp;<\/p>\n","protected":false},"excerpt":{"rendered":"<p>Como j\u00e1 comentei aqui, fui convidado para participar de uma s\u00e9rie no programa We Luv com a querida Caroline Bittencourt. Essa semana falo das tend\u00eancias que invadiram as semanas de moda e j\u00e1 est\u00e3o fazendo parte do dia daqueles que gostam de estar antenados em tudo o que acontece no mundo fashion. Veja algumas dicas [&hellip;]<\/p>\n","protected":false},"author":8,"featured_media":55071,"comment_status":"open","ping_status":"open","sticky":false,"template":"","format":"standard","meta":{"jetpack_post_was_ever_published":false,"_jetpack_newsletter_access":"","jetpack_publicize_message":"","jetpack_is_tweetstorm":false,"jetpack_publicize_feature_enabled":true,"jetpack_social_post_already_shared":false,"jetpack_social_options":{"image_generator_settings":{"template":"highway","enabled":false}}},"categories":[6],"tags":[],"jetpack_publicize_connections":[],"jetpack_featured_media_url":"","jetpack_sharing_enabled":true,"jetpack_shortlink":"https:\/\/wp.me\/p3Hz0n-ekd","jetpack_likes_enabled":true,"_links":{"self":[{"href":"https:\/\/agrund.com\/index.php\/wp-json\/wp\/v2\/posts\/55069"}],"collection":[{"href":"https:\/\/agrund.com\/index.php\/wp-json\/wp\/v2\/posts"}],"about":[{"href":"https:\/\/agrund.com\/index.php\/wp-json\/wp\/v2\/types\/post"}],"author":[{"embeddable":true,"href":"https:\/\/agrund.com\/index.php\/wp-json\/wp\/v2\/users\/8"}],"replies":[{"embeddable":true,"href":"https:\/\/agrund.com\/index.php\/wp-json\/wp\/v2\/comments?post=55069"}],"version-history":[{"count":0,"href":"https:\/\/agrund.com\/index.php\/wp-json\/wp\/v2\/posts\/55069\/revisions"}],"wp:featuredmedia":[{"embeddable":true,"href":"https:\/\/agrund.com\/index.php\/wp-json\/"}],"wp:attachment":[{"href":"https:\/\/agrund.com\/index.php\/wp-json\/wp\/v2\/media?parent=55069"}],"wp:term":[{"taxonomy":"category","embeddable":true,"href":"https:\/\/agrund.com\/index.php\/wp-json\/wp\/v2\/categories?post=55069"},{"taxonomy":"post_tag","embeddable":true,"href":"https:\/\/agrund.com\/index.php\/wp-json\/wp\/v2\/tags?post=55069"}],"curies":[{"name":"wp","href":"https:\/\/api.w.org\/{rel}","templated":true}]}}