{"id":55021,"date":"2012-12-03T20:00:49","date_gmt":"2012-12-03T22:00:49","guid":{"rendered":"http:\/\/www.agrund.com\/?p=55021"},"modified":"2012-12-03T20:00:49","modified_gmt":"2012-12-03T22:00:49","slug":"fazendo-as-malas-com-arlindo-grund","status":"publish","type":"post","link":"https:\/\/agrund.com\/index.php\/fazendo-as-malas-com-arlindo-grund\/","title":{"rendered":"Fazendo as malas com Arlindo Grund"},"content":{"rendered":"<p>Como comentei semana passada, o Arlindo Grund esteve em Mil\u00e3o. Como bom amigo, n\u00e3o poderia deixar de dar uma forcinha na hora de montar sua mala e escolher seus looks para a agenda cheia que esperava por ele. E certas pe\u00e7as n\u00e3o podem faltar nessa hora. Vamos embarcar?<\/p>\n<p>LOOK AVI\u00c3O<br \/>\nPara viajar com conforto, mas sem perder o estilo, uma boa camisa de chambre que n\u00e3o amassa e uma cal\u00e7a de veludo com stretch s\u00e3o \u00f3timas pedidas. Uma bota confort\u00e1vel para encarar de imediato o inverno que o espera (essa \u00e9 do Alexandre Herchcovitch) e um sobretudo Marc Jacobs complementaram a produ\u00e7\u00e3o<\/p>\n<div id=\"attachment_55022\" style=\"width: 510px\" class=\"wp-caption aligncenter\"><a class=\"lightbox\" title=\"1\" href=\"https:\/\/i0.wp.com\/www.agrund.com\/wp-content\/uploads\/2012\/12\/1-Look-aviao.jpg\"><img aria-describedby=\"caption-attachment-55022\" decoding=\"async\" loading=\"lazy\" class=\"size-full wp-image-55022\" title=\"1\" src=\"https:\/\/i0.wp.com\/www.agrund.com\/wp-content\/uploads\/2012\/12\/1-Look-aviao.jpg?resize=500%2C500\" alt=\" Look aviao\" width=\"500\" height=\"500\" data-recalc-dims=\"1\" \/><\/a><p id=\"caption-attachment-55022\" class=\"wp-caption-text\">Look aviao<\/p><\/div>\n<p>&nbsp;<\/p>\n<p>LOOK NOITE<br \/>\n\u00c0 noite, a primeira festinha informal da Campari e Arlindo j\u00e1 ousa com mix de estampas da Laundry, jaqueta Roberto Cavalli e sapato Alexandre Herchcovitch. Isso para mostrar que nem sempre temos apenas que levar pe\u00e7as s\u00f3brias e pesadas. Claro que j\u00e1 t\u00ednhamos estudado bem a agenda, rsss.<\/p>\n<p>&nbsp;<\/p>\n<p>JAQUETA DE COURO \u00c9 TOP<br \/>\nNo outro dia, a entrevista com Penelope Cruz. A\u00ed, um pouco da mistura de estilos que Arlindo adora. Jaqueta motorcycle de couro D&amp;G com camisa, gravata, tric\u00f4, cal\u00e7a e botas, tudo Alexandre Herchcovitch. E sua insepar\u00e1vel bolsa Louis Vuitton. A velha e boa companheira jaqueta de couro pode passear em todas as ocasi\u00f5es sem perder o estilo. \u00c9 pe\u00e7a indispens\u00e1vel.<\/p>\n<div id=\"attachment_55025\" style=\"width: 510px\" class=\"wp-caption aligncenter\"><a class=\"lightbox\" title=\"4 \" href=\"https:\/\/i0.wp.com\/www.agrund.com\/wp-content\/uploads\/2012\/12\/4-Entrevista-com-Penelope.jpg\"><img aria-describedby=\"caption-attachment-55025\" decoding=\"async\" loading=\"lazy\" class=\"size-full wp-image-55025\" title=\"4 \" src=\"https:\/\/i0.wp.com\/www.agrund.com\/wp-content\/uploads\/2012\/12\/4-Entrevista-com-Penelope.jpg?resize=500%2C500\" alt=\"Entrevista com Penelope\" width=\"500\" height=\"500\" data-recalc-dims=\"1\" \/><\/a><p id=\"caption-attachment-55025\" class=\"wp-caption-text\">Entrevista com Penelope<\/p><\/div>\n<p><a class=\"lightbox\" title=\"4 Terca II\" href=\"https:\/\/i0.wp.com\/www.agrund.com\/wp-content\/uploads\/2012\/12\/4-Terca-II.jpg\"><img decoding=\"async\" loading=\"lazy\" class=\"aligncenter size-full wp-image-55026\" title=\"4 Terca II\" src=\"https:\/\/i0.wp.com\/www.agrund.com\/wp-content\/uploads\/2012\/12\/4-Terca-II.jpg?resize=500%2C667\" alt=\"\" width=\"500\" height=\"667\" data-recalc-dims=\"1\" \/><\/a><\/p>\n<p>LOOK FESTA CHIQUE<br \/>\nNa festa do tapete vermelho, um look de arrasar! Blazer, camisa e cal\u00e7a Alexandre Herchcovitch. Gravata e sapatos Prada. Aqui, a irrever\u00eancia que ficou cult foi o uso de uma cam\u00e9lia da Chanel na lapela esquerda. O interessante \u00e9 voc\u00ea mostrar em ocasi\u00f5es muito formais um pouco de personalidade, mas, claro, sem quebrar os padr\u00f5es exigidos.<\/p>\n<p>&nbsp;<\/p>\n<p>SPORTSWEAR \u00c9 BOA APOSTA<br \/>\nNo \u00faltimo dia de grava\u00e7\u00e3o, Arlindo usou a tend\u00eancia que assola o mundo \u2013 a esportiva. O blazer de veludo cotel\u00ea ficou moderno com a jaqueta de tecido tecnol\u00f3gico by Zegna. A cal\u00e7a pesada azul clara, mais solta, equilibrou a silhueta. Imperme\u00e1veis tamb\u00e9m ganham papel important\u00edssimo. Al\u00e9m de ser bem \u00fateis para dias mais chuvosos, atualmente s\u00e3o pura tend\u00eancia.<\/p>\n<p>&nbsp;<\/p>\n","protected":false},"excerpt":{"rendered":"<p>Como comentei semana passada, o Arlindo Grund esteve em Mil\u00e3o. Como bom amigo, n\u00e3o poderia deixar de dar uma forcinha na hora de montar sua mala e escolher seus looks para a agenda cheia que esperava por ele. E certas pe\u00e7as n\u00e3o podem faltar nessa hora. Vamos embarcar? LOOK AVI\u00c3O Para viajar com conforto, mas [&hellip;]<\/p>\n","protected":false},"author":8,"featured_media":55029,"comment_status":"open","ping_status":"open","sticky":false,"template":"","format":"standard","meta":{"jetpack_post_was_ever_published":false,"_jetpack_newsletter_access":"","jetpack_publicize_message":"","jetpack_is_tweetstorm":false,"jetpack_publicize_feature_enabled":true,"jetpack_social_post_already_shared":false,"jetpack_social_options":{"image_generator_settings":{"template":"highway","enabled":false}}},"categories":[6],"tags":[],"jetpack_publicize_connections":[],"jetpack_featured_media_url":"","jetpack_sharing_enabled":true,"jetpack_shortlink":"https:\/\/wp.me\/p3Hz0n-ejr","jetpack_likes_enabled":true,"_links":{"self":[{"href":"https:\/\/agrund.com\/index.php\/wp-json\/wp\/v2\/posts\/55021"}],"collection":[{"href":"https:\/\/agrund.com\/index.php\/wp-json\/wp\/v2\/posts"}],"about":[{"href":"https:\/\/agrund.com\/index.php\/wp-json\/wp\/v2\/types\/post"}],"author":[{"embeddable":true,"href":"https:\/\/agrund.com\/index.php\/wp-json\/wp\/v2\/users\/8"}],"replies":[{"embeddable":true,"href":"https:\/\/agrund.com\/index.php\/wp-json\/wp\/v2\/comments?post=55021"}],"version-history":[{"count":0,"href":"https:\/\/agrund.com\/index.php\/wp-json\/wp\/v2\/posts\/55021\/revisions"}],"wp:featuredmedia":[{"embeddable":true,"href":"https:\/\/agrund.com\/index.php\/wp-json\/"}],"wp:attachment":[{"href":"https:\/\/agrund.com\/index.php\/wp-json\/wp\/v2\/media?parent=55021"}],"wp:term":[{"taxonomy":"category","embeddable":true,"href":"https:\/\/agrund.com\/index.php\/wp-json\/wp\/v2\/categories?post=55021"},{"taxonomy":"post_tag","embeddable":true,"href":"https:\/\/agrund.com\/index.php\/wp-json\/wp\/v2\/tags?post=55021"}],"curies":[{"name":"wp","href":"https:\/\/api.w.org\/{rel}","templated":true}]}}