{"id":54275,"date":"2012-11-26T19:30:14","date_gmt":"2012-11-26T21:30:14","guid":{"rendered":"http:\/\/www.agrund.com\/?p=54275"},"modified":"2012-11-26T19:30:14","modified_gmt":"2012-11-26T21:30:14","slug":"moda-masculina-editorial-anos-50","status":"publish","type":"post","link":"https:\/\/agrund.com\/index.php\/moda-masculina-editorial-anos-50\/","title":{"rendered":"Editorial  &#8211; Anos 50"},"content":{"rendered":"<div>\n<p>Dando sequ\u00eancia aos editoriais em comemora\u00e7\u00e3o aos 10 anos da V Man, marcados em 2011, dessa vez os anos 50, que est\u00e3o t\u00e3o na moda, foi o objeto explorado. Com fotos de Sharif Hamza e styling de Tom van Dorpe o clima rom\u00e2ntico e de rebeldia que marcou a d\u00e9cada foi mostrado de forma bem atual. Inspire-se nos looks rockabilly!<\/p>\n<div id=\"attachment_54277\" style=\"width: 501px\" class=\"wp-caption aligncenter\"><a class=\"lightbox\" title=\"Moda Masculina :: Editorial  - Anos 50 \" href=\"https:\/\/i0.wp.com\/www.agrund.com\/wp-content\/uploads\/2012\/11\/foto.png\"><img aria-describedby=\"caption-attachment-54277\" decoding=\"async\" loading=\"lazy\" class=\" wp-image-54277  \" title=\"Moda Masculina :: Editorial  - Anos 50 \" src=\"https:\/\/i0.wp.com\/www.agrund.com\/wp-content\/uploads\/2012\/11\/foto.png?resize=491%2C655\" alt=\"Moda Masculina :: Editorial  - Anos 50 \" width=\"491\" height=\"655\" data-recalc-dims=\"1\" \/><\/a><p id=\"caption-attachment-54277\" class=\"wp-caption-text\">Moda Masculina :: Editorial &#8211; Anos 50<\/p><\/div>\n<div id=\"attachment_54278\" style=\"width: 501px\" class=\"wp-caption aligncenter\"><a class=\"lightbox\" title=\"Moda Masculina :: Editorial  - Anos 50 \" href=\"https:\/\/i0.wp.com\/www.agrund.com\/wp-content\/uploads\/2012\/11\/foto-1.png\"><img aria-describedby=\"caption-attachment-54278\" decoding=\"async\" loading=\"lazy\" class=\" wp-image-54278  \" title=\"Moda Masculina :: Editorial  - Anos 50 \" src=\"https:\/\/i0.wp.com\/www.agrund.com\/wp-content\/uploads\/2012\/11\/foto-1.png?resize=491%2C655\" alt=\"Moda Masculina :: Editorial  - Anos 50 \" width=\"491\" height=\"655\" data-recalc-dims=\"1\" \/><\/a><p id=\"caption-attachment-54278\" class=\"wp-caption-text\">Moda Masculina :: Editorial &#8211; Anos 50<\/p><\/div>\n<div id=\"attachment_54284\" style=\"width: 501px\" class=\"wp-caption aligncenter\"><a class=\"lightbox\" title=\"Moda Masculina :: Editorial  - Anos 50 \" href=\"https:\/\/i0.wp.com\/www.agrund.com\/wp-content\/uploads\/2012\/11\/foto-21.png\"><img aria-describedby=\"caption-attachment-54284\" decoding=\"async\" loading=\"lazy\" class=\" wp-image-54284  \" title=\"Moda Masculina :: Editorial  - Anos 50 \" src=\"https:\/\/i0.wp.com\/www.agrund.com\/wp-content\/uploads\/2012\/11\/foto-21.png?resize=491%2C655\" alt=\"Moda Masculina :: Editorial  - Anos 50 \" width=\"491\" height=\"655\" data-recalc-dims=\"1\" \/><\/a><p id=\"caption-attachment-54284\" class=\"wp-caption-text\">Moda Masculina :: Editorial &#8211; Anos 50<\/p><\/div>\n<div id=\"attachment_54280\" style=\"width: 501px\" class=\"wp-caption aligncenter\"><a class=\"lightbox\" title=\"Moda Masculina :: Editorial  - Anos 50 \" href=\"https:\/\/i0.wp.com\/www.agrund.com\/wp-content\/uploads\/2012\/11\/foto-3.png\"><img aria-describedby=\"caption-attachment-54280\" decoding=\"async\" loading=\"lazy\" class=\" wp-image-54280  \" title=\"Moda Masculina :: Editorial  - Anos 50 \" src=\"https:\/\/i0.wp.com\/www.agrund.com\/wp-content\/uploads\/2012\/11\/foto-3.png?resize=491%2C655\" alt=\"Moda Masculina :: Editorial  - Anos 50 \" width=\"491\" height=\"655\" data-recalc-dims=\"1\" \/><\/a><p id=\"caption-attachment-54280\" class=\"wp-caption-text\">Moda Masculina :: Editorial &#8211; Anos 50<\/p><\/div>\n<div id=\"attachment_54281\" style=\"width: 501px\" class=\"wp-caption aligncenter\"><a class=\"lightbox\" title=\"Moda Masculina :: Editorial  - Anos 50 \" href=\"https:\/\/i0.wp.com\/www.agrund.com\/wp-content\/uploads\/2012\/11\/foto-4.png\"><img aria-describedby=\"caption-attachment-54281\" decoding=\"async\" loading=\"lazy\" class=\" wp-image-54281  \" title=\"Moda Masculina :: Editorial  - Anos 50 \" src=\"https:\/\/i0.wp.com\/www.agrund.com\/wp-content\/uploads\/2012\/11\/foto-4.png?resize=491%2C655\" alt=\"Moda Masculina :: Editorial  - Anos 50 \" width=\"491\" height=\"655\" data-recalc-dims=\"1\" \/><\/a><p id=\"caption-attachment-54281\" class=\"wp-caption-text\">Moda Masculina :: Editorial &#8211; Anos 50<\/p><\/div>\n<div id=\"attachment_54282\" style=\"width: 501px\" class=\"wp-caption aligncenter\"><a class=\"lightbox\" title=\"Moda Masculina :: Editorial  - Anos 50 \" href=\"https:\/\/i0.wp.com\/www.agrund.com\/wp-content\/uploads\/2012\/11\/foto-5.png\"><img aria-describedby=\"caption-attachment-54282\" decoding=\"async\" loading=\"lazy\" class=\" wp-image-54282  \" title=\"Moda Masculina :: Editorial  - Anos 50 \" src=\"https:\/\/i0.wp.com\/www.agrund.com\/wp-content\/uploads\/2012\/11\/foto-5.png?resize=491%2C655\" alt=\"Moda Masculina :: Editorial  - Anos 50 \" width=\"491\" height=\"655\" data-recalc-dims=\"1\" \/><\/a><p id=\"caption-attachment-54282\" class=\"wp-caption-text\">Moda Masculina :: Editorial &#8211; Anos 50<\/p><\/div>\n<p>Imagens: Reprodu\u00e7\u00e3o.<\/p>\n<p style=\"text-align: center\">\n<\/div>\n<div>\n<div>\n<p>&nbsp;<\/p>\n<\/div>\n<\/div>\n","protected":false},"excerpt":{"rendered":"<p>Dando sequ\u00eancia aos editoriais em comemora\u00e7\u00e3o aos 10 anos da V Man, marcados em 2011, dessa vez os anos 50, que est\u00e3o t\u00e3o na moda, foi o objeto explorado. Com fotos de Sharif Hamza e styling de Tom van Dorpe o clima rom\u00e2ntico e de rebeldia que marcou a d\u00e9cada foi mostrado de forma bem [&hellip;]<\/p>\n","protected":false},"author":8,"featured_media":54283,"comment_status":"open","ping_status":"open","sticky":false,"template":"","format":"standard","meta":{"jetpack_post_was_ever_published":false,"_jetpack_newsletter_access":"","jetpack_publicize_message":"","jetpack_is_tweetstorm":false,"jetpack_publicize_feature_enabled":true,"jetpack_social_post_already_shared":false,"jetpack_social_options":{"image_generator_settings":{"template":"highway","enabled":false}}},"categories":[6],"tags":[],"jetpack_publicize_connections":[],"jetpack_featured_media_url":"","jetpack_sharing_enabled":true,"jetpack_shortlink":"https:\/\/wp.me\/p3Hz0n-e7p","jetpack_likes_enabled":true,"_links":{"self":[{"href":"https:\/\/agrund.com\/index.php\/wp-json\/wp\/v2\/posts\/54275"}],"collection":[{"href":"https:\/\/agrund.com\/index.php\/wp-json\/wp\/v2\/posts"}],"about":[{"href":"https:\/\/agrund.com\/index.php\/wp-json\/wp\/v2\/types\/post"}],"author":[{"embeddable":true,"href":"https:\/\/agrund.com\/index.php\/wp-json\/wp\/v2\/users\/8"}],"replies":[{"embeddable":true,"href":"https:\/\/agrund.com\/index.php\/wp-json\/wp\/v2\/comments?post=54275"}],"version-history":[{"count":0,"href":"https:\/\/agrund.com\/index.php\/wp-json\/wp\/v2\/posts\/54275\/revisions"}],"wp:featuredmedia":[{"embeddable":true,"href":"https:\/\/agrund.com\/index.php\/wp-json\/"}],"wp:attachment":[{"href":"https:\/\/agrund.com\/index.php\/wp-json\/wp\/v2\/media?parent=54275"}],"wp:term":[{"taxonomy":"category","embeddable":true,"href":"https:\/\/agrund.com\/index.php\/wp-json\/wp\/v2\/categories?post=54275"},{"taxonomy":"post_tag","embeddable":true,"href":"https:\/\/agrund.com\/index.php\/wp-json\/wp\/v2\/tags?post=54275"}],"curies":[{"name":"wp","href":"https:\/\/api.w.org\/{rel}","templated":true}]}}