{"id":54194,"date":"2012-11-26T12:00:07","date_gmt":"2012-11-26T14:00:07","guid":{"rendered":"http:\/\/www.agrund.com\/?p=54194"},"modified":"2012-11-26T12:00:07","modified_gmt":"2012-11-26T14:00:07","slug":"mauro-freire-da-cabeca-aos-pes","status":"publish","type":"post","link":"https:\/\/agrund.com\/index.php\/mauro-freire-da-cabeca-aos-pes\/","title":{"rendered":"Mauro Freire &#8221; Da cabe\u00e7a aos p\u00e9s&#8221;"},"content":{"rendered":"<p>Abrindo seu leque para um novo business, Mauro Freire assina uma cole\u00e7\u00e3o exclusiva de sand\u00e1lias unissex. O hair stylist buscou a parceria da marca TCHES para fabricar as pe\u00e7as. A cole\u00e7\u00e3o, denominada M. F., \u00e9 uma refer\u00eancia \u00e0s iniciais do seu nome e, ao mesmo tempo, provoca o di\u00e1logo conceitual entre masculino e feminino.<br \/>\nMauro partiu de uma necessidade pessoal: encontrar sand\u00e1lias confort\u00e1veis para um dia inteiro em a\u00e7\u00e3o com sua navalha, noitadas musicais ou mesmo momentos de lazer em fam\u00edlia.<br \/>\nO lan\u00e7amento dos modelos est\u00e1 previsto para o final de novembro e o plano \u00e9 coloc\u00e1-los a venda em loja virtual, seletos pontos de venda no Brasil e em seu pr\u00f3prio sal\u00e3o nos Jardins \u2013 S\u00e3o Paulo.<br \/>\nOnde encontrar:<br \/>\nCasa Mauro Freire: Alameda Ja\u00fa, 1580. Telefone (11) 3061 5274.<\/p>\n<div id=\"attachment_54196\" style=\"width: 460px\" class=\"wp-caption aligncenter\"><a class=\"lightbox\" title=\"Mauro Freire \" href=\"https:\/\/i0.wp.com\/www.agrund.com\/wp-content\/uploads\/2012\/11\/mauro-2.jpg\"><img aria-describedby=\"caption-attachment-54196\" decoding=\"async\" loading=\"lazy\" class=\"size-full wp-image-54196\" title=\"Mauro Freire &quot; Da cabe\u00e7a aos p\u00e9s&quot;\" src=\"https:\/\/i0.wp.com\/www.agrund.com\/wp-content\/uploads\/2012\/11\/mauro-2.jpg?resize=450%2C202\" alt=\"Mauro Freire &quot; Da cabe\u00e7a aos p\u00e9s&quot;\" width=\"450\" height=\"202\" data-recalc-dims=\"1\" \/><\/a><p id=\"caption-attachment-54196\" class=\"wp-caption-text\">Mauro Freire &#8221; Da cabe\u00e7a aos p\u00e9s&#8221;<\/p><\/div>\n<div id=\"attachment_54195\" style=\"width: 460px\" class=\"wp-caption aligncenter\"><a class=\"lightbox\" title=\"Mauro Freire \" href=\"https:\/\/i0.wp.com\/www.agrund.com\/wp-content\/uploads\/2012\/11\/mauro-1.jpg\"><img aria-describedby=\"caption-attachment-54195\" decoding=\"async\" loading=\"lazy\" class=\"size-full wp-image-54195\" title=\"Mauro Freire &quot; Da cabe\u00e7a aos p\u00e9s&quot;\" src=\"https:\/\/i0.wp.com\/www.agrund.com\/wp-content\/uploads\/2012\/11\/mauro-1.jpg?resize=450%2C209\" alt=\"Mauro Freire &quot; Da cabe\u00e7a aos p\u00e9s&quot;\" width=\"450\" height=\"209\" data-recalc-dims=\"1\" \/><\/a><p id=\"caption-attachment-54195\" class=\"wp-caption-text\">Mauro Freire &#8221; Da cabe\u00e7a aos p\u00e9s&#8221;<\/p><\/div>\n<p>Imagens: Divulga\u00e7\u00e3o.<\/p>\n","protected":false},"excerpt":{"rendered":"<p>Abrindo seu leque para um novo business, Mauro Freire assina uma cole\u00e7\u00e3o exclusiva de sand\u00e1lias unissex. O hair stylist buscou a parceria da marca TCHES para fabricar as pe\u00e7as. A cole\u00e7\u00e3o, denominada M. F., \u00e9 uma refer\u00eancia \u00e0s iniciais do seu nome e, ao mesmo tempo, provoca o di\u00e1logo conceitual entre masculino e feminino. Mauro [&hellip;]<\/p>\n","protected":false},"author":8,"featured_media":54197,"comment_status":"open","ping_status":"open","sticky":false,"template":"","format":"standard","meta":{"jetpack_post_was_ever_published":false,"_jetpack_newsletter_access":"","jetpack_publicize_message":"","jetpack_is_tweetstorm":false,"jetpack_publicize_feature_enabled":true,"jetpack_social_post_already_shared":false,"jetpack_social_options":{"image_generator_settings":{"template":"highway","enabled":false}}},"categories":[6],"tags":[],"jetpack_publicize_connections":[],"jetpack_featured_media_url":"","jetpack_sharing_enabled":true,"jetpack_shortlink":"https:\/\/wp.me\/p3Hz0n-e66","jetpack_likes_enabled":true,"_links":{"self":[{"href":"https:\/\/agrund.com\/index.php\/wp-json\/wp\/v2\/posts\/54194"}],"collection":[{"href":"https:\/\/agrund.com\/index.php\/wp-json\/wp\/v2\/posts"}],"about":[{"href":"https:\/\/agrund.com\/index.php\/wp-json\/wp\/v2\/types\/post"}],"author":[{"embeddable":true,"href":"https:\/\/agrund.com\/index.php\/wp-json\/wp\/v2\/users\/8"}],"replies":[{"embeddable":true,"href":"https:\/\/agrund.com\/index.php\/wp-json\/wp\/v2\/comments?post=54194"}],"version-history":[{"count":0,"href":"https:\/\/agrund.com\/index.php\/wp-json\/wp\/v2\/posts\/54194\/revisions"}],"wp:featuredmedia":[{"embeddable":true,"href":"https:\/\/agrund.com\/index.php\/wp-json\/"}],"wp:attachment":[{"href":"https:\/\/agrund.com\/index.php\/wp-json\/wp\/v2\/media?parent=54194"}],"wp:term":[{"taxonomy":"category","embeddable":true,"href":"https:\/\/agrund.com\/index.php\/wp-json\/wp\/v2\/categories?post=54194"},{"taxonomy":"post_tag","embeddable":true,"href":"https:\/\/agrund.com\/index.php\/wp-json\/wp\/v2\/tags?post=54194"}],"curies":[{"name":"wp","href":"https:\/\/api.w.org\/{rel}","templated":true}]}}