{"id":5404,"date":"2011-02-25T11:12:30","date_gmt":"2011-02-25T14:12:30","guid":{"rendered":"http:\/\/www.agrund.com\/blogs\/notas\/?p=5404"},"modified":"2011-02-25T11:12:30","modified_gmt":"2011-02-25T14:12:30","slug":"john-galliano-e-preso-em-paris","status":"publish","type":"post","link":"https:\/\/agrund.com\/index.php\/john-galliano-e-preso-em-paris\/","title":{"rendered":"John Galliano \u00e9 preso em Paris e suspenso da Dior!"},"content":{"rendered":"<p>Hoje j\u00e1 acordamos com bafo fashion. O estilista da Dior, John Galliano, foi preso nessa madrugada em Paris, no bairro de Marais \u2013 onde o estilista sempre \u00e9 visto entornando alguns drinks. A policia o levou \u00e0 delegacia apos ele ter insultado um casal judeu. O estilista teria usado insultos anti-semitas logo apos come\u00e7arem a brigar. A assessoria do designer diz que a briga foi conseq\u00fc\u00eancia de \u201cmuito stress no trabalho\u201d. \u00a0Galliano, Galliano&#8230;<\/p>\n<p>O estilista ficou preso por apenar algumas horas, e j\u00e1 foi liberado das acusa\u00e7\u00f5es.<span style=\"text-decoration: line-through\"> H\u00e1 rumores que ele ser\u00e1 afastado da marca, mas nada oficial.\u00a0 Lembrando que o desfile da Dior acontece dia 4 de mar\u00e7o em Paris.<\/span><\/p>\n<p><strong>UPDATE: O chefe executivo da Dior, Sidney Toledano, soltou uma nota oficial: &#8221; A Dior afirma com a maior convic\u00e7\u00e3o sua pol\u00edtica e toler\u00e2ncia zero em rela\u00e7\u00e3o a qualquer palavra ou comportamento anti-semita.&#8221; &#8221; Christian Dior suspendeu John Galliano de suas responsabilidades.&#8221;. <\/strong><\/p>\n<p>Bye bye Galliano&#8230;<strong><br \/>\n<\/strong><\/p>\n<p><strong><em><\/em><\/strong><\/p>\n<p><img decoding=\"async\" loading=\"lazy\" class=\"aligncenter size-full wp-image-5405\" src=\"https:\/\/i0.wp.com\/www.agrund.com\/arquivo\/notas\/files\/2011\/02\/John-Galliano_0.jpg?resize=450%2C429\" alt=\"\" width=\"450\" height=\"429\" data-recalc-dims=\"1\" \/><\/p>\n","protected":false},"excerpt":{"rendered":"<p>Hoje j\u00e1 acordamos com bafo fashion. O estilista da Dior, John Galliano, foi preso nessa madrugada em Paris, no bairro de Marais \u2013 onde o estilista sempre \u00e9 visto entornando alguns drinks. A policia o levou \u00e0 delegacia apos ele ter insultado um casal judeu. O estilista teria usado insultos anti-semitas logo apos come\u00e7arem a [&hellip;]<\/p>\n","protected":false},"author":8,"featured_media":5405,"comment_status":"open","ping_status":"open","sticky":false,"template":"","format":"standard","meta":{"jetpack_post_was_ever_published":false,"_jetpack_newsletter_access":"","jetpack_publicize_message":"","jetpack_is_tweetstorm":false,"jetpack_publicize_feature_enabled":true,"jetpack_social_post_already_shared":false,"jetpack_social_options":{"image_generator_settings":{"template":"highway","enabled":false}}},"categories":[2],"tags":[],"jetpack_publicize_connections":[],"jetpack_featured_media_url":"","jetpack_sharing_enabled":true,"jetpack_shortlink":"https:\/\/wp.me\/p3Hz0n-1pa","jetpack_likes_enabled":true,"_links":{"self":[{"href":"https:\/\/agrund.com\/index.php\/wp-json\/wp\/v2\/posts\/5404"}],"collection":[{"href":"https:\/\/agrund.com\/index.php\/wp-json\/wp\/v2\/posts"}],"about":[{"href":"https:\/\/agrund.com\/index.php\/wp-json\/wp\/v2\/types\/post"}],"author":[{"embeddable":true,"href":"https:\/\/agrund.com\/index.php\/wp-json\/wp\/v2\/users\/8"}],"replies":[{"embeddable":true,"href":"https:\/\/agrund.com\/index.php\/wp-json\/wp\/v2\/comments?post=5404"}],"version-history":[{"count":0,"href":"https:\/\/agrund.com\/index.php\/wp-json\/wp\/v2\/posts\/5404\/revisions"}],"wp:featuredmedia":[{"embeddable":true,"href":"https:\/\/agrund.com\/index.php\/wp-json\/"}],"wp:attachment":[{"href":"https:\/\/agrund.com\/index.php\/wp-json\/wp\/v2\/media?parent=5404"}],"wp:term":[{"taxonomy":"category","embeddable":true,"href":"https:\/\/agrund.com\/index.php\/wp-json\/wp\/v2\/categories?post=5404"},{"taxonomy":"post_tag","embeddable":true,"href":"https:\/\/agrund.com\/index.php\/wp-json\/wp\/v2\/tags?post=5404"}],"curies":[{"name":"wp","href":"https:\/\/api.w.org\/{rel}","templated":true}]}}