{"id":53272,"date":"2012-11-19T12:00:36","date_gmt":"2012-11-19T14:00:36","guid":{"rendered":"http:\/\/www.agrund.com\/?p=53272"},"modified":"2012-11-19T12:00:36","modified_gmt":"2012-11-19T14:00:36","slug":"preview-de-inverno-kildare","status":"publish","type":"post","link":"https:\/\/agrund.com\/index.php\/preview-de-inverno-kildare\/","title":{"rendered":"Preview de inverno Kildare"},"content":{"rendered":"<p>A Kildare, prop\u00f5e um inverno com jovialidade, descontra\u00e7\u00e3o e simplicidade. Para a temporada outono\/inverno 2013, a marca aposta em conceitos de leveza e naturalidade, evidenciando formas minimalistas e refer\u00eancias clean em modelos confeccionados em couro e com modelagens modernas.<\/p>\n<div id=\"attachment_53275\" style=\"width: 510px\" class=\"wp-caption aligncenter\"><a class=\"lightbox\" title=\"Preview de inverno Kildare\" href=\"https:\/\/i0.wp.com\/www.agrund.com\/wp-content\/uploads\/2012\/11\/kil3.jpg\"><img aria-describedby=\"caption-attachment-53275\" decoding=\"async\" loading=\"lazy\" class=\"size-full wp-image-53275\" title=\"Preview de inverno Kildare\" src=\"https:\/\/i0.wp.com\/www.agrund.com\/wp-content\/uploads\/2012\/11\/kil3.jpg?resize=500%2C190\" alt=\"Preview de inverno Kildare\" width=\"500\" height=\"190\" data-recalc-dims=\"1\" \/><\/a><p id=\"caption-attachment-53275\" class=\"wp-caption-text\">Preview de inverno Kildare<\/p><\/div>\n<div id=\"attachment_53274\" style=\"width: 510px\" class=\"wp-caption aligncenter\"><a class=\"lightbox\" title=\"Preview de inverno Kildare\" href=\"https:\/\/i0.wp.com\/www.agrund.com\/wp-content\/uploads\/2012\/11\/kil1.jpg\"><img aria-describedby=\"caption-attachment-53274\" decoding=\"async\" loading=\"lazy\" class=\"size-full wp-image-53274\" title=\"Preview de inverno Kildare\" src=\"https:\/\/i0.wp.com\/www.agrund.com\/wp-content\/uploads\/2012\/11\/kil1.jpg?resize=500%2C242\" alt=\"Preview de inverno Kildare\" width=\"500\" height=\"242\" data-recalc-dims=\"1\" \/><\/a><p id=\"caption-attachment-53274\" class=\"wp-caption-text\">Preview de inverno Kildare<\/p><\/div>\n<div id=\"attachment_53273\" style=\"width: 510px\" class=\"wp-caption aligncenter\"><a class=\"lightbox\" title=\"Preview de inverno Kildare\" href=\"https:\/\/i0.wp.com\/www.agrund.com\/wp-content\/uploads\/2012\/11\/kil-2.jpg\"><img aria-describedby=\"caption-attachment-53273\" decoding=\"async\" loading=\"lazy\" class=\"size-full wp-image-53273\" title=\"Preview de inverno Kildare\" src=\"https:\/\/i0.wp.com\/www.agrund.com\/wp-content\/uploads\/2012\/11\/kil-2.jpg?resize=500%2C236\" alt=\"Preview de inverno Kildare\" width=\"500\" height=\"236\" data-recalc-dims=\"1\" \/><\/a><p id=\"caption-attachment-53273\" class=\"wp-caption-text\">Preview de inverno Kildare<\/p><\/div>\n<p>Imagens: Divulga\u00e7\u00e3o.<\/p>\n","protected":false},"excerpt":{"rendered":"<p>A Kildare, prop\u00f5e um inverno com jovialidade, descontra\u00e7\u00e3o e simplicidade. Para a temporada outono\/inverno 2013, a marca aposta em conceitos de leveza e naturalidade, evidenciando formas minimalistas e refer\u00eancias clean em modelos confeccionados em couro e com modelagens modernas. Imagens: Divulga\u00e7\u00e3o.<\/p>\n","protected":false},"author":8,"featured_media":53276,"comment_status":"open","ping_status":"open","sticky":false,"template":"","format":"standard","meta":{"jetpack_post_was_ever_published":false,"_jetpack_newsletter_access":"","jetpack_publicize_message":"","jetpack_is_tweetstorm":false,"jetpack_publicize_feature_enabled":true,"jetpack_social_post_already_shared":false,"jetpack_social_options":{"image_generator_settings":{"template":"highway","enabled":false}}},"categories":[6],"tags":[],"jetpack_publicize_connections":[],"jetpack_featured_media_url":"","jetpack_sharing_enabled":true,"jetpack_shortlink":"https:\/\/wp.me\/p3Hz0n-dRe","jetpack_likes_enabled":true,"_links":{"self":[{"href":"https:\/\/agrund.com\/index.php\/wp-json\/wp\/v2\/posts\/53272"}],"collection":[{"href":"https:\/\/agrund.com\/index.php\/wp-json\/wp\/v2\/posts"}],"about":[{"href":"https:\/\/agrund.com\/index.php\/wp-json\/wp\/v2\/types\/post"}],"author":[{"embeddable":true,"href":"https:\/\/agrund.com\/index.php\/wp-json\/wp\/v2\/users\/8"}],"replies":[{"embeddable":true,"href":"https:\/\/agrund.com\/index.php\/wp-json\/wp\/v2\/comments?post=53272"}],"version-history":[{"count":0,"href":"https:\/\/agrund.com\/index.php\/wp-json\/wp\/v2\/posts\/53272\/revisions"}],"wp:featuredmedia":[{"embeddable":true,"href":"https:\/\/agrund.com\/index.php\/wp-json\/"}],"wp:attachment":[{"href":"https:\/\/agrund.com\/index.php\/wp-json\/wp\/v2\/media?parent=53272"}],"wp:term":[{"taxonomy":"category","embeddable":true,"href":"https:\/\/agrund.com\/index.php\/wp-json\/wp\/v2\/categories?post=53272"},{"taxonomy":"post_tag","embeddable":true,"href":"https:\/\/agrund.com\/index.php\/wp-json\/wp\/v2\/tags?post=53272"}],"curies":[{"name":"wp","href":"https:\/\/api.w.org\/{rel}","templated":true}]}}