{"id":53254,"date":"2012-11-19T10:00:40","date_gmt":"2012-11-19T12:00:40","guid":{"rendered":"http:\/\/www.agrund.com\/?p=53254"},"modified":"2012-11-19T10:00:40","modified_gmt":"2012-11-19T12:00:40","slug":"milao-uma-visitinha-a-prada-por-arlindo-grund","status":"publish","type":"post","link":"https:\/\/agrund.com\/index.php\/milao-uma-visitinha-a-prada-por-arlindo-grund\/","title":{"rendered":"Mil\u00e3o :: Uma visitinha \u00e0 PRADA por Arlindo Grund"},"content":{"rendered":"<p style=\"text-align: right\">Fotos: Arlindo Grund<\/p>\n<p>Para quem for \u00e0 Mil\u00e3o e curte moda, um passeio pelo Quadrilatero della Moda \u00e9 imperd\u00edvel! S\u00e3o quatro ruas que formam esse conjunto e a principal delas \u00e9 a Via Montenapoleone, onde est\u00e3o as melhores marcas e lojas de grandes casas. No n\u00famero 6 dessa rua est\u00e1 a PRADA dedicada aos homens. Desde 1913, a casa italiana vem ditando moda pelo mundo. Agora comandada por Muiccia Prada, a marca s\u00f3 cresce. E eu estive l\u00e1 para, claro, ver os produtos de perto e comprar algumas coisinhas, afinal ningu\u00e9m \u00e9 de ferro.<\/p>\n<p>Ao entrar na loja, no t\u00e9rreo, o andar \u00e9 dedicado a bolsas, malas e afins. Subi logo para o primeiro andar onde estavam os sapatos, meu foco. Sem pensar, j\u00e1 pedi \u00e0 Maura, gentil vendedora, os modelos. Pronto, coube e s\u00e3o meus!<br \/>\nMais calmo, parti para as camisetas e outras pe\u00e7as como gravatas. Ali\u00e1s, esse foi meu segundo objetivo: uma gravata vermelha para o red carpet do lan\u00e7amento do calend\u00e1rio da Campari com Penelope Cruz. Tamb\u00e9m achei!<\/p>\n<p>O que vale ressaltar \u00e9 que a decora\u00e7\u00e3o da loja \u00e9 super minimalista e extremamente cl\u00e1ssica. Ternos, blazer, cal\u00e7as, enfim, uma alfaiataria impec\u00e1vel, bem italiana, seca e pr\u00f3xima ao corpo se misturava a pe\u00e7as esportivas. Ali\u00e1s, essa \u00e9 a tend\u00eancia do momento e o perfeito choque de estilos que cria essa atmosfera fashion que a PRADA tem.<\/p>\n<p>Mesmo que seu or\u00e7amento n\u00e3o permita que voc\u00ea adquira alguma pe\u00e7a PRADA, vale pelo menos uma visita para ver de perto roupa com design e qualidade italiana. Ah! E nem sempre eles deixam fotografar na loja. No meu caso foi permitido!<\/p>\n<div id=\"attachment_53255\" style=\"width: 510px\" class=\"wp-caption aligncenter\"><a class=\"lightbox\" title=\"Mil\u00e3o :: Uma visitinha \u00e0 PRADA por Arlindo Grund\" href=\"https:\/\/i0.wp.com\/www.agrund.com\/wp-content\/uploads\/2012\/11\/AG-na-PRADA.jpg\"><img aria-describedby=\"caption-attachment-53255\" decoding=\"async\" loading=\"lazy\" class=\"size-full wp-image-53255\" title=\"Mil\u00e3o :: Uma visitinha \u00e0 PRADA por Arlindo Grund\" src=\"https:\/\/i0.wp.com\/www.agrund.com\/wp-content\/uploads\/2012\/11\/AG-na-PRADA.jpg?resize=500%2C667\" alt=\"Mil\u00e3o :: Uma visitinha \u00e0 PRADA por Arlindo Grund\" width=\"500\" height=\"667\" data-recalc-dims=\"1\" \/><\/a><p id=\"caption-attachment-53255\" class=\"wp-caption-text\">Mil\u00e3o :: Uma visitinha \u00e0 PRADA por Arlindo Grund<\/p><\/div>\n<div id=\"attachment_53263\" style=\"width: 510px\" class=\"wp-caption aligncenter\"><a class=\"lightbox\" title=\"Mil\u00e3o :: Uma visitinha \u00e0 PRADA por Arlindo Grund\" href=\"https:\/\/i0.wp.com\/www.agrund.com\/wp-content\/uploads\/2012\/11\/PRADA.jpg\"><img aria-describedby=\"caption-attachment-53263\" decoding=\"async\" loading=\"lazy\" class=\"size-full wp-image-53263\" title=\"Mil\u00e3o :: Uma visitinha \u00e0 PRADA por Arlindo Grund\" src=\"https:\/\/i0.wp.com\/www.agrund.com\/wp-content\/uploads\/2012\/11\/PRADA.jpg?resize=500%2C667\" alt=\"Mil\u00e3o :: Uma visitinha \u00e0 PRADA por Arlindo Grund\" width=\"500\" height=\"667\" data-recalc-dims=\"1\" \/><\/a><p id=\"caption-attachment-53263\" class=\"wp-caption-text\">Mil\u00e3o :: Uma visitinha \u00e0 PRADA por Arlindo Grund<\/p><\/div>\n<div id=\"attachment_53262\" style=\"width: 510px\" class=\"wp-caption aligncenter\"><a class=\"lightbox\" title=\"Mil\u00e3o :: Uma visitinha \u00e0 PRADA por Arlindo Grund\" href=\"https:\/\/i0.wp.com\/www.agrund.com\/wp-content\/uploads\/2012\/11\/PRADA-a.jpg\"><img aria-describedby=\"caption-attachment-53262\" decoding=\"async\" loading=\"lazy\" class=\"size-full wp-image-53262\" title=\"Mil\u00e3o :: Uma visitinha \u00e0 PRADA por Arlindo Grund\" src=\"https:\/\/i0.wp.com\/www.agrund.com\/wp-content\/uploads\/2012\/11\/PRADA-a.jpg?resize=500%2C500\" alt=\"Mil\u00e3o :: Uma visitinha \u00e0 PRADA por Arlindo Grund\" width=\"500\" height=\"500\" data-recalc-dims=\"1\" \/><\/a><p id=\"caption-attachment-53262\" class=\"wp-caption-text\">Mil\u00e3o :: Uma visitinha \u00e0 PRADA por Arlindo Grund<\/p><\/div>\n<div id=\"attachment_53261\" style=\"width: 510px\" class=\"wp-caption aligncenter\"><a class=\"lightbox\" title=\"Mil\u00e3o :: Uma visitinha \u00e0 PRADA por Arlindo Grund\" href=\"https:\/\/i0.wp.com\/www.agrund.com\/wp-content\/uploads\/2012\/11\/PRADA-5.jpg\"><img aria-describedby=\"caption-attachment-53261\" decoding=\"async\" loading=\"lazy\" class=\"size-full wp-image-53261\" title=\"Mil\u00e3o :: Uma visitinha \u00e0 PRADA por Arlindo Grund\" src=\"https:\/\/i0.wp.com\/www.agrund.com\/wp-content\/uploads\/2012\/11\/PRADA-5.jpg?resize=500%2C667\" alt=\"Mil\u00e3o :: Uma visitinha \u00e0 PRADA por Arlindo Grund\" width=\"500\" height=\"667\" data-recalc-dims=\"1\" \/><\/a><p id=\"caption-attachment-53261\" class=\"wp-caption-text\">Mil\u00e3o :: Uma visitinha \u00e0 PRADA por Arlindo Grund<\/p><\/div>\n<div id=\"attachment_53260\" style=\"width: 510px\" class=\"wp-caption aligncenter\"><a class=\"lightbox\" title=\"Mil\u00e3o :: Uma visitinha \u00e0 PRADA por Arlindo Grund\" href=\"https:\/\/i0.wp.com\/www.agrund.com\/wp-content\/uploads\/2012\/11\/PRADA-4.jpg\"><img aria-describedby=\"caption-attachment-53260\" decoding=\"async\" loading=\"lazy\" class=\"size-full wp-image-53260\" title=\"Mil\u00e3o :: Uma visitinha \u00e0 PRADA por Arlindo Grund\" src=\"https:\/\/i0.wp.com\/www.agrund.com\/wp-content\/uploads\/2012\/11\/PRADA-4.jpg?resize=500%2C667\" alt=\"Mil\u00e3o :: Uma visitinha \u00e0 PRADA por Arlindo Grund\" width=\"500\" height=\"667\" data-recalc-dims=\"1\" \/><\/a><p id=\"caption-attachment-53260\" class=\"wp-caption-text\">Mil\u00e3o :: Uma visitinha \u00e0 PRADA por Arlindo Grund<\/p><\/div>\n<div id=\"attachment_53259\" style=\"width: 510px\" class=\"wp-caption aligncenter\"><a class=\"lightbox\" title=\"Mil\u00e3o :: Uma visitinha \u00e0 PRADA por Arlindo Grund\" href=\"https:\/\/i0.wp.com\/www.agrund.com\/wp-content\/uploads\/2012\/11\/PRADA-3.jpg\"><img aria-describedby=\"caption-attachment-53259\" decoding=\"async\" loading=\"lazy\" class=\"size-full wp-image-53259\" title=\"Mil\u00e3o :: Uma visitinha \u00e0 PRADA por Arlindo Grund\" src=\"https:\/\/i0.wp.com\/www.agrund.com\/wp-content\/uploads\/2012\/11\/PRADA-3.jpg?resize=500%2C667\" alt=\"Mil\u00e3o :: Uma visitinha \u00e0 PRADA por Arlindo Grund\" width=\"500\" height=\"667\" data-recalc-dims=\"1\" \/><\/a><p id=\"caption-attachment-53259\" class=\"wp-caption-text\">Mil\u00e3o :: Uma visitinha \u00e0 PRADA por Arlindo Grund<\/p><\/div>\n<div id=\"attachment_53258\" style=\"width: 510px\" class=\"wp-caption aligncenter\"><a class=\"lightbox\" title=\"Mil\u00e3o :: Uma visitinha \u00e0 PRADA por Arlindo Grund\" href=\"https:\/\/i0.wp.com\/www.agrund.com\/wp-content\/uploads\/2012\/11\/PRADA-2a.jpg\"><img aria-describedby=\"caption-attachment-53258\" decoding=\"async\" loading=\"lazy\" class=\"size-full wp-image-53258\" title=\"Mil\u00e3o :: Uma visitinha \u00e0 PRADA por Arlindo Grund\" src=\"https:\/\/i0.wp.com\/www.agrund.com\/wp-content\/uploads\/2012\/11\/PRADA-2a.jpg?resize=500%2C667\" alt=\"Mil\u00e3o :: Uma visitinha \u00e0 PRADA por Arlindo Grund\" width=\"500\" height=\"667\" data-recalc-dims=\"1\" \/><\/a><p id=\"caption-attachment-53258\" class=\"wp-caption-text\">Mil\u00e3o :: Uma visitinha \u00e0 PRADA por Arlindo Grund<\/p><\/div>\n<div id=\"attachment_53257\" style=\"width: 510px\" class=\"wp-caption aligncenter\"><a class=\"lightbox\" title=\"Mil\u00e3o :: Uma visitinha \u00e0 PRADA por Arlindo Grund\" href=\"https:\/\/i0.wp.com\/www.agrund.com\/wp-content\/uploads\/2012\/11\/PRADA-2.jpg\"><img aria-describedby=\"caption-attachment-53257\" decoding=\"async\" loading=\"lazy\" class=\"size-full wp-image-53257\" title=\"Mil\u00e3o :: Uma visitinha \u00e0 PRADA por Arlindo Grund\" src=\"https:\/\/i0.wp.com\/www.agrund.com\/wp-content\/uploads\/2012\/11\/PRADA-2.jpg?resize=500%2C667\" alt=\"Mil\u00e3o :: Uma visitinha \u00e0 PRADA por Arlindo Grund\" width=\"500\" height=\"667\" data-recalc-dims=\"1\" \/><\/a><p id=\"caption-attachment-53257\" class=\"wp-caption-text\">Mil\u00e3o :: Uma visitinha \u00e0 PRADA por Arlindo Grund<\/p><\/div>\n<div id=\"attachment_53256\" style=\"width: 510px\" class=\"wp-caption aligncenter\"><a class=\"lightbox\" title=\"Mil\u00e3o :: Uma visitinha \u00e0 PRADA por Arlindo Grund\" href=\"https:\/\/i0.wp.com\/www.agrund.com\/wp-content\/uploads\/2012\/11\/PRADA-1.jpg\"><img aria-describedby=\"caption-attachment-53256\" decoding=\"async\" loading=\"lazy\" class=\"size-full wp-image-53256\" title=\"Mil\u00e3o :: Uma visitinha \u00e0 PRADA por Arlindo Grund\" src=\"https:\/\/i0.wp.com\/www.agrund.com\/wp-content\/uploads\/2012\/11\/PRADA-1.jpg?resize=500%2C667\" alt=\"Mil\u00e3o :: Uma visitinha \u00e0 PRADA por Arlindo Grund\" width=\"500\" height=\"667\" data-recalc-dims=\"1\" \/><\/a><p id=\"caption-attachment-53256\" class=\"wp-caption-text\">Mil\u00e3o :: Uma visitinha \u00e0 PRADA por Arlindo Grund<\/p><\/div>\n","protected":false},"excerpt":{"rendered":"<p>Fotos: Arlindo Grund Para quem for \u00e0 Mil\u00e3o e curte moda, um passeio pelo Quadrilatero della Moda \u00e9 imperd\u00edvel! S\u00e3o quatro ruas que formam esse conjunto e a principal delas \u00e9 a Via Montenapoleone, onde est\u00e3o as melhores marcas e lojas de grandes casas. No n\u00famero 6 dessa rua est\u00e1 a PRADA dedicada aos homens. [&hellip;]<\/p>\n","protected":false},"author":8,"featured_media":53264,"comment_status":"open","ping_status":"open","sticky":false,"template":"","format":"standard","meta":{"jetpack_post_was_ever_published":false,"_jetpack_newsletter_access":"","jetpack_publicize_message":"","jetpack_is_tweetstorm":false,"jetpack_publicize_feature_enabled":true,"jetpack_social_post_already_shared":false,"jetpack_social_options":{"image_generator_settings":{"template":"highway","enabled":false}}},"categories":[6],"tags":[],"jetpack_publicize_connections":[],"jetpack_featured_media_url":"","jetpack_sharing_enabled":true,"jetpack_shortlink":"https:\/\/wp.me\/p3Hz0n-dQW","jetpack_likes_enabled":true,"_links":{"self":[{"href":"https:\/\/agrund.com\/index.php\/wp-json\/wp\/v2\/posts\/53254"}],"collection":[{"href":"https:\/\/agrund.com\/index.php\/wp-json\/wp\/v2\/posts"}],"about":[{"href":"https:\/\/agrund.com\/index.php\/wp-json\/wp\/v2\/types\/post"}],"author":[{"embeddable":true,"href":"https:\/\/agrund.com\/index.php\/wp-json\/wp\/v2\/users\/8"}],"replies":[{"embeddable":true,"href":"https:\/\/agrund.com\/index.php\/wp-json\/wp\/v2\/comments?post=53254"}],"version-history":[{"count":0,"href":"https:\/\/agrund.com\/index.php\/wp-json\/wp\/v2\/posts\/53254\/revisions"}],"wp:featuredmedia":[{"embeddable":true,"href":"https:\/\/agrund.com\/index.php\/wp-json\/"}],"wp:attachment":[{"href":"https:\/\/agrund.com\/index.php\/wp-json\/wp\/v2\/media?parent=53254"}],"wp:term":[{"taxonomy":"category","embeddable":true,"href":"https:\/\/agrund.com\/index.php\/wp-json\/wp\/v2\/categories?post=53254"},{"taxonomy":"post_tag","embeddable":true,"href":"https:\/\/agrund.com\/index.php\/wp-json\/wp\/v2\/tags?post=53254"}],"curies":[{"name":"wp","href":"https:\/\/api.w.org\/{rel}","templated":true}]}}