{"id":52663,"date":"2012-11-12T16:30:47","date_gmt":"2012-11-12T18:30:47","guid":{"rendered":"http:\/\/www.agrund.com\/?p=52663"},"modified":"2012-11-12T16:30:47","modified_gmt":"2012-11-12T18:30:47","slug":"converse-marca-presenca-no-fashion-rio","status":"publish","type":"post","link":"https:\/\/agrund.com\/index.php\/converse-marca-presenca-no-fashion-rio\/","title":{"rendered":"Converse marca presen\u00e7a no Fashion Rio"},"content":{"rendered":"<p>A CONVERSE esteve presente nos desfiles do Fashion Rio de duas das grifes cariocas mais conceituadas do pa\u00eds: Ausl\u00e4nder e R.Groove. Os t\u00eanis vistos na passarela s\u00e3o vers\u00f5es Boat e Sport do Converse Jack Purcell. No desfile da Ausl\u00e4nder, o Converse Jack Purcell foi apresentado em quatro diferentes vers\u00f5es em modelos de linguagem mais moderna e sofisticada.<\/p>\n<p>Nas duas vers\u00f5es Boat Mid, os t\u00eanis ganharam ares n\u00e1uticos, por\u00e9m, com cores fortes e mais invernais. As duas composi\u00e7\u00f5es bicolores apresentadas, bord\u00f4\/areia e bord\u00f4\/petr\u00f3leo, foram feitas com exclusividade para a grife carioca. Os modelos Converse Jack Purcell Boat Mid ainda apresentam ilhoses na cor ouro velho e cadar\u00e7os de algod\u00e3o encerado e tingidos em marrom. Uma vers\u00e3o do Converse Jack Purcell Sport tamb\u00e9m foi vista no desfile da Ausl\u00e4nder.<\/p>\n<div id=\"attachment_52666\" style=\"width: 460px\" class=\"wp-caption aligncenter\"><a class=\"lightbox\" title=\"Converse marca presen\u00e7a no Fashion Rio\" href=\"https:\/\/i0.wp.com\/www.agrund.com\/wp-content\/uploads\/2012\/11\/converse-3.jpg\"><img aria-describedby=\"caption-attachment-52666\" decoding=\"async\" loading=\"lazy\" class=\"size-full wp-image-52666\" title=\"Converse marca presen\u00e7a no Fashion Rio\" src=\"https:\/\/i0.wp.com\/www.agrund.com\/wp-content\/uploads\/2012\/11\/converse-3.jpg?resize=450%2C206\" alt=\"Converse marca presen\u00e7a no Fashion Rio\" width=\"450\" height=\"206\" data-recalc-dims=\"1\" \/><\/a><p id=\"caption-attachment-52666\" class=\"wp-caption-text\">Converse marca presen\u00e7a no Fashion Rio<\/p><\/div>\n<div id=\"attachment_52665\" style=\"width: 460px\" class=\"wp-caption aligncenter\"><a class=\"lightbox\" title=\"Converse marca presen\u00e7a no Fashion Rio\" href=\"https:\/\/i0.wp.com\/www.agrund.com\/wp-content\/uploads\/2012\/11\/converse-2.jpg\"><img aria-describedby=\"caption-attachment-52665\" decoding=\"async\" loading=\"lazy\" class=\"size-full wp-image-52665\" title=\"Converse marca presen\u00e7a no Fashion Rio\" src=\"https:\/\/i0.wp.com\/www.agrund.com\/wp-content\/uploads\/2012\/11\/converse-2.jpg?resize=450%2C230\" alt=\"Converse marca presen\u00e7a no Fashion Rio\" width=\"450\" height=\"230\" data-recalc-dims=\"1\" \/><\/a><p id=\"caption-attachment-52665\" class=\"wp-caption-text\">Converse marca presen\u00e7a no Fashion Rio<\/p><\/div>\n<div id=\"attachment_52664\" style=\"width: 460px\" class=\"wp-caption aligncenter\"><a class=\"lightbox\" title=\"Converse marca presen\u00e7a no Fashion Rio\" href=\"https:\/\/i0.wp.com\/www.agrund.com\/wp-content\/uploads\/2012\/11\/converse-1.jpg\"><img aria-describedby=\"caption-attachment-52664\" decoding=\"async\" loading=\"lazy\" class=\"size-full wp-image-52664\" title=\"Converse marca presen\u00e7a no Fashion Rio\" src=\"https:\/\/i0.wp.com\/www.agrund.com\/wp-content\/uploads\/2012\/11\/converse-1.jpg?resize=450%2C226\" alt=\"Converse marca presen\u00e7a no Fashion Rio\" width=\"450\" height=\"226\" data-recalc-dims=\"1\" \/><\/a><p id=\"caption-attachment-52664\" class=\"wp-caption-text\">Converse marca presen\u00e7a no Fashion Rio<\/p><\/div>\n<p>Imagen: Divulga\u00e7\u00e3o.<\/p>\n","protected":false},"excerpt":{"rendered":"<p>A CONVERSE esteve presente nos desfiles do Fashion Rio de duas das grifes cariocas mais conceituadas do pa\u00eds: Ausl\u00e4nder e R.Groove. Os t\u00eanis vistos na passarela s\u00e3o vers\u00f5es Boat e Sport do Converse Jack Purcell. No desfile da Ausl\u00e4nder, o Converse Jack Purcell foi apresentado em quatro diferentes vers\u00f5es em modelos de linguagem mais moderna [&hellip;]<\/p>\n","protected":false},"author":8,"featured_media":52667,"comment_status":"open","ping_status":"open","sticky":false,"template":"","format":"standard","meta":{"jetpack_post_was_ever_published":false,"_jetpack_newsletter_access":"","jetpack_publicize_message":"","jetpack_is_tweetstorm":false,"jetpack_publicize_feature_enabled":true,"jetpack_social_post_already_shared":false,"jetpack_social_options":{"image_generator_settings":{"template":"highway","enabled":false}}},"categories":[6],"tags":[],"jetpack_publicize_connections":[],"jetpack_featured_media_url":"","jetpack_sharing_enabled":true,"jetpack_shortlink":"https:\/\/wp.me\/p3Hz0n-dHp","jetpack_likes_enabled":true,"_links":{"self":[{"href":"https:\/\/agrund.com\/index.php\/wp-json\/wp\/v2\/posts\/52663"}],"collection":[{"href":"https:\/\/agrund.com\/index.php\/wp-json\/wp\/v2\/posts"}],"about":[{"href":"https:\/\/agrund.com\/index.php\/wp-json\/wp\/v2\/types\/post"}],"author":[{"embeddable":true,"href":"https:\/\/agrund.com\/index.php\/wp-json\/wp\/v2\/users\/8"}],"replies":[{"embeddable":true,"href":"https:\/\/agrund.com\/index.php\/wp-json\/wp\/v2\/comments?post=52663"}],"version-history":[{"count":0,"href":"https:\/\/agrund.com\/index.php\/wp-json\/wp\/v2\/posts\/52663\/revisions"}],"wp:featuredmedia":[{"embeddable":true,"href":"https:\/\/agrund.com\/index.php\/wp-json\/"}],"wp:attachment":[{"href":"https:\/\/agrund.com\/index.php\/wp-json\/wp\/v2\/media?parent=52663"}],"wp:term":[{"taxonomy":"category","embeddable":true,"href":"https:\/\/agrund.com\/index.php\/wp-json\/wp\/v2\/categories?post=52663"},{"taxonomy":"post_tag","embeddable":true,"href":"https:\/\/agrund.com\/index.php\/wp-json\/wp\/v2\/tags?post=52663"}],"curies":[{"name":"wp","href":"https:\/\/api.w.org\/{rel}","templated":true}]}}