{"id":52523,"date":"2012-11-12T09:30:12","date_gmt":"2012-11-12T11:30:12","guid":{"rendered":"http:\/\/www.agrund.com\/?p=52523"},"modified":"2012-11-12T09:30:12","modified_gmt":"2012-11-12T11:30:12","slug":"os-melhores-e-piores-do-fashion-rio","status":"publish","type":"post","link":"https:\/\/agrund.com\/index.php\/os-melhores-e-piores-do-fashion-rio\/","title":{"rendered":"Os melhores e piores do Fashion Rio"},"content":{"rendered":"<p>Gente, primeiramente n\u00e3o estou aqui para criticar ningu\u00e9m e sim, respeitar a todos os profissionais que passam meses elaborando pe\u00e7as e desenvolvendo suas cole\u00e7\u00f5es. Mas como tudo na vida horas acertamos, horas n\u00e3o, e alguns looks s\u00e3o completamente dispens\u00e1veis em uma semana de moda, vamos ver?<\/p>\n<p>Melhores<\/p>\n<p>Herchovitch \u2013 Estampa \u00e9tnica e jogo de cores<\/p>\n<p>O estilista apostou para seu inverno 2013 em lindos looks com estampas \u00e9tnicas e brincou com maestria sua cartela de cores, usando o coral com verde mais apagado. Amei!<\/p>\n<div id=\"attachment_52524\" style=\"width: 457px\" class=\"wp-caption aligncenter\"><a class=\"lightbox\" title=\"Os melhores e piores do Fashion Rio\" href=\"https:\/\/i0.wp.com\/www.agrund.com\/wp-content\/uploads\/2012\/11\/herchcovitch-melhor-1.jpg\"><img aria-describedby=\"caption-attachment-52524\" decoding=\"async\" loading=\"lazy\" class=\"size-full wp-image-52524\" title=\"Os melhores e piores do Fashion Rio\" src=\"https:\/\/i0.wp.com\/www.agrund.com\/wp-content\/uploads\/2012\/11\/herchcovitch-melhor-1.jpg?resize=447%2C674\" alt=\"Herchcovich\" width=\"447\" height=\"674\" data-recalc-dims=\"1\" \/><\/a><p id=\"caption-attachment-52524\" class=\"wp-caption-text\">Herchcovich<\/p><\/div>\n<p>&nbsp;<\/p>\n<div id=\"attachment_52525\" style=\"width: 457px\" class=\"wp-caption aligncenter\"><a class=\"lightbox\" title=\"Os melhores e piores do Fashion Rio\" href=\"https:\/\/i0.wp.com\/www.agrund.com\/wp-content\/uploads\/2012\/11\/herchcovitch-melhor-2.jpg\"><img aria-describedby=\"caption-attachment-52525\" decoding=\"async\" loading=\"lazy\" class=\"size-full wp-image-52525\" title=\"Os melhores e piores do Fashion Rio\" src=\"https:\/\/i0.wp.com\/www.agrund.com\/wp-content\/uploads\/2012\/11\/herchcovitch-melhor-2.jpg?resize=447%2C674\" alt=\"Herchcovich\" width=\"447\" height=\"674\" data-recalc-dims=\"1\" \/><\/a><p id=\"caption-attachment-52525\" class=\"wp-caption-text\">Herchcovich<\/p><\/div>\n<p>2nd Floor- tric\u00f4 e transpar\u00eancia<\/p>\n<p>Com uma cole\u00e7\u00e3o gostosa de se ver, a marca apresentou looks leves, extremamente confort\u00e1veis e o melhor, com uma jovialidade nada infantil. O tric\u00f4 de ponto largo no look em tom a\u00e7ucarado e a transpar\u00eancia no conjuto de jaqueta e bermuda me chamaram a aten\u00e7\u00e3o!<\/p>\n<div id=\"attachment_52526\" style=\"width: 460px\" class=\"wp-caption aligncenter\"><a class=\"lightbox\" title=\"Os melhores e piores do Fashion Rio\" href=\"https:\/\/i0.wp.com\/www.agrund.com\/wp-content\/uploads\/2012\/11\/2nd-floor-melhor-1.jpg\"><img aria-describedby=\"caption-attachment-52526\" decoding=\"async\" loading=\"lazy\" class=\"size-full wp-image-52526\" title=\"Os melhores e piores do Fashion Rio\" src=\"https:\/\/i0.wp.com\/www.agrund.com\/wp-content\/uploads\/2012\/11\/2nd-floor-melhor-1.jpg?resize=450%2C676\" alt=\"2nd Floor \" width=\"450\" height=\"676\" data-recalc-dims=\"1\" \/><\/a><p id=\"caption-attachment-52526\" class=\"wp-caption-text\">2nd Floor<\/p><\/div>\n<div id=\"attachment_52527\" style=\"width: 460px\" class=\"wp-caption aligncenter\"><a class=\"lightbox\" title=\"Os melhores e piores do Fashion Rio\" href=\"https:\/\/i0.wp.com\/www.agrund.com\/wp-content\/uploads\/2012\/11\/2nd-floor-melhor-2.jpg\"><img aria-describedby=\"caption-attachment-52527\" decoding=\"async\" loading=\"lazy\" class=\"size-full wp-image-52527\" title=\"Os melhores e piores do Fashion Rio\" src=\"https:\/\/i0.wp.com\/www.agrund.com\/wp-content\/uploads\/2012\/11\/2nd-floor-melhor-2.jpg?resize=450%2C676\" alt=\"2nd Floor\" width=\"450\" height=\"676\" data-recalc-dims=\"1\" \/><\/a><p id=\"caption-attachment-52527\" class=\"wp-caption-text\">2nd Floor<\/p><\/div>\n<p>Coca- Cola Clothing- Forma esportiva<br \/>\nA tend\u00eancia esportiva veio mesmo para ficar, s\u00f3 que dessa vez o esporte escolhido pela marca foi o basquete. Formas amplas e bem confort\u00e1veis se destacaram na cole\u00e7\u00e3o. Agora cuidado! \u00c9 preciso ter muito estilo para usar e n\u00e3o ficar parecendo um atleta!<\/p>\n<div id=\"attachment_52528\" style=\"width: 459px\" class=\"wp-caption aligncenter\"><a class=\"lightbox\" title=\"Os melhores e piores do Fashion Rio\" href=\"https:\/\/i0.wp.com\/www.agrund.com\/wp-content\/uploads\/2012\/11\/coca-cola-clothing-melhor-1.jpg\"><img aria-describedby=\"caption-attachment-52528\" decoding=\"async\" loading=\"lazy\" class=\"size-full wp-image-52528\" title=\"Os melhores e piores do Fashion Rio\" src=\"https:\/\/i0.wp.com\/www.agrund.com\/wp-content\/uploads\/2012\/11\/coca-cola-clothing-melhor-1.jpg?resize=449%2C674\" alt=\"Coca - Cola Clothing\" width=\"449\" height=\"674\" data-recalc-dims=\"1\" \/><\/a><p id=\"caption-attachment-52528\" class=\"wp-caption-text\">Coca &#8211; Cola Clothing<\/p><\/div>\n<div id=\"attachment_52529\" style=\"width: 459px\" class=\"wp-caption aligncenter\"><a class=\"lightbox\" title=\"Os melhores e piores do Fashion Rio\" href=\"https:\/\/i0.wp.com\/www.agrund.com\/wp-content\/uploads\/2012\/11\/coca-cola-clothing-melhor-2.jpg\"><img aria-describedby=\"caption-attachment-52529\" decoding=\"async\" loading=\"lazy\" class=\"size-full wp-image-52529\" title=\"Os melhores e piores do Fashion Rio\" src=\"https:\/\/i0.wp.com\/www.agrund.com\/wp-content\/uploads\/2012\/11\/coca-cola-clothing-melhor-2.jpg?resize=449%2C674\" alt=\"Coca - Cola Clothing\" width=\"449\" height=\"674\" data-recalc-dims=\"1\" \/><\/a><p id=\"caption-attachment-52529\" class=\"wp-caption-text\">Coca &#8211; Cola Clothing<\/p><\/div>\n<p>R Groove \u2013 Camuflado e Bolsa dourada<br \/>\nA marca apresentou uma cole\u00e7\u00e3o para homens que procuram usar tend\u00eancias em modelagens mais sequinhas . A estampa camuflada veio sutil e com personalidade. Agora, o que roubou a cena foi a linda bolsa dourada.<\/p>\n<div id=\"attachment_52531\" style=\"width: 457px\" class=\"wp-caption aligncenter\"><a class=\"lightbox\" title=\"Os melhores e piores do Fashion Rio\" href=\"https:\/\/i0.wp.com\/www.agrund.com\/wp-content\/uploads\/2012\/11\/r-groove-melhor-2.jpg\"><img aria-describedby=\"caption-attachment-52531\" decoding=\"async\" loading=\"lazy\" class=\"size-full wp-image-52531\" title=\"Os melhores e piores do Fashion Rio\" src=\"https:\/\/i0.wp.com\/www.agrund.com\/wp-content\/uploads\/2012\/11\/r-groove-melhor-2.jpg?resize=447%2C674\" alt=\"R Groove\" width=\"447\" height=\"674\" data-recalc-dims=\"1\" \/><\/a><p id=\"caption-attachment-52531\" class=\"wp-caption-text\">R Groove<\/p><\/div>\n<div id=\"attachment_52530\" style=\"width: 457px\" class=\"wp-caption aligncenter\"><a class=\"lightbox\" title=\"Os melhores e piores do Fashion Rio\" href=\"https:\/\/i0.wp.com\/www.agrund.com\/wp-content\/uploads\/2012\/11\/r-groove-melhor-1.jpg\"><img aria-describedby=\"caption-attachment-52530\" decoding=\"async\" loading=\"lazy\" class=\"size-full wp-image-52530\" title=\"Os melhores e piores do Fashion Rio\" src=\"https:\/\/i0.wp.com\/www.agrund.com\/wp-content\/uploads\/2012\/11\/r-groove-melhor-1.jpg?resize=447%2C674\" alt=\"R Groove\" width=\"447\" height=\"674\" data-recalc-dims=\"1\" \/><\/a><p id=\"caption-attachment-52530\" class=\"wp-caption-text\">R Groove<\/p><\/div>\n<p>Ausl\u00e4nder- Raposa g\u00f3tica<br \/>\nO clima dark g\u00f3tico, inspira\u00e7\u00e3o do estilista Ricardo Br\u00e4utigam, apareceu de forma ousada e urbana. O terno de veludo com bermuda e o conjunto com padronagem de raposa deram o tom da cole\u00e7\u00e3o. Agora rapazes, vamos com calma na hora de usar estampas. \u00c9 preciso bastante exerc\u00edcio para us\u00e1-las .<\/p>\n<div id=\"attachment_52533\" style=\"width: 457px\" class=\"wp-caption aligncenter\"><a class=\"lightbox\" title=\"Os melhores e piores do Fashion Rio\" href=\"https:\/\/i0.wp.com\/www.agrund.com\/wp-content\/uploads\/2012\/11\/auslander-melhor-1.jpg\"><img aria-describedby=\"caption-attachment-52533\" decoding=\"async\" loading=\"lazy\" class=\"size-full wp-image-52533\" title=\"Os melhores e piores do Fashion Rio\" src=\"https:\/\/i0.wp.com\/www.agrund.com\/wp-content\/uploads\/2012\/11\/auslander-melhor-1.jpg?resize=447%2C674\" alt=\"Ausl\u00e4nder\" width=\"447\" height=\"674\" data-recalc-dims=\"1\" \/><\/a><p id=\"caption-attachment-52533\" class=\"wp-caption-text\">Ausl\u00e4nder<\/p><\/div>\n<div id=\"attachment_52534\" style=\"width: 457px\" class=\"wp-caption aligncenter\"><a class=\"lightbox\" title=\"Os melhores e piores do Fashion Rio\" href=\"https:\/\/i0.wp.com\/www.agrund.com\/wp-content\/uploads\/2012\/11\/auslander-melhor-2.jpg\"><img aria-describedby=\"caption-attachment-52534\" decoding=\"async\" loading=\"lazy\" class=\"size-full wp-image-52534\" title=\"Os melhores e piores do Fashion Rio\" src=\"https:\/\/i0.wp.com\/www.agrund.com\/wp-content\/uploads\/2012\/11\/auslander-melhor-2.jpg?resize=447%2C674\" alt=\"Ausl\u00e4nder\" width=\"447\" height=\"674\" data-recalc-dims=\"1\" \/><\/a><p id=\"caption-attachment-52534\" class=\"wp-caption-text\">Ausl\u00e4nder<\/p><\/div>\n<p>Piores<\/p>\n<p>TNG &#8211; Alfaiataria<br \/>\nNa temporada passada, a marca apostou pesado na alfaiataria que n\u00e3o rolou e continuou sem acontecer nessa. O Street Wear da grife veio de forma bem utilit\u00e1ria e correta, agora a exist\u00eancia de apresentar looks com blazer de abotoamento duplo ficaram tanto a desejar na modernidade quanto no caimento.<\/p>\n<div id=\"attachment_52535\" style=\"width: 460px\" class=\"wp-caption aligncenter\"><a class=\"lightbox\" title=\"Os melhores e piores do Fashion Rio\" href=\"https:\/\/i0.wp.com\/www.agrund.com\/wp-content\/uploads\/2012\/11\/tng-pior-1.jpg\"><img aria-describedby=\"caption-attachment-52535\" decoding=\"async\" loading=\"lazy\" class=\"size-full wp-image-52535\" title=\"Os melhores e piores do Fashion Rio\" src=\"https:\/\/i0.wp.com\/www.agrund.com\/wp-content\/uploads\/2012\/11\/tng-pior-1.jpg?resize=450%2C678\" alt=\"TNG\" width=\"450\" height=\"678\" data-recalc-dims=\"1\" \/><\/a><p id=\"caption-attachment-52535\" class=\"wp-caption-text\">TNG<\/p><\/div>\n<div id=\"attachment_52536\" style=\"width: 460px\" class=\"wp-caption aligncenter\"><a class=\"lightbox\" title=\"Os melhores e piores do Fashion Rio\" href=\"https:\/\/i0.wp.com\/www.agrund.com\/wp-content\/uploads\/2012\/11\/tng-pior-2.jpg\"><img aria-describedby=\"caption-attachment-52536\" decoding=\"async\" loading=\"lazy\" class=\"size-full wp-image-52536\" title=\"Os melhores e piores do Fashion Rio\" src=\"https:\/\/i0.wp.com\/www.agrund.com\/wp-content\/uploads\/2012\/11\/tng-pior-2.jpg?resize=450%2C678\" alt=\"TNG\" width=\"450\" height=\"678\" data-recalc-dims=\"1\" \/><\/a><p id=\"caption-attachment-52536\" class=\"wp-caption-text\">TNG<\/p><\/div>\n<p>O ESTUDIO \u2013 Formas e acabamentos<\/p>\n<p>Sabemos que a marca \u00e9 focada para um p\u00fablico bem espec\u00edfico e tem uma pegada de querer sempre contestar e marcar sua personalidade. At\u00e9 ai tudo bem, mas estamos falando de uma semana de moda onde as formas apresentadas eram de arrepiar de esquisitas e os acabamentos , itens fundamentais para o vestu\u00e1rio masculino, eram de chorar.<\/p>\n<div id=\"attachment_52537\" style=\"width: 459px\" class=\"wp-caption aligncenter\"><a class=\"lightbox\" title=\"Os melhores e piores do Fashion Rio\" href=\"https:\/\/i0.wp.com\/www.agrund.com\/wp-content\/uploads\/2012\/11\/oestudio-1.jpg\"><img aria-describedby=\"caption-attachment-52537\" decoding=\"async\" loading=\"lazy\" class=\"size-full wp-image-52537\" title=\"Os melhores e piores do Fashion Rio\" src=\"https:\/\/i0.wp.com\/www.agrund.com\/wp-content\/uploads\/2012\/11\/oestudio-1.jpg?resize=449%2C674\" alt=\"O Estudio\" width=\"449\" height=\"674\" data-recalc-dims=\"1\" \/><\/a><p id=\"caption-attachment-52537\" class=\"wp-caption-text\">O Estudio<\/p><\/div>\n<div id=\"attachment_52538\" style=\"width: 459px\" class=\"wp-caption aligncenter\"><a class=\"lightbox\" title=\"Os melhores e piores do Fashion Rio\" href=\"https:\/\/i0.wp.com\/www.agrund.com\/wp-content\/uploads\/2012\/11\/oestudio-2.jpg\"><img aria-describedby=\"caption-attachment-52538\" decoding=\"async\" loading=\"lazy\" class=\"size-full wp-image-52538\" title=\"Os melhores e piores do Fashion Rio\" src=\"https:\/\/i0.wp.com\/www.agrund.com\/wp-content\/uploads\/2012\/11\/oestudio-2.jpg?resize=449%2C674\" alt=\"O Estudio\" width=\"449\" height=\"674\" data-recalc-dims=\"1\" \/><\/a><p id=\"caption-attachment-52538\" class=\"wp-caption-text\">O Estudio<\/p><\/div>\n<p>Imagens: Reprodu\u00e7\u00e3o.<\/p>\n","protected":false},"excerpt":{"rendered":"<p>Gente, primeiramente n\u00e3o estou aqui para criticar ningu\u00e9m e sim, respeitar a todos os profissionais que passam meses elaborando pe\u00e7as e desenvolvendo suas cole\u00e7\u00f5es. Mas como tudo na vida horas acertamos, horas n\u00e3o, e alguns looks s\u00e3o completamente dispens\u00e1veis em uma semana de moda, vamos ver? Melhores Herchovitch \u2013 Estampa \u00e9tnica e jogo de cores [&hellip;]<\/p>\n","protected":false},"author":8,"featured_media":52532,"comment_status":"open","ping_status":"open","sticky":false,"template":"","format":"standard","meta":{"jetpack_post_was_ever_published":false,"_jetpack_newsletter_access":"","jetpack_publicize_message":"","jetpack_is_tweetstorm":false,"jetpack_publicize_feature_enabled":true,"jetpack_social_post_already_shared":false,"jetpack_social_options":{"image_generator_settings":{"template":"highway","enabled":false}}},"categories":[6],"tags":[],"jetpack_publicize_connections":[],"jetpack_featured_media_url":"","jetpack_sharing_enabled":true,"jetpack_shortlink":"https:\/\/wp.me\/p3Hz0n-dF9","jetpack_likes_enabled":true,"_links":{"self":[{"href":"https:\/\/agrund.com\/index.php\/wp-json\/wp\/v2\/posts\/52523"}],"collection":[{"href":"https:\/\/agrund.com\/index.php\/wp-json\/wp\/v2\/posts"}],"about":[{"href":"https:\/\/agrund.com\/index.php\/wp-json\/wp\/v2\/types\/post"}],"author":[{"embeddable":true,"href":"https:\/\/agrund.com\/index.php\/wp-json\/wp\/v2\/users\/8"}],"replies":[{"embeddable":true,"href":"https:\/\/agrund.com\/index.php\/wp-json\/wp\/v2\/comments?post=52523"}],"version-history":[{"count":0,"href":"https:\/\/agrund.com\/index.php\/wp-json\/wp\/v2\/posts\/52523\/revisions"}],"wp:featuredmedia":[{"embeddable":true,"href":"https:\/\/agrund.com\/index.php\/wp-json\/"}],"wp:attachment":[{"href":"https:\/\/agrund.com\/index.php\/wp-json\/wp\/v2\/media?parent=52523"}],"wp:term":[{"taxonomy":"category","embeddable":true,"href":"https:\/\/agrund.com\/index.php\/wp-json\/wp\/v2\/categories?post=52523"},{"taxonomy":"post_tag","embeddable":true,"href":"https:\/\/agrund.com\/index.php\/wp-json\/wp\/v2\/tags?post=52523"}],"curies":[{"name":"wp","href":"https:\/\/api.w.org\/{rel}","templated":true}]}}