{"id":51583,"date":"2012-11-05T21:30:48","date_gmt":"2012-11-05T23:30:48","guid":{"rendered":"http:\/\/www.agrund.com\/?p=51583"},"modified":"2012-11-05T21:30:48","modified_gmt":"2012-11-05T23:30:48","slug":"preview-alto-verao-2013-da-daslu","status":"publish","type":"post","link":"https:\/\/agrund.com\/index.php\/preview-alto-verao-2013-da-daslu\/","title":{"rendered":"Preview Alto Ver\u00e3o 2013 da Daslu"},"content":{"rendered":"<p>A Daslu divulgou um preview de como ser\u00e1 sua cole\u00e7\u00e3o alto ver\u00e3o 2013 masculina. Suas camisas e palet\u00f3s ganharam uma cartela de cores clara mesclando aos tons past\u00e9is. Os shorts ganharam uma estampa super tropical e bem brasileira desenvolvida pelo designer Attilio Baschera. E por fim, n\u00e3o podemos deixar de fora as camisas p\u00f3los que aparecem tanto lisas como listradas.<\/p>\n<div id=\"attachment_51588\" style=\"width: 510px\" class=\"wp-caption aligncenter\"><a class=\"lightbox\" title=\"Preview Alto Ver\u00e3o 2013 da Daslu\" href=\"https:\/\/i0.wp.com\/www.agrund.com\/wp-content\/uploads\/2012\/11\/preview-alto-verao-2013-da-daslu-5.jpg\"><img aria-describedby=\"caption-attachment-51588\" decoding=\"async\" loading=\"lazy\" class=\"size-full wp-image-51588\" title=\"Preview Alto Ver\u00e3o 2013 da Daslu\" src=\"https:\/\/i0.wp.com\/www.agrund.com\/wp-content\/uploads\/2012\/11\/preview-alto-verao-2013-da-daslu-5.jpg?resize=500%2C750\" alt=\"Preview Alto Ver\u00e3o 2013 da Daslu\" width=\"500\" height=\"750\" data-recalc-dims=\"1\" \/><\/a><p id=\"caption-attachment-51588\" class=\"wp-caption-text\">Preview Alto Ver\u00e3o 2013 da Daslu<\/p><\/div>\n<div id=\"attachment_51587\" style=\"width: 510px\" class=\"wp-caption aligncenter\"><a class=\"lightbox\" title=\"Preview Alto Ver\u00e3o 2013 da Daslu\" href=\"https:\/\/i0.wp.com\/www.agrund.com\/wp-content\/uploads\/2012\/11\/preview-alto-verao-2013-da-daslu-4.jpg\"><img aria-describedby=\"caption-attachment-51587\" decoding=\"async\" loading=\"lazy\" class=\"size-full wp-image-51587\" title=\"Preview Alto Ver\u00e3o 2013 da Daslu\" src=\"https:\/\/i0.wp.com\/www.agrund.com\/wp-content\/uploads\/2012\/11\/preview-alto-verao-2013-da-daslu-4.jpg?resize=500%2C750\" alt=\"Preview Alto Ver\u00e3o 2013 da Daslu\" width=\"500\" height=\"750\" data-recalc-dims=\"1\" \/><\/a><p id=\"caption-attachment-51587\" class=\"wp-caption-text\">Preview Alto Ver\u00e3o 2013 da Daslu<\/p><\/div>\n<div id=\"attachment_51586\" style=\"width: 510px\" class=\"wp-caption aligncenter\"><a class=\"lightbox\" title=\"Preview Alto Ver\u00e3o 2013 da Daslu\" href=\"https:\/\/i0.wp.com\/www.agrund.com\/wp-content\/uploads\/2012\/11\/preview-alto-verao-2013-da-daslu-3.jpg\"><img aria-describedby=\"caption-attachment-51586\" decoding=\"async\" loading=\"lazy\" class=\"size-full wp-image-51586\" title=\"Preview Alto Ver\u00e3o 2013 da Daslu\" src=\"https:\/\/i0.wp.com\/www.agrund.com\/wp-content\/uploads\/2012\/11\/preview-alto-verao-2013-da-daslu-3.jpg?resize=500%2C750\" alt=\"Preview Alto Ver\u00e3o 2013 da Daslu\" width=\"500\" height=\"750\" data-recalc-dims=\"1\" \/><\/a><p id=\"caption-attachment-51586\" class=\"wp-caption-text\">Preview Alto Ver\u00e3o 2013 da Daslu<\/p><\/div>\n<div id=\"attachment_51585\" style=\"width: 510px\" class=\"wp-caption aligncenter\"><a class=\"lightbox\" title=\"Preview Alto Ver\u00e3o 2013 da Daslu\" href=\"https:\/\/i0.wp.com\/www.agrund.com\/wp-content\/uploads\/2012\/11\/preview-alto-verao-2013-da-daslu-2.jpg\"><img aria-describedby=\"caption-attachment-51585\" decoding=\"async\" loading=\"lazy\" class=\"size-full wp-image-51585\" title=\"Preview Alto Ver\u00e3o 2013 da Daslu\" src=\"https:\/\/i0.wp.com\/www.agrund.com\/wp-content\/uploads\/2012\/11\/preview-alto-verao-2013-da-daslu-2.jpg?resize=500%2C750\" alt=\"Preview Alto Ver\u00e3o 2013 da Daslu\" width=\"500\" height=\"750\" data-recalc-dims=\"1\" \/><\/a><p id=\"caption-attachment-51585\" class=\"wp-caption-text\">Preview Alto Ver\u00e3o 2013 da Daslu<\/p><\/div>\n<div id=\"attachment_51584\" style=\"width: 510px\" class=\"wp-caption aligncenter\"><a class=\"lightbox\" title=\"Preview Alto Ver\u00e3o 2013 da Daslu\" href=\"https:\/\/i0.wp.com\/www.agrund.com\/wp-content\/uploads\/2012\/11\/preview-alto-verao-2013-da-daslu-1.jpg\"><img aria-describedby=\"caption-attachment-51584\" decoding=\"async\" loading=\"lazy\" class=\"size-full wp-image-51584\" title=\"Preview Alto Ver\u00e3o 2013 da Daslu\" src=\"https:\/\/i0.wp.com\/www.agrund.com\/wp-content\/uploads\/2012\/11\/preview-alto-verao-2013-da-daslu-1.jpg?resize=500%2C750\" alt=\"Preview Alto Ver\u00e3o 2013 da Daslu\" width=\"500\" height=\"750\" data-recalc-dims=\"1\" \/><\/a><p id=\"caption-attachment-51584\" class=\"wp-caption-text\">Preview Alto Ver\u00e3o 2013 da Daslu<\/p><\/div>\n<p><span style=\"color: #0c0c0c;font-size: medium\">Imagens: Reprodu\u00e7\u00e3o.<\/span><\/p>\n","protected":false},"excerpt":{"rendered":"<p>A Daslu divulgou um preview de como ser\u00e1 sua cole\u00e7\u00e3o alto ver\u00e3o 2013 masculina. Suas camisas e palet\u00f3s ganharam uma cartela de cores clara mesclando aos tons past\u00e9is. Os shorts ganharam uma estampa super tropical e bem brasileira desenvolvida pelo designer Attilio Baschera. E por fim, n\u00e3o podemos deixar de fora as camisas p\u00f3los que [&hellip;]<\/p>\n","protected":false},"author":8,"featured_media":51589,"comment_status":"open","ping_status":"open","sticky":false,"template":"","format":"standard","meta":{"jetpack_post_was_ever_published":false,"_jetpack_newsletter_access":"","jetpack_publicize_message":"","jetpack_is_tweetstorm":false,"jetpack_publicize_feature_enabled":true,"jetpack_social_post_already_shared":false,"jetpack_social_options":{"image_generator_settings":{"template":"highway","enabled":false}}},"categories":[6],"tags":[],"jetpack_publicize_connections":[],"jetpack_featured_media_url":"","jetpack_sharing_enabled":true,"jetpack_shortlink":"https:\/\/wp.me\/p3Hz0n-dpZ","jetpack_likes_enabled":true,"_links":{"self":[{"href":"https:\/\/agrund.com\/index.php\/wp-json\/wp\/v2\/posts\/51583"}],"collection":[{"href":"https:\/\/agrund.com\/index.php\/wp-json\/wp\/v2\/posts"}],"about":[{"href":"https:\/\/agrund.com\/index.php\/wp-json\/wp\/v2\/types\/post"}],"author":[{"embeddable":true,"href":"https:\/\/agrund.com\/index.php\/wp-json\/wp\/v2\/users\/8"}],"replies":[{"embeddable":true,"href":"https:\/\/agrund.com\/index.php\/wp-json\/wp\/v2\/comments?post=51583"}],"version-history":[{"count":0,"href":"https:\/\/agrund.com\/index.php\/wp-json\/wp\/v2\/posts\/51583\/revisions"}],"wp:featuredmedia":[{"embeddable":true,"href":"https:\/\/agrund.com\/index.php\/wp-json\/"}],"wp:attachment":[{"href":"https:\/\/agrund.com\/index.php\/wp-json\/wp\/v2\/media?parent=51583"}],"wp:term":[{"taxonomy":"category","embeddable":true,"href":"https:\/\/agrund.com\/index.php\/wp-json\/wp\/v2\/categories?post=51583"},{"taxonomy":"post_tag","embeddable":true,"href":"https:\/\/agrund.com\/index.php\/wp-json\/wp\/v2\/tags?post=51583"}],"curies":[{"name":"wp","href":"https:\/\/api.w.org\/{rel}","templated":true}]}}