{"id":51421,"date":"2012-11-05T10:00:33","date_gmt":"2012-11-05T12:00:33","guid":{"rendered":"http:\/\/www.agrund.com\/?p=51421"},"modified":"2012-11-05T10:00:33","modified_gmt":"2012-11-05T12:00:33","slug":"vamos-ver-o-que-apareceu-na-sp-fashion-week","status":"publish","type":"post","link":"https:\/\/agrund.com\/index.php\/vamos-ver-o-que-apareceu-na-sp-fashion-week\/","title":{"rendered":"Vamos ver o que apareceu na SP Fashion Week"},"content":{"rendered":"<p>Vamos ao que interessa: moda masculina! Quatro marcas apresentaram cole\u00e7\u00f5es para homens e os resultados foram looks bem interessantes. Como n\u00e3o podia ser diferente, j\u00e1 fiquei de olho em alguns para meu closet .Rsss<\/p>\n<p>Alfaiataria Jo\u00e3o Pimenta<br \/>\nA atmosfera do desfile era a d\u00e9cada de 30, onde foi retratado o t\u00edpico malandro da \u00e9poca. A alfaiataria contempor\u00e2nea tinha os palet\u00f3s presentes com cortes precisos e extremamente bem acabados. O estilista soube como ningu\u00e9m fazer um belo mix de texturas e uma cartela de cores que era uma del\u00edcia de se ver. Caquis, vinhos e rosados se misturavam aos tecidos como linho, veludo, couro e sarja. Nem adianta ficar de olho no terninho preto de Po\u00e1 mostarda, ele j\u00e1 \u00e9 meu! rss<\/p>\n<div id=\"attachment_51422\" style=\"width: 459px\" class=\"wp-caption aligncenter\"><a class=\"lightbox\" title=\"JO\u00ccO PIMENTA - SPFW Inverno 2013\" href=\"https:\/\/i0.wp.com\/www.agrund.com\/wp-content\/uploads\/2012\/11\/joao-pimenta-1.jpg\"><img aria-describedby=\"caption-attachment-51422\" decoding=\"async\" loading=\"lazy\" class=\"size-full wp-image-51422\" title=\"JO\u00ccO PIMENTA - SPFW Inverno 2013\" src=\"https:\/\/i0.wp.com\/www.agrund.com\/wp-content\/uploads\/2012\/11\/joao-pimenta-1.jpg?resize=449%2C674\" alt=\"Vamos ver o que apareceu na SP Fashion Week\" width=\"449\" height=\"674\" data-recalc-dims=\"1\" \/><\/a><p id=\"caption-attachment-51422\" class=\"wp-caption-text\">Vamos ver o que apareceu na SP Fashion Week<\/p><\/div>\n<div id=\"attachment_51424\" style=\"width: 459px\" class=\"wp-caption aligncenter\"><a class=\"lightbox\" title=\"Vamos ver o que apareceu na SP Fashion Week\" href=\"https:\/\/i0.wp.com\/www.agrund.com\/wp-content\/uploads\/2012\/11\/joao-pimenta-3.jpg\"><img aria-describedby=\"caption-attachment-51424\" decoding=\"async\" loading=\"lazy\" class=\"size-full wp-image-51424\" title=\"Vamos ver o que apareceu na SP Fashion Week\" src=\"https:\/\/i0.wp.com\/www.agrund.com\/wp-content\/uploads\/2012\/11\/joao-pimenta-3.jpg?resize=449%2C674\" alt=\"Vamos ver o que apareceu na SP Fashion Week\" width=\"449\" height=\"674\" data-recalc-dims=\"1\" \/><\/a><p id=\"caption-attachment-51424\" class=\"wp-caption-text\">Vamos ver o que apareceu na SP Fashion Week<\/p><\/div>\n<div id=\"attachment_51423\" style=\"width: 459px\" class=\"wp-caption aligncenter\"><a class=\"lightbox\" title=\"Vamos ver o que apareceu na SP Fashion Week\" href=\"https:\/\/i0.wp.com\/www.agrund.com\/wp-content\/uploads\/2012\/11\/joao-pimenta-2.jpg\"><img aria-describedby=\"caption-attachment-51423\" decoding=\"async\" loading=\"lazy\" class=\"size-full wp-image-51423\" title=\"Vamos ver o que apareceu na SP Fashion Week\" src=\"https:\/\/i0.wp.com\/www.agrund.com\/wp-content\/uploads\/2012\/11\/joao-pimenta-2.jpg?resize=449%2C674\" alt=\"Vamos ver o que apareceu na SP Fashion Week\" width=\"449\" height=\"674\" data-recalc-dims=\"1\" \/><\/a><p id=\"caption-attachment-51423\" class=\"wp-caption-text\">Vamos ver o que apareceu na SP Fashion Week<\/p><\/div>\n<p>Militarismo Ellus<br \/>\nO batalh\u00e3o da Ellus veio para colocar ordem em seu inverno 2013. A cartela era bem s\u00f3bria como preto grafite e sutis pinceladas de cores como azul e verde c\u00edtrico. As roupas tinham forte tend\u00eancia militar, forte at\u00e9 demais! Aten\u00e7\u00e3o especial ao sobretudo no melhor estilo da Legi\u00e3o Francesa. Uma dica para quem gosta de seguir tend\u00eancias: cuidado para n\u00e3o sair fantasiado de soldado, misture sempre as pe\u00e7as!<\/p>\n<div id=\"attachment_51426\" style=\"width: 457px\" class=\"wp-caption aligncenter\"><a class=\"lightbox\" title=\"Vamos ver o que apareceu na SP Fashion Week\" href=\"https:\/\/i0.wp.com\/www.agrund.com\/wp-content\/uploads\/2012\/11\/ellus-2.jpg\"><img aria-describedby=\"caption-attachment-51426\" decoding=\"async\" loading=\"lazy\" class=\"size-full wp-image-51426\" title=\"Vamos ver o que apareceu na SP Fashion Week\" src=\"https:\/\/i0.wp.com\/www.agrund.com\/wp-content\/uploads\/2012\/11\/ellus-2.jpg?resize=447%2C674\" alt=\"Vamos ver o que apareceu na SP Fashion Week\" width=\"447\" height=\"674\" data-recalc-dims=\"1\" \/><\/a><p id=\"caption-attachment-51426\" class=\"wp-caption-text\">Vamos ver o que apareceu na SP Fashion Week<\/p><\/div>\n<div id=\"attachment_51427\" style=\"width: 457px\" class=\"wp-caption aligncenter\"><a class=\"lightbox\" title=\"Vamos ver o que apareceu na SP Fashion Week\" href=\"https:\/\/i0.wp.com\/www.agrund.com\/wp-content\/uploads\/2012\/11\/ellus-3.jpg\"><img aria-describedby=\"caption-attachment-51427\" decoding=\"async\" loading=\"lazy\" class=\"size-full wp-image-51427\" title=\"Vamos ver o que apareceu na SP Fashion Week\" src=\"https:\/\/i0.wp.com\/www.agrund.com\/wp-content\/uploads\/2012\/11\/ellus-3.jpg?resize=447%2C674\" alt=\"Vamos ver o que apareceu na SP Fashion Week\" width=\"447\" height=\"674\" data-recalc-dims=\"1\" \/><\/a><p id=\"caption-attachment-51427\" class=\"wp-caption-text\">Vamos ver o que apareceu na SP Fashion Week<\/p><\/div>\n<div id=\"attachment_51428\" style=\"width: 457px\" class=\"wp-caption aligncenter\"><a class=\"lightbox\" title=\"Vamos ver o que apareceu na SP Fashion Week\" href=\"https:\/\/i0.wp.com\/www.agrund.com\/wp-content\/uploads\/2012\/11\/ellus-4.jpg\"><img aria-describedby=\"caption-attachment-51428\" decoding=\"async\" loading=\"lazy\" class=\"size-full wp-image-51428\" title=\"Vamos ver o que apareceu na SP Fashion Week\" src=\"https:\/\/i0.wp.com\/www.agrund.com\/wp-content\/uploads\/2012\/11\/ellus-4.jpg?resize=447%2C674\" alt=\"Vamos ver o que apareceu na SP Fashion Week\" width=\"447\" height=\"674\" data-recalc-dims=\"1\" \/><\/a><p id=\"caption-attachment-51428\" class=\"wp-caption-text\">Vamos ver o que apareceu na SP Fashion Week<\/p><\/div>\n<p>HI -Low Colcci<br \/>\nA marca veio trazer a riqueza ao ambiente urbano. O jeans se misturou ao couro, que por sua vez criou looks com tecidos de diferentes texturas e caimento. O arabesco impresso nas roupas e o jacquard, que \u00e9 uma tend\u00eancia fort\u00edssima para esse inverno, apareceram de forma bem elegante. A cartela remeteu ao ambiente militar com tons de verde, preto, caf\u00e9 e vinho mostrando que o militarismo j\u00e1 virou um cl\u00e1ssico. Gostei!<\/p>\n<div id=\"attachment_51431\" style=\"width: 457px\" class=\"wp-caption aligncenter\"><a class=\"lightbox\" title=\"Vamos ver o que apareceu na SP Fashion Week\" href=\"https:\/\/i0.wp.com\/www.agrund.com\/wp-content\/uploads\/2012\/11\/colcci-3.jpg\"><img aria-describedby=\"caption-attachment-51431\" decoding=\"async\" loading=\"lazy\" class=\"size-full wp-image-51431\" title=\"Vamos ver o que apareceu na SP Fashion Week\" src=\"https:\/\/i0.wp.com\/www.agrund.com\/wp-content\/uploads\/2012\/11\/colcci-3.jpg?resize=447%2C674\" alt=\"Vamos ver o que apareceu na SP Fashion Week\" width=\"447\" height=\"674\" data-recalc-dims=\"1\" \/><\/a><p id=\"caption-attachment-51431\" class=\"wp-caption-text\">Vamos ver o que apareceu na SP Fashion Week<\/p><\/div>\n<div id=\"attachment_51430\" style=\"width: 457px\" class=\"wp-caption aligncenter\"><a class=\"lightbox\" title=\"Vamos ver o que apareceu na SP Fashion Week\" href=\"https:\/\/i0.wp.com\/www.agrund.com\/wp-content\/uploads\/2012\/11\/colcci-2.jpg\"><img aria-describedby=\"caption-attachment-51430\" decoding=\"async\" loading=\"lazy\" class=\"size-full wp-image-51430\" title=\"Vamos ver o que apareceu na SP Fashion Week\" src=\"https:\/\/i0.wp.com\/www.agrund.com\/wp-content\/uploads\/2012\/11\/colcci-2.jpg?resize=447%2C674\" alt=\"Vamos ver o que apareceu na SP Fashion Week\" width=\"447\" height=\"674\" data-recalc-dims=\"1\" \/><\/a><p id=\"caption-attachment-51430\" class=\"wp-caption-text\">Vamos ver o que apareceu na SP Fashion Week<\/p><\/div>\n<div id=\"attachment_51429\" style=\"width: 457px\" class=\"wp-caption aligncenter\"><a class=\"lightbox\" title=\"Vamos ver o que apareceu na SP Fashion Week\" href=\"https:\/\/i0.wp.com\/www.agrund.com\/wp-content\/uploads\/2012\/11\/colcci-1.jpg\"><img aria-describedby=\"caption-attachment-51429\" decoding=\"async\" loading=\"lazy\" class=\"size-full wp-image-51429\" title=\"Vamos ver o que apareceu na SP Fashion Week\" src=\"https:\/\/i0.wp.com\/www.agrund.com\/wp-content\/uploads\/2012\/11\/colcci-1.jpg?resize=447%2C674\" alt=\"Vamos ver o que apareceu na SP Fashion Week\" width=\"447\" height=\"674\" data-recalc-dims=\"1\" \/><\/a><p id=\"caption-attachment-51429\" class=\"wp-caption-text\">Vamos ver o que apareceu na SP Fashion Week<\/p><\/div>\n<p>Sportswear Osklen<br \/>\nCom formas minimalistas e shapes alinhados, caracter\u00edstica da moda esportiva, o desfile de Oskar Metsavaht soou um prel\u00fadio \u00e0 natureza dando o pontap\u00e9 inicial no primeiro dia de evento. As roupas abusaram de tecidos como camur\u00e7a, tricot e couro, mas o que me chamou aten\u00e7\u00e3o foram as cal\u00e7as de alfaiataria feitas de neoprene e jacquard em motivo navajo. Os tons predominantes foram preto, branco gelo e vermelho sangue, que caracterizaram uma linguagem semi\u00f3tica o sangue de animais primitivos e a era glacial da Patag\u00f4nia. Amei!<\/p>\n<div id=\"attachment_51434\" style=\"width: 459px\" class=\"wp-caption aligncenter\"><a class=\"lightbox\" title=\"Vamos ver o que apareceu na SP Fashion Week\" href=\"https:\/\/i0.wp.com\/www.agrund.com\/wp-content\/uploads\/2012\/11\/osklen-10.jpg\"><img aria-describedby=\"caption-attachment-51434\" decoding=\"async\" loading=\"lazy\" class=\"size-full wp-image-51434\" title=\"Vamos ver o que apareceu na SP Fashion Week\" src=\"https:\/\/i0.wp.com\/www.agrund.com\/wp-content\/uploads\/2012\/11\/osklen-10.jpg?resize=449%2C674\" alt=\"Vamos ver o que apareceu na SP Fashion Week\" width=\"449\" height=\"674\" data-recalc-dims=\"1\" \/><\/a><p id=\"caption-attachment-51434\" class=\"wp-caption-text\">Vamos ver o que apareceu na SP Fashion Week<\/p><\/div>\n<div id=\"attachment_51433\" style=\"width: 459px\" class=\"wp-caption aligncenter\"><a class=\"lightbox\" title=\"Vamos ver o que apareceu na SP Fashion Week\" href=\"https:\/\/i0.wp.com\/www.agrund.com\/wp-content\/uploads\/2012\/11\/osklen-121.jpg\"><img aria-describedby=\"caption-attachment-51433\" decoding=\"async\" loading=\"lazy\" class=\"size-full wp-image-51433\" title=\"Vamos ver o que apareceu na SP Fashion Week\" src=\"https:\/\/i0.wp.com\/www.agrund.com\/wp-content\/uploads\/2012\/11\/osklen-121.jpg?resize=449%2C674\" alt=\"Vamos ver o que apareceu na SP Fashion Week\" width=\"449\" height=\"674\" data-recalc-dims=\"1\" \/><\/a><p id=\"caption-attachment-51433\" class=\"wp-caption-text\">Vamos ver o que apareceu na SP Fashion Week<\/p><\/div>\n<div id=\"attachment_51432\" style=\"width: 459px\" class=\"wp-caption aligncenter\"><a class=\"lightbox\" title=\"Vamos ver o que apareceu na SP Fashion Week\" href=\"https:\/\/i0.wp.com\/www.agrund.com\/wp-content\/uploads\/2012\/11\/osklen-11.jpg\"><img aria-describedby=\"caption-attachment-51432\" decoding=\"async\" loading=\"lazy\" class=\"size-full wp-image-51432\" title=\"Vamos ver o que apareceu na SP Fashion Week\" src=\"https:\/\/i0.wp.com\/www.agrund.com\/wp-content\/uploads\/2012\/11\/osklen-11.jpg?resize=449%2C674\" alt=\"Vamos ver o que apareceu na SP Fashion Week\" width=\"449\" height=\"674\" data-recalc-dims=\"1\" \/><\/a><p id=\"caption-attachment-51432\" class=\"wp-caption-text\">Vamos ver o que apareceu na SP Fashion Week<\/p><\/div>\n<p>Imagens: Reprodu\u00e7\u00e3o.<\/p>\n","protected":false},"excerpt":{"rendered":"<p>Vamos ao que interessa: moda masculina! Quatro marcas apresentaram cole\u00e7\u00f5es para homens e os resultados foram looks bem interessantes. Como n\u00e3o podia ser diferente, j\u00e1 fiquei de olho em alguns para meu closet .Rsss Alfaiataria Jo\u00e3o Pimenta A atmosfera do desfile era a d\u00e9cada de 30, onde foi retratado o t\u00edpico malandro da \u00e9poca. A [&hellip;]<\/p>\n","protected":false},"author":8,"featured_media":51435,"comment_status":"open","ping_status":"open","sticky":false,"template":"","format":"standard","meta":{"jetpack_post_was_ever_published":false,"_jetpack_newsletter_access":"","jetpack_publicize_message":"","jetpack_is_tweetstorm":false,"jetpack_publicize_feature_enabled":true,"jetpack_social_post_already_shared":false,"jetpack_social_options":{"image_generator_settings":{"template":"highway","enabled":false}}},"categories":[6],"tags":[],"jetpack_publicize_connections":[],"jetpack_featured_media_url":"","jetpack_sharing_enabled":true,"jetpack_shortlink":"https:\/\/wp.me\/p3Hz0n-dnn","jetpack_likes_enabled":true,"_links":{"self":[{"href":"https:\/\/agrund.com\/index.php\/wp-json\/wp\/v2\/posts\/51421"}],"collection":[{"href":"https:\/\/agrund.com\/index.php\/wp-json\/wp\/v2\/posts"}],"about":[{"href":"https:\/\/agrund.com\/index.php\/wp-json\/wp\/v2\/types\/post"}],"author":[{"embeddable":true,"href":"https:\/\/agrund.com\/index.php\/wp-json\/wp\/v2\/users\/8"}],"replies":[{"embeddable":true,"href":"https:\/\/agrund.com\/index.php\/wp-json\/wp\/v2\/comments?post=51421"}],"version-history":[{"count":0,"href":"https:\/\/agrund.com\/index.php\/wp-json\/wp\/v2\/posts\/51421\/revisions"}],"wp:featuredmedia":[{"embeddable":true,"href":"https:\/\/agrund.com\/index.php\/wp-json\/"}],"wp:attachment":[{"href":"https:\/\/agrund.com\/index.php\/wp-json\/wp\/v2\/media?parent=51421"}],"wp:term":[{"taxonomy":"category","embeddable":true,"href":"https:\/\/agrund.com\/index.php\/wp-json\/wp\/v2\/categories?post=51421"},{"taxonomy":"post_tag","embeddable":true,"href":"https:\/\/agrund.com\/index.php\/wp-json\/wp\/v2\/tags?post=51421"}],"curies":[{"name":"wp","href":"https:\/\/api.w.org\/{rel}","templated":true}]}}