{"id":510,"date":"2010-09-20T08:00:59","date_gmt":"2010-09-20T11:00:59","guid":{"rendered":"http:\/\/www.agrund.com\/blogs\/notas\/?p=510"},"modified":"2010-09-20T08:00:59","modified_gmt":"2010-09-20T11:00:59","slug":"fast-fashion","status":"publish","type":"post","link":"https:\/\/agrund.com\/index.php\/fast-fashion\/","title":{"rendered":"Fast Fashion"},"content":{"rendered":"<p><a href=\"http:\/\/www.agrund.com\/fast-fashion\/\"><img decoding=\"async\" loading=\"lazy\" class=\"size-thumbnail wp-image-517 alignleft\" title=\"Picture 25\" src=\"https:\/\/i0.wp.com\/www.agrund.com\/arquivo\/notas\/files\/2010\/09\/Picture-25-150x150.png?resize=150%2C150\" alt=\"\" width=\"150\" height=\"150\" data-recalc-dims=\"1\" \/><\/a>O sistema da moda gira mais r\u00e1pido do que podemos acompanhar, e o tal <strong><em>Fast Fashion<\/em><\/strong> encontra a\u00ed o seu lugar para brilhar. O termo (que em portugu\u00eas significa moda r\u00e1pida) tem seu sistema bem simples \u2013 roupas feitas rapidamente, para r\u00e1pida digest\u00e3o e r\u00e1pido consumo.<\/p>\n<p>Em compara\u00e7\u00e3o com a Europa e os EUA, esse modelo ainda \u00e9 novo. As primeiras grandes lojas que\u00a0 foram trazidas para solos brasileiras, como o Mappin e a Mesbla podem ter sido o in\u00edcio do que vemos de Fast Fashion no pa\u00eds. Somente depois que marcas, como a Zara, vieram para c\u00e1, que marcas como a C&amp;A e a Renner perceberam que precisavam apurar sua vis\u00e3o de moda, e se inspirar ainda mais no Fast Fashion europeu. Continuaram com suas pe\u00e7as a pre\u00e7os acess\u00edveis, mas com uma rotatividade maior e com um olhar mais fashion e mais focado nas tend\u00eancias.<!--more--><\/p>\n<p><img decoding=\"async\" loading=\"lazy\" class=\"aligncenter size-full wp-image-511\" title=\"Picture 23\" src=\"\/wp-content\/uploads\/2010\/09\/Picture-23.png\" alt=\"\" width=\"451\" height=\"306\" \/><\/p>\n<p style=\"text-align: center\"><span style=\"color: #888888\">cr\u00e9ditos:\u00a0 www.businessweek.com<\/span><\/p>\n<p style=\"text-align: justify\">A Riachuelo, a Renner e a Zara colocam pe\u00e7as novas em suas lojas de 15 em 15 dias. A Espa\u00e7o Fashion troca sua vitrine toda semana, assim como as europ\u00e9ias H&amp;M e Topshop.\u00a0 Parcerias de sucesso causam furor entre os fashionistas e democratizam a moda, pe\u00e7as de estilistas como Rodarte, Mathew Williamson e aqui no Brasil Reinaldo Louren\u00e7o ou Alexandre Herchcovitch atra\u00edram consumidores que antes n\u00e3o tinham acesso \u00e0s suas pe\u00e7as.<\/p>\n<p style=\"text-align: justify\">Parece perfeito, n\u00e9? Pe\u00e7as de grandes estilistas, a pre\u00e7os baixos e que chegam rapidamente nas lojas. Para as marcas, a situa\u00e7\u00e3o tamb\u00e9m s\u00f3 v\u00ea melhorias: mais desejo de consumo dos clientes, que passam a entrar mais vezes nas lojas atr\u00e1s de novidades e muito mais \u201cconsumo impulsivo\u201d.<\/p>\n<p><img decoding=\"async\" loading=\"lazy\" class=\"aligncenter size-full wp-image-512\" title=\"Picture 24\" src=\"\/wp-content\/uploads\/2010\/09\/Picture-24.png\" alt=\"\" width=\"426\" height=\"334\" \/><\/p>\n<p style=\"text-align: justify\">Mas com a quest\u00e3o da sustentabilidade e com\u00e9rcio justo tamb\u00e9m em alta, ainda restam muitas d\u00favidas sobre o futuro do fast fashion. Com a r\u00e1pida rotatividade das pe\u00e7as, consumimos tudo muito r\u00e1pido e as roupas viram algo quase que descart\u00e1vel. Ser\u00e1 que esse \u00e9 o melhor caminho? Nossa dica \u00e9: invista mais em pe\u00e7as chaves e atemporais, que mesmo com um pre\u00e7o um pouco mais alto ir\u00e3o durar a vida toda. E corra para as grandes magazines atr\u00e1s de algumas novidades que voc\u00ea j\u00e1 estava de olho.<\/p>\n<p style=\"text-align: justify\">\n","protected":false},"excerpt":{"rendered":"<p>O sistema da moda gira mais r\u00e1pido do que podemos acompanhar, e o tal Fast Fashion encontra a\u00ed o seu lugar para brilhar. O termo (que em portugu\u00eas significa moda r\u00e1pida) tem seu sistema bem simples \u2013 roupas feitas rapidamente, para r\u00e1pida digest\u00e3o e r\u00e1pido consumo. Em compara\u00e7\u00e3o com a Europa e os EUA, esse [&hellip;]<\/p>\n","protected":false},"author":8,"featured_media":517,"comment_status":"open","ping_status":"open","sticky":false,"template":"","format":"standard","meta":{"jetpack_post_was_ever_published":false,"_jetpack_newsletter_access":"","jetpack_publicize_message":"","jetpack_is_tweetstorm":false,"jetpack_publicize_feature_enabled":true,"jetpack_social_post_already_shared":false,"jetpack_social_options":{"image_generator_settings":{"template":"highway","enabled":false}}},"categories":[2],"tags":[],"jetpack_publicize_connections":[],"jetpack_featured_media_url":"","jetpack_sharing_enabled":true,"jetpack_shortlink":"https:\/\/wp.me\/p3Hz0n-8e","jetpack_likes_enabled":true,"_links":{"self":[{"href":"https:\/\/agrund.com\/index.php\/wp-json\/wp\/v2\/posts\/510"}],"collection":[{"href":"https:\/\/agrund.com\/index.php\/wp-json\/wp\/v2\/posts"}],"about":[{"href":"https:\/\/agrund.com\/index.php\/wp-json\/wp\/v2\/types\/post"}],"author":[{"embeddable":true,"href":"https:\/\/agrund.com\/index.php\/wp-json\/wp\/v2\/users\/8"}],"replies":[{"embeddable":true,"href":"https:\/\/agrund.com\/index.php\/wp-json\/wp\/v2\/comments?post=510"}],"version-history":[{"count":0,"href":"https:\/\/agrund.com\/index.php\/wp-json\/wp\/v2\/posts\/510\/revisions"}],"wp:featuredmedia":[{"embeddable":true,"href":"https:\/\/agrund.com\/index.php\/wp-json\/"}],"wp:attachment":[{"href":"https:\/\/agrund.com\/index.php\/wp-json\/wp\/v2\/media?parent=510"}],"wp:term":[{"taxonomy":"category","embeddable":true,"href":"https:\/\/agrund.com\/index.php\/wp-json\/wp\/v2\/categories?post=510"},{"taxonomy":"post_tag","embeddable":true,"href":"https:\/\/agrund.com\/index.php\/wp-json\/wp\/v2\/tags?post=510"}],"curies":[{"name":"wp","href":"https:\/\/api.w.org\/{rel}","templated":true}]}}